{"id":5331,"date":"2024-02-22T08:17:52","date_gmt":"2024-02-22T11:17:52","guid":{"rendered":"http:\/\/cultura.sma.gob.ar\/?p=5331"},"modified":"2024-02-22T08:17:52","modified_gmt":"2024-02-22T11:17:52","slug":"inicia-el-ano-escolar-en-la-asociacion-italiana-de-san-martin-de-los-andes","status":"publish","type":"post","link":"https:\/\/cultura.sma.gob.ar\/?p=5331","title":{"rendered":"Inicia el a\u00f1o escolar en la Asociaci\u00f3n Italiana de San Mart\u00edn de los Andes"},"content":{"rendered":"\n<figure class=\"wp-block-image size-large\"><img loading=\"lazy\" decoding=\"async\" width=\"860\" height=\"647\" src=\"https:\/\/cultura.sma.gob.ar\/wp-content\/uploads\/2024\/02\/WhatsApp-Image-2024-02-22-at-7.23.21-AM.jpeg\" alt=\"\" class=\"wp-image-5332\" srcset=\"https:\/\/cultura.sma.gob.ar\/wp-content\/uploads\/2024\/02\/WhatsApp-Image-2024-02-22-at-7.23.21-AM.jpeg 860w, https:\/\/cultura.sma.gob.ar\/wp-content\/uploads\/2024\/02\/WhatsApp-Image-2024-02-22-at-7.23.21-AM-300x226.jpeg 300w, https:\/\/cultura.sma.gob.ar\/wp-content\/uploads\/2024\/02\/WhatsApp-Image-2024-02-22-at-7.23.21-AM-768x578.jpeg 768w, https:\/\/cultura.sma.gob.ar\/wp-content\/uploads\/2024\/02\/WhatsApp-Image-2024-02-22-at-7.23.21-AM-120x90.jpeg 120w\" sizes=\"auto, (max-width: 860px) 100vw, 860px\" \/><\/figure>\n","protected":false},"excerpt":{"rendered":"<p> <a href=\"https:\/\/cultura.sma.gob.ar\/?p=5331\" class=\"more-link\">Continue reading <span class=\"screen-reader-text\">Inicia el a\u00f1o escolar en la Asociaci\u00f3n Italiana de San Mart\u00edn de los Andes<\/span><\/a><\/p>\n","protected":false},"author":1,"featured_media":297,"comment_status":"closed","ping_status":"","sticky":false,"template":"","format":"image","meta":{"footnotes":""},"categories":[2,9],"tags":[],"class_list":["post-5331","post","type-post","status-publish","format-image","has-post-thumbnail","hentry","category-ciudad-cultural","category-ultimas-noticias","post_format-post-format-image"],"_links":{"self":[{"href":"https:\/\/cultura.sma.gob.ar\/index.php?rest_route=\/wp\/v2\/posts\/5331","targetHints":{"allow":["GET"]}}],"collection":[{"href":"https:\/\/cultura.sma.gob.ar\/index.php?rest_route=\/wp\/v2\/posts"}],"about":[{"href":"https:\/\/cultura.sma.gob.ar\/index.php?rest_route=\/wp\/v2\/types\/post"}],"author":[{"embeddable":true,"href":"https:\/\/cultura.sma.gob.ar\/index.php?rest_route=\/wp\/v2\/users\/1"}],"replies":[{"embeddable":true,"href":"https:\/\/cultura.sma.gob.ar\/index.php?rest_route=%2Fwp%2Fv2%2Fcomments&post=5331"}],"version-history":[{"count":1,"href":"https:\/\/cultura.sma.gob.ar\/index.php?rest_route=\/wp\/v2\/posts\/5331\/revisions"}],"predecessor-version":[{"id":5333,"href":"https:\/\/cultura.sma.gob.ar\/index.php?rest_route=\/wp\/v2\/posts\/5331\/revisions\/5333"}],"wp:featuredmedia":[{"embeddable":true,"href":"https:\/\/cultura.sma.gob.ar\/index.php?rest_route=\/wp\/v2\/media\/297"}],"wp:attachment":[{"href":"https:\/\/cultura.sma.gob.ar\/index.php?rest_route=%2Fwp%2Fv2%2Fmedia&parent=5331"}],"wp:term":[{"taxonomy":"category","embeddable":true,"href":"https:\/\/cultura.sma.gob.ar\/index.php?rest_route=%2Fwp%2Fv2%2Fcategories&post=5331"},{"taxonomy":"post_tag","embeddable":true,"href":"https:\/\/cultura.sma.gob.ar\/index.php?rest_route=%2Fwp%2Fv2%2Ftags&post=5331"}],"curies":[{"name":"wp","href":"https:\/\/api.w.org\/{rel}","templated":true}]}}