{"id":532,"date":"2020-12-04T11:50:00","date_gmt":"2020-12-04T14:50:00","guid":{"rendered":"http:\/\/cultura.sma.gob.ar\/?p=532"},"modified":"2020-12-04T11:48:34","modified_gmt":"2020-12-04T14:48:34","slug":"seamos-editores-14-feria-regional-del-libro","status":"publish","type":"post","link":"https:\/\/cultura.sma.gob.ar\/?p=532","title":{"rendered":"Seamos editores &#8211; Reprogramaci\u00f3n actividad 14\u00b0 Feria Regional del Libro"},"content":{"rendered":"\n<figure class=\"wp-block-image size-large\"><img loading=\"lazy\" decoding=\"async\" width=\"783\" height=\"779\" src=\"http:\/\/cultura.sma.gob.ar\/wp-content\/uploads\/2020\/12\/IMG-20201130-WA0002.jpg\" alt=\"\" class=\"wp-image-851\" srcset=\"https:\/\/cultura.sma.gob.ar\/wp-content\/uploads\/2020\/12\/IMG-20201130-WA0002.jpg 783w, https:\/\/cultura.sma.gob.ar\/wp-content\/uploads\/2020\/12\/IMG-20201130-WA0002-300x298.jpg 300w, https:\/\/cultura.sma.gob.ar\/wp-content\/uploads\/2020\/12\/IMG-20201130-WA0002-150x150.jpg 150w, https:\/\/cultura.sma.gob.ar\/wp-content\/uploads\/2020\/12\/IMG-20201130-WA0002-768x764.jpg 768w, https:\/\/cultura.sma.gob.ar\/wp-content\/uploads\/2020\/12\/IMG-20201130-WA0002-90x90.jpg 90w\" sizes=\"auto, (max-width: 783px) 100vw, 783px\" \/><\/figure>\n\n\n\n<p>Por <strong>Fabiana Tenaglia y Mariano Tenaglia<\/strong><\/p>\n\n\n\n<ul class=\"wp-block-list\"><li>S\u00e1bado 12- 15hs&nbsp; &#8211; En Teatro Piccolo<\/li><\/ul>\n\n\n\n<p>Dirigido a ni\u00f1os\/as de 6 a 10 a\u00f1os<\/p>\n\n\n\n<h4 class=\"wp-block-heading\">Reserv\u00e1 tu lugar escribiendo a <a href=\"mailto:talleres.cultura@smandes.gov.ar\">talleres.cultura@smandes.gov.ar<\/a> o llamando al 424-804<\/h4>\n\n\n\n<p>A trav\u00e9s de una breve obra de teatro y t\u00edteres Mariano y Fabiana Tenaglia contaran una historia relacionada con la importancia del juego y la imaginaci\u00f3n. Despu\u00e9s cada participante tendr\u00e1 la posibilidad de editar su propio libro y realizar las ilustraciones acordes.<\/p>\n\n\n\n<p>Mariano Tenaglia&nbsp; actor, profesor y director de teatro .Creador del espacio de arte y cocina Piccolo y productor de espect\u00e1culos.&nbsp; Fabiana Tenaglia es docente, escritora y guionista, productora de eventos y espect\u00e1culos para ni\u00f1os.<\/p>\n","protected":false},"excerpt":{"rendered":"<p>Actividad con inscripci\u00f3n previa y protocolo sanitario. <a href=\"https:\/\/cultura.sma.gob.ar\/?p=532\" class=\"more-link\">Continue reading <span class=\"screen-reader-text\">Seamos editores &#8211; Reprogramaci\u00f3n actividad 14\u00b0 Feria Regional del Libro<\/span><\/a><\/p>\n","protected":false},"author":1,"featured_media":296,"comment_status":"closed","ping_status":"","sticky":false,"template":"","format":"image","meta":{"footnotes":""},"categories":[3,9],"tags":[],"class_list":["post-532","post","type-post","status-publish","format-image","has-post-thumbnail","hentry","category-eventos-cultura","category-ultimas-noticias","post_format-post-format-image"],"_links":{"self":[{"href":"https:\/\/cultura.sma.gob.ar\/index.php?rest_route=\/wp\/v2\/posts\/532","targetHints":{"allow":["GET"]}}],"collection":[{"href":"https:\/\/cultura.sma.gob.ar\/index.php?rest_route=\/wp\/v2\/posts"}],"about":[{"href":"https:\/\/cultura.sma.gob.ar\/index.php?rest_route=\/wp\/v2\/types\/post"}],"author":[{"embeddable":true,"href":"https:\/\/cultura.sma.gob.ar\/index.php?rest_route=\/wp\/v2\/users\/1"}],"replies":[{"embeddable":true,"href":"https:\/\/cultura.sma.gob.ar\/index.php?rest_route=%2Fwp%2Fv2%2Fcomments&post=532"}],"version-history":[{"count":3,"href":"https:\/\/cultura.sma.gob.ar\/index.php?rest_route=\/wp\/v2\/posts\/532\/revisions"}],"predecessor-version":[{"id":853,"href":"https:\/\/cultura.sma.gob.ar\/index.php?rest_route=\/wp\/v2\/posts\/532\/revisions\/853"}],"wp:featuredmedia":[{"embeddable":true,"href":"https:\/\/cultura.sma.gob.ar\/index.php?rest_route=\/wp\/v2\/media\/296"}],"wp:attachment":[{"href":"https:\/\/cultura.sma.gob.ar\/index.php?rest_route=%2Fwp%2Fv2%2Fmedia&parent=532"}],"wp:term":[{"taxonomy":"category","embeddable":true,"href":"https:\/\/cultura.sma.gob.ar\/index.php?rest_route=%2Fwp%2Fv2%2Fcategories&post=532"},{"taxonomy":"post_tag","embeddable":true,"href":"https:\/\/cultura.sma.gob.ar\/index.php?rest_route=%2Fwp%2Fv2%2Ftags&post=532"}],"curies":[{"name":"wp","href":"https:\/\/api.w.org\/{rel}","templated":true}]}}