{"id":5311,"date":"2024-02-16T09:12:03","date_gmt":"2024-02-16T12:12:03","guid":{"rendered":"http:\/\/cultura.sma.gob.ar\/?p=5311"},"modified":"2024-02-16T09:12:03","modified_gmt":"2024-02-16T12:12:03","slug":"convocatoria-para-artistas-en-la-municipalidad-de-alumine","status":"publish","type":"post","link":"https:\/\/cultura.sma.gob.ar\/?p=5311","title":{"rendered":"Convocatoria para artistas en la Municipalidad de Alumin\u00e9"},"content":{"rendered":"\n<figure class=\"wp-block-image size-large\"><img loading=\"lazy\" decoding=\"async\" width=\"1024\" height=\"1024\" src=\"https:\/\/cultura.sma.gob.ar\/wp-content\/uploads\/2024\/02\/WhatsApp-Image-2024-02-16-at-8.17.42-AM-1024x1024.jpeg\" alt=\"\" class=\"wp-image-5312\" srcset=\"https:\/\/cultura.sma.gob.ar\/wp-content\/uploads\/2024\/02\/WhatsApp-Image-2024-02-16-at-8.17.42-AM-1024x1024.jpeg 1024w, https:\/\/cultura.sma.gob.ar\/wp-content\/uploads\/2024\/02\/WhatsApp-Image-2024-02-16-at-8.17.42-AM-300x300.jpeg 300w, https:\/\/cultura.sma.gob.ar\/wp-content\/uploads\/2024\/02\/WhatsApp-Image-2024-02-16-at-8.17.42-AM-150x150.jpeg 150w, https:\/\/cultura.sma.gob.ar\/wp-content\/uploads\/2024\/02\/WhatsApp-Image-2024-02-16-at-8.17.42-AM-768x768.jpeg 768w, https:\/\/cultura.sma.gob.ar\/wp-content\/uploads\/2024\/02\/WhatsApp-Image-2024-02-16-at-8.17.42-AM-90x90.jpeg 90w, https:\/\/cultura.sma.gob.ar\/wp-content\/uploads\/2024\/02\/WhatsApp-Image-2024-02-16-at-8.17.42-AM.jpeg 1080w\" sizes=\"auto, (max-width: 1024px) 100vw, 1024px\" \/><\/figure>\n\n\n\n<p><strong><em>La Municipalidad de Alumin\u00e9, a trav\u00e9s de la Secretar\u00eda de las Culturas invita a proyectos art\u00edsticos de Alumin\u00e9 y de la Regi\u00f3n Patagonia a postular para participar de la edici\u00f3n N\u00ba 15 de la Fiesta Nacional del Pehu\u00e9n, que se realizar\u00e1 los d\u00edas 28, 29, 30 y 31 de marzo.<\/em><\/strong><\/p>\n\n\n\n<p><strong>BASES Y CONDICIONES<\/strong><\/p>\n\n\n\n<p>Esta convocatoria se dirige a proyectos musicales, conjuntos de baile y manifestaciones art\u00edsticas afines de todo el Departamento de Alumin\u00e9 y la Regi\u00f3n Patagonia, que deseen integrar la programaci\u00f3n art\u00edstica de la #FNP15. El per\u00edodo de postulaciones permanecer\u00e1 abierto desde el 15 hasta el 23 de febrero del presente a\u00f1o. Los proyectos seleccionados se dar\u00e1n a conocer en el mes de marzo.<\/p>\n\n\n\n<p>Entre todas las postulaciones recibidas, se llevar\u00e1 a cabo una cuidadosa selecci\u00f3n de 16 proyectos que se distribuir\u00e1n a lo largo de las tres jornadas de programaci\u00f3n art\u00edstica, programadas para los d\u00edas 29, 30 y 31, en funci\u00f3n de sus g\u00e9neros musicales respectivos. La selecci\u00f3n se llevar\u00e1 a cabo mediante una mesa de trabajo coordinada por instituciones culturales de Alumin\u00e9 comprometidas con la organizaci\u00f3n de la #FNP15, entre las que se encuentran la Asociaci\u00f3n Zomo Piuque Cahuel; la Asociaci\u00f3n Tradicionalista El Cencerro; la Agrupaci\u00f3n Folkl\u00f3rica Flor del Notro; y miembros del equipo de la Municipalidad de Alumin\u00e9, incluyendo a Mar\u00eda \u00d1ancucheo, Directora General de Patrimonio Cultural; Enrique Bravo, Subsecretario de Relaciones Institucionales; y de la Secretar\u00eda de las Culturas Mal\u00e9n Meazza y Aylin Acu\u00f1a.<\/p>\n\n\n\n<p>En el proceso de selecci\u00f3n, se considerar\u00e1n aspectos tales como la trayectoria del proyecto o artista, la afinidad tem\u00e1tica o de g\u00e9nero con la festividad y la viabilidad de facturaci\u00f3n &#8211; <em>los proyectos seleccionados, para poder cobrar, deber\u00e1n contar con un integrante con actividad cultural afin inscripta en AFIP.<\/em> Destacando estos como criterios de vital importancia.<\/p>\n\n\n\n<p>Para los proyectos seleccionados, se cubrir\u00e1n honorarios por la presentaci\u00f3n, cuyos detalles ser\u00e1n definidos individualmente con cada artista. Adem\u00e1s, para aquellos que deban desplazarse a distancias superiores a los 100 km, se contemplar\u00e1n vi\u00e1ticos que incluir\u00e1n gastos de traslado, alojamiento y alimentaci\u00f3n, a convenir en cada caso.<\/p>\n\n\n\n<p>Aquellos proyectos que, en esta edici\u00f3n, no resulten seleccionados, ser\u00e1n incorporados a la Base de Datos de la Secretar\u00eda de las Culturas, quedando as\u00ed considerados para eventos futuros. Este a\u00f1o, contamos tambi\u00e9n con un calendario nutrido de eventos de diferentes envergadura que aportan al desarrollo sociocultural de nuestra localidad y cuya base de datos ser\u00e1\u00a0de utilidad para posteriores convocatorias.<\/p>\n\n\n\n<p>Por consultas comun\u00edcate a culturas@alumine.gob.ar<\/p>\n\n\n\n<p><a href=\"https:\/\/docs.google.com\/forms\/d\/e\/1FAIpQLSdNbXyPe1uHH91-xrdLyKWpmgrnYLX2-lmdaoNeefyfHJODLg\/viewform\">https:\/\/docs.google.com\/forms\/d\/e\/1FAIpQLSdNbXyPe1uHH91-xrdLyKWpmgrnYLX2-lmdaoNeefyfHJODLg\/viewform<\/a><\/p>\n","protected":false},"excerpt":{"rendered":"<p>La Municipalidad de Alumin\u00e9, a trav\u00e9s de la Secretar\u00eda de las Culturas invita a proyectos art\u00edsticos de Alumin\u00e9 y de la Regi\u00f3n Patagonia a postular para participar de la edici\u00f3n N\u00ba 15 de la Fiesta Nacional del Pehu\u00e9n, que se realizar\u00e1 los d\u00edas 28, 29, 30 y 31 de marzo. BASES Y CONDICIONES Esta convocatoria se dirige a proyectos musicales, conjuntos de baile y manifestaciones &hellip; <a href=\"https:\/\/cultura.sma.gob.ar\/?p=5311\" class=\"more-link\">Continue reading <span class=\"screen-reader-text\">Convocatoria para artistas en la Municipalidad de Alumin\u00e9<\/span><\/a><\/p>\n","protected":false},"author":1,"featured_media":297,"comment_status":"closed","ping_status":"","sticky":false,"template":"","format":"image","meta":{"footnotes":""},"categories":[2,9],"tags":[],"class_list":["post-5311","post","type-post","status-publish","format-image","has-post-thumbnail","hentry","category-ciudad-cultural","category-ultimas-noticias","post_format-post-format-image"],"_links":{"self":[{"href":"https:\/\/cultura.sma.gob.ar\/index.php?rest_route=\/wp\/v2\/posts\/5311","targetHints":{"allow":["GET"]}}],"collection":[{"href":"https:\/\/cultura.sma.gob.ar\/index.php?rest_route=\/wp\/v2\/posts"}],"about":[{"href":"https:\/\/cultura.sma.gob.ar\/index.php?rest_route=\/wp\/v2\/types\/post"}],"author":[{"embeddable":true,"href":"https:\/\/cultura.sma.gob.ar\/index.php?rest_route=\/wp\/v2\/users\/1"}],"replies":[{"embeddable":true,"href":"https:\/\/cultura.sma.gob.ar\/index.php?rest_route=%2Fwp%2Fv2%2Fcomments&post=5311"}],"version-history":[{"count":1,"href":"https:\/\/cultura.sma.gob.ar\/index.php?rest_route=\/wp\/v2\/posts\/5311\/revisions"}],"predecessor-version":[{"id":5313,"href":"https:\/\/cultura.sma.gob.ar\/index.php?rest_route=\/wp\/v2\/posts\/5311\/revisions\/5313"}],"wp:featuredmedia":[{"embeddable":true,"href":"https:\/\/cultura.sma.gob.ar\/index.php?rest_route=\/wp\/v2\/media\/297"}],"wp:attachment":[{"href":"https:\/\/cultura.sma.gob.ar\/index.php?rest_route=%2Fwp%2Fv2%2Fmedia&parent=5311"}],"wp:term":[{"taxonomy":"category","embeddable":true,"href":"https:\/\/cultura.sma.gob.ar\/index.php?rest_route=%2Fwp%2Fv2%2Fcategories&post=5311"},{"taxonomy":"post_tag","embeddable":true,"href":"https:\/\/cultura.sma.gob.ar\/index.php?rest_route=%2Fwp%2Fv2%2Ftags&post=5311"}],"curies":[{"name":"wp","href":"https:\/\/api.w.org\/{rel}","templated":true}]}}