{"id":5299,"date":"2024-02-14T13:15:08","date_gmt":"2024-02-14T16:15:08","guid":{"rendered":"http:\/\/cultura.sma.gob.ar\/?p=5299"},"modified":"2024-02-14T13:15:08","modified_gmt":"2024-02-14T16:15:08","slug":"vuelve-el-taller-de-croquiseros-urbanos","status":"publish","type":"post","link":"https:\/\/cultura.sma.gob.ar\/?p=5299","title":{"rendered":"Vuelve el taller de Croquiseros urbanos"},"content":{"rendered":"\n<figure class=\"wp-block-image size-large\"><img loading=\"lazy\" decoding=\"async\" width=\"730\" height=\"507\" src=\"https:\/\/cultura.sma.gob.ar\/wp-content\/uploads\/2024\/02\/Screenshot-2024-02-14-13.13.32.png\" alt=\"\" class=\"wp-image-5300\" srcset=\"https:\/\/cultura.sma.gob.ar\/wp-content\/uploads\/2024\/02\/Screenshot-2024-02-14-13.13.32.png 730w, https:\/\/cultura.sma.gob.ar\/wp-content\/uploads\/2024\/02\/Screenshot-2024-02-14-13.13.32-300x208.png 300w, https:\/\/cultura.sma.gob.ar\/wp-content\/uploads\/2024\/02\/Screenshot-2024-02-14-13.13.32-130x90.png 130w\" sizes=\"auto, (max-width: 730px) 100vw, 730px\" \/><\/figure>\n\n\n\n<p>Este<strong> s\u00e1bado 16 de febrero<\/strong> vuelve el taller municipal de \u201cCroquiseros Urbanos\u201d, coordinado por Laura Mach\u00edn. <strong>Los encuentros ser\u00e1n los s\u00e1bados de 18 a 20 hs.<\/strong><\/p>\n\n\n\n<p>La actividad es gratuita y consiste en dibujar casas hist\u00f3ricas, con el objetivo de valorizar y difundir el patrimonio arquitect\u00f3nico de la ciudad. Est\u00e1 destinada a j\u00f3venes y adultos\/as, tanto para principiantes como para quienes ya poseen experiencia en dibujo. <\/p>\n\n\n\n<p>Este taller forma parte de las actividades de la Sala Municipal de Exposiciones Lidaura Chapitel. Actualmente ya registr\u00f3 cerca de 40 casas patrimoniales<\/p>\n\n\n\n<p><strong>Para inscribirse, enviar un mail a salamunicipal.chapitel@gmail.com (especificando nombre completo, edad, DNI y tel\u00e9fono de contacto), o comunicarse al tel\u00e9fono 427315 int 360.<\/strong><\/p>\n","protected":false},"excerpt":{"rendered":"<p>Este s\u00e1bado 16 de febrero vuelve el taller municipal de \u201cCroquiseros Urbanos\u201d, coordinado por Laura Mach\u00edn. Los encuentros ser\u00e1n los s\u00e1bados de 18 a 20 hs. La actividad es gratuita y consiste en dibujar casas hist\u00f3ricas, con el objetivo de valorizar y difundir el patrimonio arquitect\u00f3nico de la ciudad. Est\u00e1 destinada a j\u00f3venes y adultos\/as, tanto para principiantes como para quienes ya poseen experiencia en &hellip; <a href=\"https:\/\/cultura.sma.gob.ar\/?p=5299\" class=\"more-link\">Continue reading <span class=\"screen-reader-text\">Vuelve el taller de Croquiseros urbanos<\/span><\/a><\/p>\n","protected":false},"author":1,"featured_media":295,"comment_status":"closed","ping_status":"","sticky":false,"template":"","format":"image","meta":{"footnotes":""},"categories":[6,9],"tags":[],"class_list":["post-5299","post","type-post","status-publish","format-image","has-post-thumbnail","hentry","category-sala-lidaura-chapitel","category-ultimas-noticias","post_format-post-format-image"],"_links":{"self":[{"href":"https:\/\/cultura.sma.gob.ar\/index.php?rest_route=\/wp\/v2\/posts\/5299","targetHints":{"allow":["GET"]}}],"collection":[{"href":"https:\/\/cultura.sma.gob.ar\/index.php?rest_route=\/wp\/v2\/posts"}],"about":[{"href":"https:\/\/cultura.sma.gob.ar\/index.php?rest_route=\/wp\/v2\/types\/post"}],"author":[{"embeddable":true,"href":"https:\/\/cultura.sma.gob.ar\/index.php?rest_route=\/wp\/v2\/users\/1"}],"replies":[{"embeddable":true,"href":"https:\/\/cultura.sma.gob.ar\/index.php?rest_route=%2Fwp%2Fv2%2Fcomments&post=5299"}],"version-history":[{"count":1,"href":"https:\/\/cultura.sma.gob.ar\/index.php?rest_route=\/wp\/v2\/posts\/5299\/revisions"}],"predecessor-version":[{"id":5301,"href":"https:\/\/cultura.sma.gob.ar\/index.php?rest_route=\/wp\/v2\/posts\/5299\/revisions\/5301"}],"wp:featuredmedia":[{"embeddable":true,"href":"https:\/\/cultura.sma.gob.ar\/index.php?rest_route=\/wp\/v2\/media\/295"}],"wp:attachment":[{"href":"https:\/\/cultura.sma.gob.ar\/index.php?rest_route=%2Fwp%2Fv2%2Fmedia&parent=5299"}],"wp:term":[{"taxonomy":"category","embeddable":true,"href":"https:\/\/cultura.sma.gob.ar\/index.php?rest_route=%2Fwp%2Fv2%2Fcategories&post=5299"},{"taxonomy":"post_tag","embeddable":true,"href":"https:\/\/cultura.sma.gob.ar\/index.php?rest_route=%2Fwp%2Fv2%2Ftags&post=5299"}],"curies":[{"name":"wp","href":"https:\/\/api.w.org\/{rel}","templated":true}]}}