{"id":529,"date":"2020-11-03T12:22:30","date_gmt":"2020-11-03T15:22:30","guid":{"rendered":"http:\/\/cultura.sma.gob.ar\/?p=529"},"modified":"2020-11-03T12:22:30","modified_gmt":"2020-11-03T15:22:30","slug":"taller-relato-fotografico-14-feria-regional-del-libro","status":"publish","type":"post","link":"https:\/\/cultura.sma.gob.ar\/?p=529","title":{"rendered":"Taller &#8220;Relato Fotogr\u00e1fico&#8221; &#8211; 14\u00b0 Feria Regional del Libro"},"content":{"rendered":"\n<figure class=\"wp-block-image size-large\"><img loading=\"lazy\" decoding=\"async\" width=\"777\" height=\"783\" src=\"http:\/\/cultura.sma.gob.ar\/wp-content\/uploads\/2020\/11\/RELATO-FOTOGRAFICO.png\" alt=\"\" class=\"wp-image-530\" srcset=\"https:\/\/cultura.sma.gob.ar\/wp-content\/uploads\/2020\/11\/RELATO-FOTOGRAFICO.png 777w, https:\/\/cultura.sma.gob.ar\/wp-content\/uploads\/2020\/11\/RELATO-FOTOGRAFICO-298x300.png 298w, https:\/\/cultura.sma.gob.ar\/wp-content\/uploads\/2020\/11\/RELATO-FOTOGRAFICO-150x150.png 150w, https:\/\/cultura.sma.gob.ar\/wp-content\/uploads\/2020\/11\/RELATO-FOTOGRAFICO-768x774.png 768w, https:\/\/cultura.sma.gob.ar\/wp-content\/uploads\/2020\/11\/RELATO-FOTOGRAFICO-89x90.png 89w\" sizes=\"auto, (max-width: 777px) 100vw, 777px\" \/><\/figure>\n\n\n\n<p>Por <strong>Leo Guevara<\/strong><\/p>\n\n\n\n<ul class=\"wp-block-list\"><li>Martes 10 y jueves 12- 11:30 hs<\/li><\/ul>\n\n\n\n<p>En el Centro Cultural Cotesma<\/p>\n\n\n\n<p>Dirigido a adolescentes<\/p>\n\n\n\n<p>Duraci\u00f3n: 2 encuentros de 1:30 hs<\/p>\n\n\n\n<h4 class=\"wp-block-heading\">Reserv\u00e1 tu lugar escribiendo a <a href=\"mailto:talleres.cultura@smandes.gov.ar\">talleres.cultura@smandes.gov.ar<\/a> o llamando al 424-804<\/h4>\n\n\n\n<p>El taller estar\u00e1 a cargo del fot\u00f3grafo profesional Leonardo Guevara y abordar\u00e1 puntos clave en la construcci\u00f3n de un ensayo fotogr\u00e1fico, como as\u00ed tambi\u00e9n los conceptos m\u00e1s importantes en la composici\u00f3n fotogr\u00e1fica.&nbsp;<\/p>\n","protected":false},"excerpt":{"rendered":"<p>Actividad con protocolo sanitario e inscripci\u00f3n previa. <a href=\"https:\/\/cultura.sma.gob.ar\/?p=529\" class=\"more-link\">Continue reading <span class=\"screen-reader-text\">Taller &#8220;Relato Fotogr\u00e1fico&#8221; &#8211; 14\u00b0 Feria Regional del Libro<\/span><\/a><\/p>\n","protected":false},"author":1,"featured_media":296,"comment_status":"closed","ping_status":"","sticky":false,"template":"","format":"image","meta":{"footnotes":""},"categories":[3,9],"tags":[],"class_list":["post-529","post","type-post","status-publish","format-image","has-post-thumbnail","hentry","category-eventos-cultura","category-ultimas-noticias","post_format-post-format-image"],"_links":{"self":[{"href":"https:\/\/cultura.sma.gob.ar\/index.php?rest_route=\/wp\/v2\/posts\/529","targetHints":{"allow":["GET"]}}],"collection":[{"href":"https:\/\/cultura.sma.gob.ar\/index.php?rest_route=\/wp\/v2\/posts"}],"about":[{"href":"https:\/\/cultura.sma.gob.ar\/index.php?rest_route=\/wp\/v2\/types\/post"}],"author":[{"embeddable":true,"href":"https:\/\/cultura.sma.gob.ar\/index.php?rest_route=\/wp\/v2\/users\/1"}],"replies":[{"embeddable":true,"href":"https:\/\/cultura.sma.gob.ar\/index.php?rest_route=%2Fwp%2Fv2%2Fcomments&post=529"}],"version-history":[{"count":1,"href":"https:\/\/cultura.sma.gob.ar\/index.php?rest_route=\/wp\/v2\/posts\/529\/revisions"}],"predecessor-version":[{"id":531,"href":"https:\/\/cultura.sma.gob.ar\/index.php?rest_route=\/wp\/v2\/posts\/529\/revisions\/531"}],"wp:featuredmedia":[{"embeddable":true,"href":"https:\/\/cultura.sma.gob.ar\/index.php?rest_route=\/wp\/v2\/media\/296"}],"wp:attachment":[{"href":"https:\/\/cultura.sma.gob.ar\/index.php?rest_route=%2Fwp%2Fv2%2Fmedia&parent=529"}],"wp:term":[{"taxonomy":"category","embeddable":true,"href":"https:\/\/cultura.sma.gob.ar\/index.php?rest_route=%2Fwp%2Fv2%2Fcategories&post=529"},{"taxonomy":"post_tag","embeddable":true,"href":"https:\/\/cultura.sma.gob.ar\/index.php?rest_route=%2Fwp%2Fv2%2Ftags&post=529"}],"curies":[{"name":"wp","href":"https:\/\/api.w.org\/{rel}","templated":true}]}}