{"id":5274,"date":"2024-02-07T16:26:39","date_gmt":"2024-02-07T19:26:39","guid":{"rendered":"http:\/\/cultura.sma.gob.ar\/?p=5274"},"modified":"2026-04-23T08:52:19","modified_gmt":"2026-04-23T11:52:19","slug":"cartelera-de-espectaculos-semanal-de-espacio-trama","status":"publish","type":"post","link":"https:\/\/cultura.sma.gob.ar\/?p=5274","title":{"rendered":"Cartelera de espect\u00e1culos semanal de Espacio Trama"},"content":{"rendered":"\n<h4 class=\"wp-block-heading\">FUNCIONES EN ESPACIO TRAMA <br>Toda la info detallada en: espaciotrama.ar<\/h4>\n\n\n\n<p>VIERNES 24 a las 21:30hs GRAN HOTEL KANI KAMA obra de teatro de creaci\u00f3n colectiva de los talleres de adultos coordinados por Sandra Monteagudo. Diversi\u00f3n asegurada.<br>Entradas libre \/ a la gorra<\/p>\n\n\n\n<p>\ud83e\udd29 S\u00c1BADO 25 a las 21hs EZE SUPERSONIC &#8211; NIRVANA AC\u00daSTICO un recorrido por la discograf\u00eda de NIRVANA.<br>Entrada anticipada $20.000<br>El d\u00eda del concierto $25.000<\/p>\n\n\n\n<p>\ud83d\ude0d DOMINGO 26 a las 11hs, a las 16 y a las 20hs (3 funciones diferentes) LAS HERMANAS MONTANI Bio drama azaroso de y por Sandra Monteagudo, con la complicidad indispensable de Jorgelina Balsa y Nuria Casta\u00f1eda.<br>Entrada $20.000<br>Combo 2 funciones $23.000<br>Combo 3 funciones $25.000<\/p>\n\n\n\n<p>\ud83c\udf70\u2615\ufe0f\ud83e\udd57TRAMA BAR abre de lunes a viernes desde las 9:30 para desayunar, almorzar y merendar.<br>\ud83c\udf79Las noches que hay funci\u00f3n, la cocina est\u00e1 abierta para que disfrutes de picadas, tragos y cenas a precios amigos \ud83e\udd5f\ud83c\udf77\ud83d\ude03<\/p>\n\n\n\n<p>\u2705 Las ENTRADAS podes adquirirlas en ESPACIO TRAMA, Gral. Roca 320, de lunes a viernes desde las 9:30. S\u00e1bados y domingos desde 1 hora antes de la primera funci\u00f3n.<br>Tambi\u00e9n podes adquirir tus entradas por entradaweb.com.ar<\/p>\n","protected":false},"excerpt":{"rendered":"<p>FUNCIONES EN ESPACIO TRAMA Toda la info detallada en: espaciotrama.ar VIERNES 24 a las 21:30hs GRAN HOTEL KANI KAMA obra de teatro de creaci\u00f3n colectiva de los talleres de adultos coordinados por Sandra Monteagudo. Diversi\u00f3n asegurada.Entradas libre \/ a la gorra \ud83e\udd29 S\u00c1BADO 25 a las 21hs EZE SUPERSONIC &#8211; NIRVANA AC\u00daSTICO un recorrido por la discograf\u00eda de NIRVANA.Entrada anticipada $20.000El d\u00eda del concierto $25.000 &hellip; <a href=\"https:\/\/cultura.sma.gob.ar\/?p=5274\" class=\"more-link\">Continue reading <span class=\"screen-reader-text\">Cartelera de espect\u00e1culos semanal de Espacio Trama<\/span><\/a><\/p>\n","protected":false},"author":1,"featured_media":297,"comment_status":"closed","ping_status":"","sticky":false,"template":"","format":"image","meta":{"footnotes":""},"categories":[2,9],"tags":[],"class_list":["post-5274","post","type-post","status-publish","format-image","has-post-thumbnail","hentry","category-ciudad-cultural","category-ultimas-noticias","post_format-post-format-image"],"_links":{"self":[{"href":"https:\/\/cultura.sma.gob.ar\/index.php?rest_route=\/wp\/v2\/posts\/5274","targetHints":{"allow":["GET"]}}],"collection":[{"href":"https:\/\/cultura.sma.gob.ar\/index.php?rest_route=\/wp\/v2\/posts"}],"about":[{"href":"https:\/\/cultura.sma.gob.ar\/index.php?rest_route=\/wp\/v2\/types\/post"}],"author":[{"embeddable":true,"href":"https:\/\/cultura.sma.gob.ar\/index.php?rest_route=\/wp\/v2\/users\/1"}],"replies":[{"embeddable":true,"href":"https:\/\/cultura.sma.gob.ar\/index.php?rest_route=%2Fwp%2Fv2%2Fcomments&post=5274"}],"version-history":[{"count":95,"href":"https:\/\/cultura.sma.gob.ar\/index.php?rest_route=\/wp\/v2\/posts\/5274\/revisions"}],"predecessor-version":[{"id":6918,"href":"https:\/\/cultura.sma.gob.ar\/index.php?rest_route=\/wp\/v2\/posts\/5274\/revisions\/6918"}],"wp:featuredmedia":[{"embeddable":true,"href":"https:\/\/cultura.sma.gob.ar\/index.php?rest_route=\/wp\/v2\/media\/297"}],"wp:attachment":[{"href":"https:\/\/cultura.sma.gob.ar\/index.php?rest_route=%2Fwp%2Fv2%2Fmedia&parent=5274"}],"wp:term":[{"taxonomy":"category","embeddable":true,"href":"https:\/\/cultura.sma.gob.ar\/index.php?rest_route=%2Fwp%2Fv2%2Fcategories&post=5274"},{"taxonomy":"post_tag","embeddable":true,"href":"https:\/\/cultura.sma.gob.ar\/index.php?rest_route=%2Fwp%2Fv2%2Ftags&post=5274"}],"curies":[{"name":"wp","href":"https:\/\/api.w.org\/{rel}","templated":true}]}}