{"id":5270,"date":"2024-02-07T11:25:49","date_gmt":"2024-02-07T14:25:49","guid":{"rendered":"http:\/\/cultura.sma.gob.ar\/?p=5270"},"modified":"2024-02-27T14:53:23","modified_gmt":"2024-02-27T17:53:23","slug":"calle-cultural-espectaculos-para-esta-semana","status":"publish","type":"post","link":"https:\/\/cultura.sma.gob.ar\/?p=5270","title":{"rendered":"Calle Cultural: espect\u00e1culos para esta semana"},"content":{"rendered":"\n<h3 class=\"wp-block-heading\">Mi\u00e9rcoles 28 &#8211; 18hs &#8211; Skate Park<\/h3>\n\n\n\n<p>La Arrabalera es una compa\u00f1\u00eda de circo-danza. Sus integrantes Ezequiel y Manuel Carey artistas esc\u00e9nicos, fusionan los distintos lenguajes de tango, acrobacia y el humor y dan origen a su primer circo-tango.<\/p>\n\n\n\n<figure class=\"wp-block-image size-large\"><img loading=\"lazy\" decoding=\"async\" width=\"1024\" height=\"1024\" src=\"http:\/\/cultura.sma.gob.ar\/wp-content\/uploads\/2024\/02\/WhatsApp-Image-2024-02-27-at-8.11.10-AM-1024x1024.jpeg\" alt=\"\" class=\"wp-image-5352\" srcset=\"https:\/\/cultura.sma.gob.ar\/wp-content\/uploads\/2024\/02\/WhatsApp-Image-2024-02-27-at-8.11.10-AM-1024x1024.jpeg 1024w, https:\/\/cultura.sma.gob.ar\/wp-content\/uploads\/2024\/02\/WhatsApp-Image-2024-02-27-at-8.11.10-AM-300x300.jpeg 300w, https:\/\/cultura.sma.gob.ar\/wp-content\/uploads\/2024\/02\/WhatsApp-Image-2024-02-27-at-8.11.10-AM-150x150.jpeg 150w, https:\/\/cultura.sma.gob.ar\/wp-content\/uploads\/2024\/02\/WhatsApp-Image-2024-02-27-at-8.11.10-AM-768x768.jpeg 768w, https:\/\/cultura.sma.gob.ar\/wp-content\/uploads\/2024\/02\/WhatsApp-Image-2024-02-27-at-8.11.10-AM-90x90.jpeg 90w, https:\/\/cultura.sma.gob.ar\/wp-content\/uploads\/2024\/02\/WhatsApp-Image-2024-02-27-at-8.11.10-AM.jpeg 1080w\" sizes=\"auto, (max-width: 1024px) 100vw, 1024px\" \/><\/figure>\n\n\n\n<h3 class=\"wp-block-heading\">Jueves 29 &#8211; 20hs &#8211; Play\u00f3n Barrio El Arenal<\/h3>\n\n\n\n<p id=\"E49\">Somos un batuque de mujeres y disidencia, a trav\u00e9s de nuestros tambores y danza, buscamos ser la voz de una revoluci\u00f3n contra un sistema que durante mucho tiempo nos ha querido mantener en silencio.<\/p>\n\n\n\n<p id=\"E51\">Consideramos el arte una herramienta de resistencia y transformaci\u00f3n tanto social como pol\u00edtica. En un mundo donde el patriarcado a\u00fan prevalece buscamos promover la igualdad de derechos y seguir generando espacios de diversidad y fuerza colectiva.<\/p>\n\n\n\n<p id=\"E54\">Llevar en cada toque la alegr\u00eda y la fuerza de estar juntos habitando cada espacio con nuestra m\u00fasica, como estandarte de una revoluci\u00f3n feminista que contin\u00faa<\/p>\n\n\n\n<figure class=\"wp-block-image size-large\"><img loading=\"lazy\" decoding=\"async\" width=\"1024\" height=\"1024\" src=\"http:\/\/cultura.sma.gob.ar\/wp-content\/uploads\/2024\/02\/WhatsApp-Image-2024-02-27-at-8.13.03-AM-1024x1024.jpeg\" alt=\"\" class=\"wp-image-5351\" srcset=\"https:\/\/cultura.sma.gob.ar\/wp-content\/uploads\/2024\/02\/WhatsApp-Image-2024-02-27-at-8.13.03-AM-1024x1024.jpeg 1024w, https:\/\/cultura.sma.gob.ar\/wp-content\/uploads\/2024\/02\/WhatsApp-Image-2024-02-27-at-8.13.03-AM-300x300.jpeg 300w, https:\/\/cultura.sma.gob.ar\/wp-content\/uploads\/2024\/02\/WhatsApp-Image-2024-02-27-at-8.13.03-AM-150x150.jpeg 150w, https:\/\/cultura.sma.gob.ar\/wp-content\/uploads\/2024\/02\/WhatsApp-Image-2024-02-27-at-8.13.03-AM-768x768.jpeg 768w, https:\/\/cultura.sma.gob.ar\/wp-content\/uploads\/2024\/02\/WhatsApp-Image-2024-02-27-at-8.13.03-AM-90x90.jpeg 90w, https:\/\/cultura.sma.gob.ar\/wp-content\/uploads\/2024\/02\/WhatsApp-Image-2024-02-27-at-8.13.03-AM.jpeg 1080w\" sizes=\"auto, (max-width: 1024px) 100vw, 1024px\" \/><\/figure>\n","protected":false},"excerpt":{"rendered":"<p>Mi\u00e9rcoles 28 &#8211; 18hs &#8211; Skate Park La Arrabalera es una compa\u00f1\u00eda de circo-danza. Sus integrantes Ezequiel y Manuel Carey artistas esc\u00e9nicos, fusionan los distintos lenguajes de tango, acrobacia y el humor y dan origen a su primer circo-tango. Jueves 29 &#8211; 20hs &#8211; Play\u00f3n Barrio El Arenal Somos un batuque de mujeres y disidencia, a trav\u00e9s de nuestros tambores y danza, buscamos ser la &hellip; <a href=\"https:\/\/cultura.sma.gob.ar\/?p=5270\" class=\"more-link\">Continue reading <span class=\"screen-reader-text\">Calle Cultural: espect\u00e1culos para esta semana<\/span><\/a><\/p>\n","protected":false},"author":1,"featured_media":292,"comment_status":"closed","ping_status":"","sticky":false,"template":"","format":"image","meta":{"footnotes":""},"categories":[8,9],"tags":[],"class_list":["post-5270","post","type-post","status-publish","format-image","has-post-thumbnail","hentry","category-teatro-san-jose","category-ultimas-noticias","post_format-post-format-image"],"_links":{"self":[{"href":"https:\/\/cultura.sma.gob.ar\/index.php?rest_route=\/wp\/v2\/posts\/5270","targetHints":{"allow":["GET"]}}],"collection":[{"href":"https:\/\/cultura.sma.gob.ar\/index.php?rest_route=\/wp\/v2\/posts"}],"about":[{"href":"https:\/\/cultura.sma.gob.ar\/index.php?rest_route=\/wp\/v2\/types\/post"}],"author":[{"embeddable":true,"href":"https:\/\/cultura.sma.gob.ar\/index.php?rest_route=\/wp\/v2\/users\/1"}],"replies":[{"embeddable":true,"href":"https:\/\/cultura.sma.gob.ar\/index.php?rest_route=%2Fwp%2Fv2%2Fcomments&post=5270"}],"version-history":[{"count":6,"href":"https:\/\/cultura.sma.gob.ar\/index.php?rest_route=\/wp\/v2\/posts\/5270\/revisions"}],"predecessor-version":[{"id":5354,"href":"https:\/\/cultura.sma.gob.ar\/index.php?rest_route=\/wp\/v2\/posts\/5270\/revisions\/5354"}],"wp:featuredmedia":[{"embeddable":true,"href":"https:\/\/cultura.sma.gob.ar\/index.php?rest_route=\/wp\/v2\/media\/292"}],"wp:attachment":[{"href":"https:\/\/cultura.sma.gob.ar\/index.php?rest_route=%2Fwp%2Fv2%2Fmedia&parent=5270"}],"wp:term":[{"taxonomy":"category","embeddable":true,"href":"https:\/\/cultura.sma.gob.ar\/index.php?rest_route=%2Fwp%2Fv2%2Fcategories&post=5270"},{"taxonomy":"post_tag","embeddable":true,"href":"https:\/\/cultura.sma.gob.ar\/index.php?rest_route=%2Fwp%2Fv2%2Ftags&post=5270"}],"curies":[{"name":"wp","href":"https:\/\/api.w.org\/{rel}","templated":true}]}}