{"id":526,"date":"2020-11-03T12:18:46","date_gmt":"2020-11-03T15:18:46","guid":{"rendered":"http:\/\/cultura.sma.gob.ar\/?p=526"},"modified":"2020-11-03T12:18:46","modified_gmt":"2020-11-03T15:18:46","slug":"rap-poesia-oral-improvisada-14-feria-regional-del-libro","status":"publish","type":"post","link":"https:\/\/cultura.sma.gob.ar\/?p=526","title":{"rendered":"Rap: poes\u00eda oral improvisada &#8211; 14\u00b0 Feria Regional del Libro"},"content":{"rendered":"\n<figure class=\"wp-block-image size-large\"><img loading=\"lazy\" decoding=\"async\" width=\"779\" height=\"785\" src=\"http:\/\/cultura.sma.gob.ar\/wp-content\/uploads\/2020\/11\/Rap.png\" alt=\"\" class=\"wp-image-527\" srcset=\"https:\/\/cultura.sma.gob.ar\/wp-content\/uploads\/2020\/11\/Rap.png 779w, https:\/\/cultura.sma.gob.ar\/wp-content\/uploads\/2020\/11\/Rap-298x300.png 298w, https:\/\/cultura.sma.gob.ar\/wp-content\/uploads\/2020\/11\/Rap-150x150.png 150w, https:\/\/cultura.sma.gob.ar\/wp-content\/uploads\/2020\/11\/Rap-768x774.png 768w, https:\/\/cultura.sma.gob.ar\/wp-content\/uploads\/2020\/11\/Rap-89x90.png 89w\" sizes=\"auto, (max-width: 779px) 100vw, 779px\" \/><\/figure>\n\n\n\n<ul class=\"wp-block-list\"><li>Lunes 9- 19 hs\u00a0&#8211; CDI \u201cAitue\u201d de Cordones del Chapelco<\/li><\/ul>\n\n\n\n<p>Dirigido a j\u00f3venes<\/p>\n\n\n\n<p>Duraci\u00f3n: 1:30 hs<\/p>\n\n\n\n<h4 class=\"wp-block-heading\">Reserv\u00e1 tu lugar escribiendo a <a href=\"mailto:talleres.cultura@smandes.gov.ar\">talleres.cultura@smandes.gov.ar<\/a> o llamando al 424-804<\/h4>\n\n\n\n<p>Los raperos y traperos locales Ciro y Thiago realizar\u00e1n un taller donde explicar\u00e1n y compartir\u00e1n distintas t\u00e9cnicas de composici\u00f3n po\u00e9tica como m\u00e9trica, rima, repetici\u00f3n entre otras, para finalizar escribi\u00e9ndolas y prob\u00e1ndolas.&nbsp; Ambos amigos son j\u00f3venes m\u00fasicos de nuestra localidad que desde el secundario vienen incursionando en el rap y en el trap, haciendo crecer cada d\u00eda m\u00e1s sus producciones.&nbsp;<\/p>\n","protected":false},"excerpt":{"rendered":"<p>Actividad con protocolo sanitario e inscripci\u00f3n previa. <a href=\"https:\/\/cultura.sma.gob.ar\/?p=526\" class=\"more-link\">Continue reading <span class=\"screen-reader-text\">Rap: poes\u00eda oral improvisada &#8211; 14\u00b0 Feria Regional del Libro<\/span><\/a><\/p>\n","protected":false},"author":1,"featured_media":296,"comment_status":"closed","ping_status":"","sticky":false,"template":"","format":"image","meta":{"footnotes":""},"categories":[3,9],"tags":[],"class_list":["post-526","post","type-post","status-publish","format-image","has-post-thumbnail","hentry","category-eventos-cultura","category-ultimas-noticias","post_format-post-format-image"],"_links":{"self":[{"href":"https:\/\/cultura.sma.gob.ar\/index.php?rest_route=\/wp\/v2\/posts\/526","targetHints":{"allow":["GET"]}}],"collection":[{"href":"https:\/\/cultura.sma.gob.ar\/index.php?rest_route=\/wp\/v2\/posts"}],"about":[{"href":"https:\/\/cultura.sma.gob.ar\/index.php?rest_route=\/wp\/v2\/types\/post"}],"author":[{"embeddable":true,"href":"https:\/\/cultura.sma.gob.ar\/index.php?rest_route=\/wp\/v2\/users\/1"}],"replies":[{"embeddable":true,"href":"https:\/\/cultura.sma.gob.ar\/index.php?rest_route=%2Fwp%2Fv2%2Fcomments&post=526"}],"version-history":[{"count":1,"href":"https:\/\/cultura.sma.gob.ar\/index.php?rest_route=\/wp\/v2\/posts\/526\/revisions"}],"predecessor-version":[{"id":528,"href":"https:\/\/cultura.sma.gob.ar\/index.php?rest_route=\/wp\/v2\/posts\/526\/revisions\/528"}],"wp:featuredmedia":[{"embeddable":true,"href":"https:\/\/cultura.sma.gob.ar\/index.php?rest_route=\/wp\/v2\/media\/296"}],"wp:attachment":[{"href":"https:\/\/cultura.sma.gob.ar\/index.php?rest_route=%2Fwp%2Fv2%2Fmedia&parent=526"}],"wp:term":[{"taxonomy":"category","embeddable":true,"href":"https:\/\/cultura.sma.gob.ar\/index.php?rest_route=%2Fwp%2Fv2%2Fcategories&post=526"},{"taxonomy":"post_tag","embeddable":true,"href":"https:\/\/cultura.sma.gob.ar\/index.php?rest_route=%2Fwp%2Fv2%2Ftags&post=526"}],"curies":[{"name":"wp","href":"https:\/\/api.w.org\/{rel}","templated":true}]}}