{"id":5249,"date":"2024-02-06T09:38:48","date_gmt":"2024-02-06T12:38:48","guid":{"rendered":"http:\/\/cultura.sma.gob.ar\/?p=5249"},"modified":"2024-02-06T09:38:48","modified_gmt":"2024-02-06T12:38:48","slug":"se-celebro-el-descubrimiento-de-placas-conmemorativas-por-la-restauracion-del-teatro-san-jose","status":"publish","type":"post","link":"https:\/\/cultura.sma.gob.ar\/?p=5249","title":{"rendered":"Se celebr\u00f3 el descubrimiento de placas conmemorativas por la restauraci\u00f3n del teatro San Jos\u00e9"},"content":{"rendered":"\n<figure class=\"wp-block-image size-large\"><img loading=\"lazy\" decoding=\"async\" width=\"1024\" height=\"684\" src=\"https:\/\/cultura.sma.gob.ar\/wp-content\/uploads\/2024\/02\/WhatsApp-Image-2024-02-06-at-9.15.57-AM-1-1024x684.jpeg\" alt=\"\" class=\"wp-image-5250\" srcset=\"https:\/\/cultura.sma.gob.ar\/wp-content\/uploads\/2024\/02\/WhatsApp-Image-2024-02-06-at-9.15.57-AM-1-1024x684.jpeg 1024w, https:\/\/cultura.sma.gob.ar\/wp-content\/uploads\/2024\/02\/WhatsApp-Image-2024-02-06-at-9.15.57-AM-1-300x200.jpeg 300w, https:\/\/cultura.sma.gob.ar\/wp-content\/uploads\/2024\/02\/WhatsApp-Image-2024-02-06-at-9.15.57-AM-1-768x513.jpeg 768w, https:\/\/cultura.sma.gob.ar\/wp-content\/uploads\/2024\/02\/WhatsApp-Image-2024-02-06-at-9.15.57-AM-1-1536x1025.jpeg 1536w, https:\/\/cultura.sma.gob.ar\/wp-content\/uploads\/2024\/02\/WhatsApp-Image-2024-02-06-at-9.15.57-AM-1-135x90.jpeg 135w, https:\/\/cultura.sma.gob.ar\/wp-content\/uploads\/2024\/02\/WhatsApp-Image-2024-02-06-at-9.15.57-AM-1.jpeg 1600w\" sizes=\"auto, (max-width: 1024px) 100vw, 1024px\" \/><\/figure>\n\n\n\n<p>Acompa\u00f1ados por del gobernador Rolando Figueroa, la vicegobernadora, Gloria Ruiz, el embajador de la Rep\u00fablica de Francia, Romain Nadal, y el intendente de nuestra ciudad, Carlos Saloniti, este lunes a mediod\u00eda se llev\u00f3 a cabo un emotivo acto, en el que se descubrieron placas conmemorativas por la puesta en valor del hist\u00f3rico edificio San Jos\u00e9 y se celebr\u00f3 la reapertura del espacio esc\u00e9nico.<\/p>\n\n\n\n<figure class=\"wp-block-image size-large\"><img loading=\"lazy\" decoding=\"async\" width=\"1024\" height=\"684\" src=\"https:\/\/cultura.sma.gob.ar\/wp-content\/uploads\/2024\/02\/WhatsApp-Image-2024-02-06-at-9.15.58-AM-2-1024x684.jpeg\" alt=\"\" class=\"wp-image-5251\" srcset=\"https:\/\/cultura.sma.gob.ar\/wp-content\/uploads\/2024\/02\/WhatsApp-Image-2024-02-06-at-9.15.58-AM-2-1024x684.jpeg 1024w, https:\/\/cultura.sma.gob.ar\/wp-content\/uploads\/2024\/02\/WhatsApp-Image-2024-02-06-at-9.15.58-AM-2-300x200.jpeg 300w, https:\/\/cultura.sma.gob.ar\/wp-content\/uploads\/2024\/02\/WhatsApp-Image-2024-02-06-at-9.15.58-AM-2-768x513.jpeg 768w, https:\/\/cultura.sma.gob.ar\/wp-content\/uploads\/2024\/02\/WhatsApp-Image-2024-02-06-at-9.15.58-AM-2-1536x1025.jpeg 1536w, https:\/\/cultura.sma.gob.ar\/wp-content\/uploads\/2024\/02\/WhatsApp-Image-2024-02-06-at-9.15.58-AM-2-135x90.jpeg 135w, https:\/\/cultura.sma.gob.ar\/wp-content\/uploads\/2024\/02\/WhatsApp-Image-2024-02-06-at-9.15.58-AM-2.jpeg 1600w\" sizes=\"auto, (max-width: 1024px) 100vw, 1024px\" \/><\/figure>\n\n\n\n<p>Luego de presentadas las placas, el Secretario de Cultura, Gustavo Santos, se dirigi\u00f3 a los presentes, entre ellos muchos vecinos y vecinas de la ciudad, para recordar las\u00a0obras de restauraci\u00f3n\u00a0que se llevaron a cabo durante todo el a\u00f1o pasado, bajo la direcci\u00f3n de la arquitecta Mar\u00eda Victoria Neira, y la importancia de contar con el apoyo del IJAN (Instituto de Juegos de Azar del Neuqu\u00e9n) para su financiamiento.<\/p>\n\n\n\n<figure class=\"wp-block-image size-large\"><img loading=\"lazy\" decoding=\"async\" width=\"1024\" height=\"684\" src=\"https:\/\/cultura.sma.gob.ar\/wp-content\/uploads\/2024\/02\/WhatsApp-Image-2024-02-06-at-9.15.58-AM-1-1024x684.jpeg\" alt=\"\" class=\"wp-image-5252\" srcset=\"https:\/\/cultura.sma.gob.ar\/wp-content\/uploads\/2024\/02\/WhatsApp-Image-2024-02-06-at-9.15.58-AM-1-1024x684.jpeg 1024w, https:\/\/cultura.sma.gob.ar\/wp-content\/uploads\/2024\/02\/WhatsApp-Image-2024-02-06-at-9.15.58-AM-1-300x200.jpeg 300w, https:\/\/cultura.sma.gob.ar\/wp-content\/uploads\/2024\/02\/WhatsApp-Image-2024-02-06-at-9.15.58-AM-1-768x513.jpeg 768w, https:\/\/cultura.sma.gob.ar\/wp-content\/uploads\/2024\/02\/WhatsApp-Image-2024-02-06-at-9.15.58-AM-1-1536x1025.jpeg 1536w, https:\/\/cultura.sma.gob.ar\/wp-content\/uploads\/2024\/02\/WhatsApp-Image-2024-02-06-at-9.15.58-AM-1-135x90.jpeg 135w, https:\/\/cultura.sma.gob.ar\/wp-content\/uploads\/2024\/02\/WhatsApp-Image-2024-02-06-at-9.15.58-AM-1.jpeg 1600w\" sizes=\"auto, (max-width: 1024px) 100vw, 1024px\" \/><\/figure>\n\n\n\n<p>Luego, tom\u00f3 la palabra el intendente Carlos Saloniti, para destacar la puesta en valor del edificio, y el resguardo de la historia y la cultura local. Adem\u00e1s, entreg\u00f3 al embajador Nadal un decreto en el que, junto al Concejo Deliberante de nuestra ciudad, se lo declar\u00f3 \u00abVisitante Ilustre\u00bb.<\/p>\n\n\n\n<figure class=\"wp-block-image size-large\"><img loading=\"lazy\" decoding=\"async\" width=\"1024\" height=\"684\" src=\"https:\/\/cultura.sma.gob.ar\/wp-content\/uploads\/2024\/02\/WhatsApp-Image-2024-02-06-at-9.15.58-AM-1024x684.jpeg\" alt=\"\" class=\"wp-image-5253\" srcset=\"https:\/\/cultura.sma.gob.ar\/wp-content\/uploads\/2024\/02\/WhatsApp-Image-2024-02-06-at-9.15.58-AM-1024x684.jpeg 1024w, https:\/\/cultura.sma.gob.ar\/wp-content\/uploads\/2024\/02\/WhatsApp-Image-2024-02-06-at-9.15.58-AM-300x200.jpeg 300w, https:\/\/cultura.sma.gob.ar\/wp-content\/uploads\/2024\/02\/WhatsApp-Image-2024-02-06-at-9.15.58-AM-768x513.jpeg 768w, https:\/\/cultura.sma.gob.ar\/wp-content\/uploads\/2024\/02\/WhatsApp-Image-2024-02-06-at-9.15.58-AM-1536x1025.jpeg 1536w, https:\/\/cultura.sma.gob.ar\/wp-content\/uploads\/2024\/02\/WhatsApp-Image-2024-02-06-at-9.15.58-AM-135x90.jpeg 135w, https:\/\/cultura.sma.gob.ar\/wp-content\/uploads\/2024\/02\/WhatsApp-Image-2024-02-06-at-9.15.58-AM.jpeg 1600w\" sizes=\"auto, (max-width: 1024px) 100vw, 1024px\" \/><\/figure>\n\n\n\n<p>El embajador franc\u00e9s fue invitado a la reinauguraci\u00f3n del teatro San Jos\u00e9 para rendir homenaje al arquitecto Luis Lerin, pionero sanmartinense. Fue \u00e9l quien construy\u00f3 la capilla y otros edificios de principios de siglo XX. Lleg\u00f3 al pueblo en 1907, procedente de Francia y fue un gran impulsor de la industria forestal en la regi\u00f3n, que hasta la d\u00e9cada del 70 fue la principal actividad econ\u00f3mica de San Mart\u00edn de los Andes.<\/p>\n\n\n\n<figure class=\"wp-block-gallery columns-3 is-cropped wp-block-gallery-1 is-layout-flex wp-block-gallery-is-layout-flex\"><ul class=\"blocks-gallery-grid\"><li class=\"blocks-gallery-item\"><figure><img loading=\"lazy\" decoding=\"async\" width=\"1024\" height=\"684\" src=\"https:\/\/cultura.sma.gob.ar\/wp-content\/uploads\/2024\/02\/WhatsApp-Image-2024-02-06-at-9.15.55-AM-1024x684.jpeg\" alt=\"\" data-id=\"5254\" data-full-url=\"https:\/\/cultura.sma.gob.ar\/wp-content\/uploads\/2024\/02\/WhatsApp-Image-2024-02-06-at-9.15.55-AM.jpeg\" data-link=\"https:\/\/cultura.sma.gob.ar\/?attachment_id=5254\" class=\"wp-image-5254\" srcset=\"https:\/\/cultura.sma.gob.ar\/wp-content\/uploads\/2024\/02\/WhatsApp-Image-2024-02-06-at-9.15.55-AM-1024x684.jpeg 1024w, https:\/\/cultura.sma.gob.ar\/wp-content\/uploads\/2024\/02\/WhatsApp-Image-2024-02-06-at-9.15.55-AM-300x200.jpeg 300w, https:\/\/cultura.sma.gob.ar\/wp-content\/uploads\/2024\/02\/WhatsApp-Image-2024-02-06-at-9.15.55-AM-768x513.jpeg 768w, https:\/\/cultura.sma.gob.ar\/wp-content\/uploads\/2024\/02\/WhatsApp-Image-2024-02-06-at-9.15.55-AM-1536x1025.jpeg 1536w, https:\/\/cultura.sma.gob.ar\/wp-content\/uploads\/2024\/02\/WhatsApp-Image-2024-02-06-at-9.15.55-AM-135x90.jpeg 135w, https:\/\/cultura.sma.gob.ar\/wp-content\/uploads\/2024\/02\/WhatsApp-Image-2024-02-06-at-9.15.55-AM.jpeg 1600w\" sizes=\"auto, (max-width: 1024px) 100vw, 1024px\" \/><\/figure><\/li><li class=\"blocks-gallery-item\"><figure><img loading=\"lazy\" decoding=\"async\" width=\"1024\" height=\"684\" src=\"https:\/\/cultura.sma.gob.ar\/wp-content\/uploads\/2024\/02\/WhatsApp-Image-2024-02-06-at-9.15.56-AM-1024x684.jpeg\" alt=\"\" data-id=\"5255\" data-full-url=\"https:\/\/cultura.sma.gob.ar\/wp-content\/uploads\/2024\/02\/WhatsApp-Image-2024-02-06-at-9.15.56-AM.jpeg\" data-link=\"https:\/\/cultura.sma.gob.ar\/?attachment_id=5255\" class=\"wp-image-5255\" srcset=\"https:\/\/cultura.sma.gob.ar\/wp-content\/uploads\/2024\/02\/WhatsApp-Image-2024-02-06-at-9.15.56-AM-1024x684.jpeg 1024w, https:\/\/cultura.sma.gob.ar\/wp-content\/uploads\/2024\/02\/WhatsApp-Image-2024-02-06-at-9.15.56-AM-300x200.jpeg 300w, https:\/\/cultura.sma.gob.ar\/wp-content\/uploads\/2024\/02\/WhatsApp-Image-2024-02-06-at-9.15.56-AM-768x513.jpeg 768w, https:\/\/cultura.sma.gob.ar\/wp-content\/uploads\/2024\/02\/WhatsApp-Image-2024-02-06-at-9.15.56-AM-1536x1025.jpeg 1536w, https:\/\/cultura.sma.gob.ar\/wp-content\/uploads\/2024\/02\/WhatsApp-Image-2024-02-06-at-9.15.56-AM-135x90.jpeg 135w, https:\/\/cultura.sma.gob.ar\/wp-content\/uploads\/2024\/02\/WhatsApp-Image-2024-02-06-at-9.15.56-AM.jpeg 1600w\" sizes=\"auto, (max-width: 1024px) 100vw, 1024px\" \/><\/figure><\/li><li class=\"blocks-gallery-item\"><figure><img loading=\"lazy\" decoding=\"async\" width=\"1024\" height=\"684\" src=\"https:\/\/cultura.sma.gob.ar\/wp-content\/uploads\/2024\/02\/WhatsApp-Image-2024-02-06-at-9.15.57-AM-1024x684.jpeg\" alt=\"\" data-id=\"5256\" data-full-url=\"https:\/\/cultura.sma.gob.ar\/wp-content\/uploads\/2024\/02\/WhatsApp-Image-2024-02-06-at-9.15.57-AM.jpeg\" data-link=\"https:\/\/cultura.sma.gob.ar\/?attachment_id=5256\" class=\"wp-image-5256\" srcset=\"https:\/\/cultura.sma.gob.ar\/wp-content\/uploads\/2024\/02\/WhatsApp-Image-2024-02-06-at-9.15.57-AM-1024x684.jpeg 1024w, https:\/\/cultura.sma.gob.ar\/wp-content\/uploads\/2024\/02\/WhatsApp-Image-2024-02-06-at-9.15.57-AM-300x200.jpeg 300w, https:\/\/cultura.sma.gob.ar\/wp-content\/uploads\/2024\/02\/WhatsApp-Image-2024-02-06-at-9.15.57-AM-768x513.jpeg 768w, https:\/\/cultura.sma.gob.ar\/wp-content\/uploads\/2024\/02\/WhatsApp-Image-2024-02-06-at-9.15.57-AM-1536x1025.jpeg 1536w, https:\/\/cultura.sma.gob.ar\/wp-content\/uploads\/2024\/02\/WhatsApp-Image-2024-02-06-at-9.15.57-AM-135x90.jpeg 135w, https:\/\/cultura.sma.gob.ar\/wp-content\/uploads\/2024\/02\/WhatsApp-Image-2024-02-06-at-9.15.57-AM.jpeg 1600w\" sizes=\"auto, (max-width: 1024px) 100vw, 1024px\" \/><\/figure><\/li><li class=\"blocks-gallery-item\"><figure><img loading=\"lazy\" decoding=\"async\" width=\"1024\" height=\"684\" src=\"https:\/\/cultura.sma.gob.ar\/wp-content\/uploads\/2024\/02\/WhatsApp-Image-2024-02-06-at-9.16.39-AM-1024x684.jpeg\" alt=\"\" data-id=\"5257\" data-full-url=\"https:\/\/cultura.sma.gob.ar\/wp-content\/uploads\/2024\/02\/WhatsApp-Image-2024-02-06-at-9.16.39-AM.jpeg\" data-link=\"https:\/\/cultura.sma.gob.ar\/?attachment_id=5257\" class=\"wp-image-5257\" srcset=\"https:\/\/cultura.sma.gob.ar\/wp-content\/uploads\/2024\/02\/WhatsApp-Image-2024-02-06-at-9.16.39-AM-1024x684.jpeg 1024w, https:\/\/cultura.sma.gob.ar\/wp-content\/uploads\/2024\/02\/WhatsApp-Image-2024-02-06-at-9.16.39-AM-300x200.jpeg 300w, https:\/\/cultura.sma.gob.ar\/wp-content\/uploads\/2024\/02\/WhatsApp-Image-2024-02-06-at-9.16.39-AM-768x513.jpeg 768w, https:\/\/cultura.sma.gob.ar\/wp-content\/uploads\/2024\/02\/WhatsApp-Image-2024-02-06-at-9.16.39-AM-1536x1025.jpeg 1536w, https:\/\/cultura.sma.gob.ar\/wp-content\/uploads\/2024\/02\/WhatsApp-Image-2024-02-06-at-9.16.39-AM-135x90.jpeg 135w, https:\/\/cultura.sma.gob.ar\/wp-content\/uploads\/2024\/02\/WhatsApp-Image-2024-02-06-at-9.16.39-AM.jpeg 1600w\" sizes=\"auto, (max-width: 1024px) 100vw, 1024px\" \/><\/figure><\/li><li class=\"blocks-gallery-item\"><figure><img loading=\"lazy\" decoding=\"async\" width=\"1024\" height=\"684\" src=\"https:\/\/cultura.sma.gob.ar\/wp-content\/uploads\/2024\/02\/WhatsApp-Image-2024-02-06-at-9.16.40-AM-1024x684.jpeg\" alt=\"\" data-id=\"5258\" data-full-url=\"https:\/\/cultura.sma.gob.ar\/wp-content\/uploads\/2024\/02\/WhatsApp-Image-2024-02-06-at-9.16.40-AM.jpeg\" data-link=\"https:\/\/cultura.sma.gob.ar\/?attachment_id=5258\" class=\"wp-image-5258\" srcset=\"https:\/\/cultura.sma.gob.ar\/wp-content\/uploads\/2024\/02\/WhatsApp-Image-2024-02-06-at-9.16.40-AM-1024x684.jpeg 1024w, https:\/\/cultura.sma.gob.ar\/wp-content\/uploads\/2024\/02\/WhatsApp-Image-2024-02-06-at-9.16.40-AM-300x200.jpeg 300w, https:\/\/cultura.sma.gob.ar\/wp-content\/uploads\/2024\/02\/WhatsApp-Image-2024-02-06-at-9.16.40-AM-768x513.jpeg 768w, https:\/\/cultura.sma.gob.ar\/wp-content\/uploads\/2024\/02\/WhatsApp-Image-2024-02-06-at-9.16.40-AM-1536x1025.jpeg 1536w, https:\/\/cultura.sma.gob.ar\/wp-content\/uploads\/2024\/02\/WhatsApp-Image-2024-02-06-at-9.16.40-AM-135x90.jpeg 135w, https:\/\/cultura.sma.gob.ar\/wp-content\/uploads\/2024\/02\/WhatsApp-Image-2024-02-06-at-9.16.40-AM.jpeg 1600w\" sizes=\"auto, (max-width: 1024px) 100vw, 1024px\" \/><\/figure><\/li><\/ul><\/figure>\n","protected":false},"excerpt":{"rendered":"<p>Acompa\u00f1ados por del gobernador Rolando Figueroa, la vicegobernadora, Gloria Ruiz, el embajador de la Rep\u00fablica de Francia, Romain Nadal, y el intendente de nuestra ciudad, Carlos Saloniti, este lunes a mediod\u00eda se llev\u00f3 a cabo un emotivo acto, en el que se descubrieron placas conmemorativas por la puesta en valor del hist\u00f3rico edificio San Jos\u00e9 y se celebr\u00f3 la reapertura del espacio esc\u00e9nico. Luego de &hellip; <a href=\"https:\/\/cultura.sma.gob.ar\/?p=5249\" class=\"more-link\">Continue reading <span class=\"screen-reader-text\">Se celebr\u00f3 el descubrimiento de placas conmemorativas por la restauraci\u00f3n del teatro San Jos\u00e9<\/span><\/a><\/p>\n","protected":false},"author":1,"featured_media":292,"comment_status":"closed","ping_status":"","sticky":false,"template":"","format":"image","meta":{"footnotes":""},"categories":[7,9],"tags":[],"class_list":["post-5249","post","type-post","status-publish","format-image","has-post-thumbnail","hentry","category-talleres-cultura","category-ultimas-noticias","post_format-post-format-image"],"_links":{"self":[{"href":"https:\/\/cultura.sma.gob.ar\/index.php?rest_route=\/wp\/v2\/posts\/5249","targetHints":{"allow":["GET"]}}],"collection":[{"href":"https:\/\/cultura.sma.gob.ar\/index.php?rest_route=\/wp\/v2\/posts"}],"about":[{"href":"https:\/\/cultura.sma.gob.ar\/index.php?rest_route=\/wp\/v2\/types\/post"}],"author":[{"embeddable":true,"href":"https:\/\/cultura.sma.gob.ar\/index.php?rest_route=\/wp\/v2\/users\/1"}],"replies":[{"embeddable":true,"href":"https:\/\/cultura.sma.gob.ar\/index.php?rest_route=%2Fwp%2Fv2%2Fcomments&post=5249"}],"version-history":[{"count":1,"href":"https:\/\/cultura.sma.gob.ar\/index.php?rest_route=\/wp\/v2\/posts\/5249\/revisions"}],"predecessor-version":[{"id":5259,"href":"https:\/\/cultura.sma.gob.ar\/index.php?rest_route=\/wp\/v2\/posts\/5249\/revisions\/5259"}],"wp:featuredmedia":[{"embeddable":true,"href":"https:\/\/cultura.sma.gob.ar\/index.php?rest_route=\/wp\/v2\/media\/292"}],"wp:attachment":[{"href":"https:\/\/cultura.sma.gob.ar\/index.php?rest_route=%2Fwp%2Fv2%2Fmedia&parent=5249"}],"wp:term":[{"taxonomy":"category","embeddable":true,"href":"https:\/\/cultura.sma.gob.ar\/index.php?rest_route=%2Fwp%2Fv2%2Fcategories&post=5249"},{"taxonomy":"post_tag","embeddable":true,"href":"https:\/\/cultura.sma.gob.ar\/index.php?rest_route=%2Fwp%2Fv2%2Ftags&post=5249"}],"curies":[{"name":"wp","href":"https:\/\/api.w.org\/{rel}","templated":true}]}}