{"id":5244,"date":"2024-02-06T08:04:51","date_gmt":"2024-02-06T11:04:51","guid":{"rendered":"http:\/\/cultura.sma.gob.ar\/?p=5244"},"modified":"2024-02-06T08:04:51","modified_gmt":"2024-02-06T11:04:51","slug":"exposicion-colectiva-de-artistas-visuales-de-san-martin-de-los-andes","status":"publish","type":"post","link":"https:\/\/cultura.sma.gob.ar\/?p=5244","title":{"rendered":"EXPOSICI\u00d3N COLECTIVA DE ARTISTAS VISUALES DE SAN MART\u00cdN DE LOS ANDES"},"content":{"rendered":"\n<p><br><strong>Inauguraci\u00f3n: Viernes 9 de febrero, a las 20hs en la Sala de Exposiciones Lidaura Chapitel (Drury 665). Entrada abierta y gratuita.<\/strong><\/p>\n\n\n\n<p>Una nueva edici\u00f3n de la exposici\u00f3n colectiva de artistas visuales inaugura este viernes a las 20 hs en la sala municipal Lidaura Chapitel. En esta oportunidad, <strong>se exhiben m\u00e1s de cincuenta producciones de San Mart\u00edn de los Andes.<\/strong><\/p>\n\n\n\n<figure class=\"wp-block-image size-large\"><img loading=\"lazy\" decoding=\"async\" width=\"1024\" height=\"1024\" src=\"https:\/\/cultura.sma.gob.ar\/wp-content\/uploads\/2024\/02\/SMA-LC0022-Expo-Colectiva-RRSS_1x1-copia-2-1024x1024.jpg\" alt=\"\" class=\"wp-image-5245\" srcset=\"https:\/\/cultura.sma.gob.ar\/wp-content\/uploads\/2024\/02\/SMA-LC0022-Expo-Colectiva-RRSS_1x1-copia-2-1024x1024.jpg 1024w, https:\/\/cultura.sma.gob.ar\/wp-content\/uploads\/2024\/02\/SMA-LC0022-Expo-Colectiva-RRSS_1x1-copia-2-300x300.jpg 300w, https:\/\/cultura.sma.gob.ar\/wp-content\/uploads\/2024\/02\/SMA-LC0022-Expo-Colectiva-RRSS_1x1-copia-2-150x150.jpg 150w, https:\/\/cultura.sma.gob.ar\/wp-content\/uploads\/2024\/02\/SMA-LC0022-Expo-Colectiva-RRSS_1x1-copia-2-768x768.jpg 768w, https:\/\/cultura.sma.gob.ar\/wp-content\/uploads\/2024\/02\/SMA-LC0022-Expo-Colectiva-RRSS_1x1-copia-2-1536x1536.jpg 1536w, https:\/\/cultura.sma.gob.ar\/wp-content\/uploads\/2024\/02\/SMA-LC0022-Expo-Colectiva-RRSS_1x1-copia-2-2048x2048.jpg 2048w, https:\/\/cultura.sma.gob.ar\/wp-content\/uploads\/2024\/02\/SMA-LC0022-Expo-Colectiva-RRSS_1x1-copia-2-90x90.jpg 90w\" sizes=\"auto, (max-width: 1024px) 100vw, 1024px\" \/><\/figure>\n\n\n\n<p>Una vasta y diversa realizaci\u00f3n art\u00edstica es parte de \u00a0la convocatoria abierta y no excluyente. Obras de diferentes conceptos y materialidades conviven en la sala Lidaura Chapitel, generando una experiencia compartida entre artistas y espectadores mostrando la pluralidad de miradas.<\/p>\n\n\n\n<p><strong>Los esperamos de lunes a viernes de 10 a 12 y de 16:30 a 20:30 hs, s\u00e1bados y domingos de 17 a 21 hs<\/strong>.<\/p>\n","protected":false},"excerpt":{"rendered":"<p>Inauguraci\u00f3n: Viernes 9 de febrero, a las 20hs en la Sala de Exposiciones Lidaura Chapitel (Drury 665). Entrada abierta y gratuita. Una nueva edici\u00f3n de la exposici\u00f3n colectiva de artistas visuales inaugura este viernes a las 20 hs en la sala municipal Lidaura Chapitel. En esta oportunidad, se exhiben m\u00e1s de cincuenta producciones de San Mart\u00edn de los Andes. Una vasta y diversa realizaci\u00f3n art\u00edstica &hellip; <a href=\"https:\/\/cultura.sma.gob.ar\/?p=5244\" class=\"more-link\">Continue reading <span class=\"screen-reader-text\">EXPOSICI\u00d3N COLECTIVA DE ARTISTAS VISUALES DE SAN MART\u00cdN DE LOS ANDES<\/span><\/a><\/p>\n","protected":false},"author":1,"featured_media":295,"comment_status":"closed","ping_status":"","sticky":false,"template":"","format":"image","meta":{"footnotes":""},"categories":[6,9],"tags":[],"class_list":["post-5244","post","type-post","status-publish","format-image","has-post-thumbnail","hentry","category-sala-lidaura-chapitel","category-ultimas-noticias","post_format-post-format-image"],"_links":{"self":[{"href":"https:\/\/cultura.sma.gob.ar\/index.php?rest_route=\/wp\/v2\/posts\/5244","targetHints":{"allow":["GET"]}}],"collection":[{"href":"https:\/\/cultura.sma.gob.ar\/index.php?rest_route=\/wp\/v2\/posts"}],"about":[{"href":"https:\/\/cultura.sma.gob.ar\/index.php?rest_route=\/wp\/v2\/types\/post"}],"author":[{"embeddable":true,"href":"https:\/\/cultura.sma.gob.ar\/index.php?rest_route=\/wp\/v2\/users\/1"}],"replies":[{"embeddable":true,"href":"https:\/\/cultura.sma.gob.ar\/index.php?rest_route=%2Fwp%2Fv2%2Fcomments&post=5244"}],"version-history":[{"count":1,"href":"https:\/\/cultura.sma.gob.ar\/index.php?rest_route=\/wp\/v2\/posts\/5244\/revisions"}],"predecessor-version":[{"id":5246,"href":"https:\/\/cultura.sma.gob.ar\/index.php?rest_route=\/wp\/v2\/posts\/5244\/revisions\/5246"}],"wp:featuredmedia":[{"embeddable":true,"href":"https:\/\/cultura.sma.gob.ar\/index.php?rest_route=\/wp\/v2\/media\/295"}],"wp:attachment":[{"href":"https:\/\/cultura.sma.gob.ar\/index.php?rest_route=%2Fwp%2Fv2%2Fmedia&parent=5244"}],"wp:term":[{"taxonomy":"category","embeddable":true,"href":"https:\/\/cultura.sma.gob.ar\/index.php?rest_route=%2Fwp%2Fv2%2Fcategories&post=5244"},{"taxonomy":"post_tag","embeddable":true,"href":"https:\/\/cultura.sma.gob.ar\/index.php?rest_route=%2Fwp%2Fv2%2Ftags&post=5244"}],"curies":[{"name":"wp","href":"https:\/\/api.w.org\/{rel}","templated":true}]}}