{"id":5234,"date":"2024-02-05T08:54:23","date_gmt":"2024-02-05T11:54:23","guid":{"rendered":"http:\/\/cultura.sma.gob.ar\/?p=5234"},"modified":"2024-02-05T08:54:23","modified_gmt":"2024-02-05T11:54:23","slug":"se-viene-el-13-carnaval-intercultural-cordillerano","status":"publish","type":"post","link":"https:\/\/cultura.sma.gob.ar\/?p=5234","title":{"rendered":"Se viene el 13\u00b0 Carnaval Intercultural Cordillerano"},"content":{"rendered":"\n<figure class=\"wp-block-image size-large\"><img loading=\"lazy\" decoding=\"async\" width=\"526\" height=\"526\" src=\"https:\/\/cultura.sma.gob.ar\/wp-content\/uploads\/2024\/02\/425624846_770757275082637_4504460673367539594_n.jpg\" alt=\"\" class=\"wp-image-5236\" srcset=\"https:\/\/cultura.sma.gob.ar\/wp-content\/uploads\/2024\/02\/425624846_770757275082637_4504460673367539594_n.jpg 526w, https:\/\/cultura.sma.gob.ar\/wp-content\/uploads\/2024\/02\/425624846_770757275082637_4504460673367539594_n-300x300.jpg 300w, https:\/\/cultura.sma.gob.ar\/wp-content\/uploads\/2024\/02\/425624846_770757275082637_4504460673367539594_n-150x150.jpg 150w, https:\/\/cultura.sma.gob.ar\/wp-content\/uploads\/2024\/02\/425624846_770757275082637_4504460673367539594_n-90x90.jpg 90w\" sizes=\"auto, (max-width: 526px) 100vw, 526px\" \/><\/figure>\n\n\n\n<p>Entre el s\u00e1bado 10 y el lunes 12 de febrero se realizar\u00e1 una nueva edici\u00f3n del Carnaval Intercultural Cordillerano, uno de los acontecimientos culturales m\u00e1s convocantes de nuestra localidad, que contar\u00e1 con la participaci\u00f3n de murgas, caporales, batucadas y comparsas de San Mart\u00edn de los Andes, de otras localidades de la regi\u00f3n y de Chile.<\/p>\n\n\n\n<p>El carnaval <strong>se iniciar\u00e1 el s\u00e1bado 10 de febrero en barrio Las Rosas: a las 17:00 hs <\/strong>en la plaza Eva Per\u00f3n habr\u00e1 un \u201ccarnaval de agua\u201d para los m\u00e1s peque\u00f1os. Y luego se desarrollar\u00e1 el desfile de murgas y otras agrupaciones a lo largo de las calles Quinquela Mart\u00edn y Catamarca. <\/p>\n\n\n\n<p>El evento continuar\u00e1 en <strong>El Arenal, el domingo 11 desde las 18:00 hs<\/strong>, con el ya tradicional desfile por la calle Los Chapeles. <\/p>\n\n\n\n<p>Y para finalizar, el feriado del<strong> lunes 12 en el centro de la ciudad, habr\u00e1 presentaciones de escenario desde las 16.00 hs <\/strong>para luego pasar al desfile de murgas, batucadas, caporales y comparsas por la Avenida San Mart\u00edn.<\/p>\n\n\n\n<p>La organizaci\u00f3n del Carnaval est\u00e1 a cargo de una comisi\u00f3n integrada por agrupaciones carnavaleras locales y representantes de la Secretar\u00eda de Cultura y la Delegaci\u00f3n Municipal de Vega Centro, conformada seg\u00fan lo establece la Ordenanza Municipal 10652\/15.<\/p>\n","protected":false},"excerpt":{"rendered":"<p>Entre el s\u00e1bado 10 y el lunes 12 de febrero se realizar\u00e1 una nueva edici\u00f3n del Carnaval Intercultural Cordillerano, uno de los acontecimientos culturales m\u00e1s convocantes de nuestra localidad, que contar\u00e1 con la participaci\u00f3n de murgas, caporales, batucadas y comparsas de San Mart\u00edn de los Andes, de otras localidades de la regi\u00f3n y de Chile. El carnaval se iniciar\u00e1 el s\u00e1bado 10 de febrero en &hellip; <a href=\"https:\/\/cultura.sma.gob.ar\/?p=5234\" class=\"more-link\">Continue reading <span class=\"screen-reader-text\">Se viene el 13\u00b0 Carnaval Intercultural Cordillerano<\/span><\/a><\/p>\n","protected":false},"author":1,"featured_media":296,"comment_status":"closed","ping_status":"","sticky":false,"template":"","format":"image","meta":{"footnotes":""},"categories":[3,9],"tags":[],"class_list":["post-5234","post","type-post","status-publish","format-image","has-post-thumbnail","hentry","category-eventos-cultura","category-ultimas-noticias","post_format-post-format-image"],"_links":{"self":[{"href":"https:\/\/cultura.sma.gob.ar\/index.php?rest_route=\/wp\/v2\/posts\/5234","targetHints":{"allow":["GET"]}}],"collection":[{"href":"https:\/\/cultura.sma.gob.ar\/index.php?rest_route=\/wp\/v2\/posts"}],"about":[{"href":"https:\/\/cultura.sma.gob.ar\/index.php?rest_route=\/wp\/v2\/types\/post"}],"author":[{"embeddable":true,"href":"https:\/\/cultura.sma.gob.ar\/index.php?rest_route=\/wp\/v2\/users\/1"}],"replies":[{"embeddable":true,"href":"https:\/\/cultura.sma.gob.ar\/index.php?rest_route=%2Fwp%2Fv2%2Fcomments&post=5234"}],"version-history":[{"count":1,"href":"https:\/\/cultura.sma.gob.ar\/index.php?rest_route=\/wp\/v2\/posts\/5234\/revisions"}],"predecessor-version":[{"id":5237,"href":"https:\/\/cultura.sma.gob.ar\/index.php?rest_route=\/wp\/v2\/posts\/5234\/revisions\/5237"}],"wp:featuredmedia":[{"embeddable":true,"href":"https:\/\/cultura.sma.gob.ar\/index.php?rest_route=\/wp\/v2\/media\/296"}],"wp:attachment":[{"href":"https:\/\/cultura.sma.gob.ar\/index.php?rest_route=%2Fwp%2Fv2%2Fmedia&parent=5234"}],"wp:term":[{"taxonomy":"category","embeddable":true,"href":"https:\/\/cultura.sma.gob.ar\/index.php?rest_route=%2Fwp%2Fv2%2Fcategories&post=5234"},{"taxonomy":"post_tag","embeddable":true,"href":"https:\/\/cultura.sma.gob.ar\/index.php?rest_route=%2Fwp%2Fv2%2Ftags&post=5234"}],"curies":[{"name":"wp","href":"https:\/\/api.w.org\/{rel}","templated":true}]}}