{"id":5231,"date":"2024-02-05T08:42:26","date_gmt":"2024-02-05T11:42:26","guid":{"rendered":"http:\/\/cultura.sma.gob.ar\/?p=5231"},"modified":"2024-02-05T08:42:26","modified_gmt":"2024-02-05T11:42:26","slug":"descubrimiento-de-placas-conmemorativas-de-la-restauracion-del-teatro-san-jose","status":"publish","type":"post","link":"https:\/\/cultura.sma.gob.ar\/?p=5231","title":{"rendered":"DESCUBRIMIENTO DE PLACAS CONMEMORATIVAS DE LA RESTAURACI\u00d3N DEL TEATRO SAN JOS\u00c9"},"content":{"rendered":"\n<figure class=\"wp-block-image size-large\"><img loading=\"lazy\" decoding=\"async\" width=\"960\" height=\"693\" src=\"https:\/\/cultura.sma.gob.ar\/wp-content\/uploads\/2024\/02\/425317267_769018285256536_4026207110274180812_n.jpg\" alt=\"\" class=\"wp-image-5232\" srcset=\"https:\/\/cultura.sma.gob.ar\/wp-content\/uploads\/2024\/02\/425317267_769018285256536_4026207110274180812_n.jpg 960w, https:\/\/cultura.sma.gob.ar\/wp-content\/uploads\/2024\/02\/425317267_769018285256536_4026207110274180812_n-300x217.jpg 300w, https:\/\/cultura.sma.gob.ar\/wp-content\/uploads\/2024\/02\/425317267_769018285256536_4026207110274180812_n-768x554.jpg 768w, https:\/\/cultura.sma.gob.ar\/wp-content\/uploads\/2024\/02\/425317267_769018285256536_4026207110274180812_n-125x90.jpg 125w\" sizes=\"auto, (max-width: 960px) 100vw, 960px\" \/><\/figure>\n\n\n\n<p id=\"E54\">El edificio San Jos\u00e9, primera iglesia del pueblo y actual teatro municipal, cumpli\u00f3 100 a\u00f1os en 2023.<\/p>\n\n\n\n<p id=\"E64\">Para celebrar este importante acontecimiento, se lo restaur\u00f3 manteniendo su fisonom\u00eda original.<\/p>\n\n\n\n<p id=\"E66\">Este lunes 5 de febrero de 2024 se realizar\u00e1 el descubrimiento de placas alusivas, con la presencia del gobernador de la Provincia del Neuqu\u00e9n, Cr. Rolando Figueroa, el intendente municipal, Dr. Carlos Saloniti, y el embajador de Francia en Argentina, Sr. Roland Nadal.<\/p>\n\n\n\n<p id=\"E76\">Con la ilustre presencia del se\u00f1or embajador de Francia se estar\u00e1 homenajeando al carpintero Luis Lerin, quien construyo el edificio en 1923 y fue uno de los pioneros de la industria forestal en la regi\u00f3n.<\/p>\n\n\n\n<p id=\"E83\"><strong>Quienes deseen asistir a este acto deben ingresar al patio del teatro por el Museo Municipal Primeros Pobladores. La cita es este lunes 5 de febrero a las 12:45 horas.<\/strong><\/p>\n\n\n\n<p id=\"E88\"><strong>RESE\u00d1A:<\/strong><\/p>\n\n\n\n<p id=\"E90\">El edificio San Jos\u00e9 fue construido en 1923 por Luis Lerin, ciudadano franc\u00e9s que se radic\u00f3 en la localidad a principios de siglo XX.<\/p>\n\n\n\n<p id=\"E97\">Lerin ten\u00eda un aserradero cerca del l\u00edmite con Chile, de all\u00ed provino la madera de raul\u00ed que utiliz\u00f3 para construir la iglesia, empleando tablas traslapadas de una pulgada para el exterior y tablas machimbradas en el interior. El techo original era de tejuelas de alerce.<\/p>\n\n\n\n<p id=\"E116\">Se trata de un edificio de arquitectura austera, representativa del per\u00edodo fundacional.<\/p>\n\n\n\n<p id=\"E122\">Durante cincuenta y siete a\u00f1os se celebraron all\u00ed misas, casamientos, bautismos, comuniones y otras pr\u00e1cticas del culto cat\u00f3lico. Cuando se construy\u00f3 la nueva iglesia, en 1979, el antiguo edificio fue adquirido por la Municipalidad gracias a la gesti\u00f3n del reconocido actor Jorge Villalba, y fue reacondicionado como teatro. Por eso la sala principal lleva su nombre.<\/p>\n\n\n\n<p id=\"E136\">Desde ese momento el edificio alberg\u00f3 numerosas propuestas de artes esc\u00e9nicas y otras actividades culturales, siendo sede de festivales de teatro, conciertos, congresos y ferias.<\/p>\n\n\n\n<p id=\"E141\">En 2023 la Legislatura del Neuqu\u00e9n lo declar\u00f3 Patrimonio Hist\u00f3rico Provincial, coincidiendo con su centenario.<\/p>\n\n\n\n<p id=\"E145\">La obra de restauraci\u00f3n fue financiada por el Instituto de Juegos de Azar del Neuqu\u00e9n. Consisti\u00f3 en reemplazar maderas deterioradas, reforzar las fundaciones, colocar aislamiento t\u00e9rmico y ac\u00fastico a la sala Villalba y realizar una nueva instalaci\u00f3n el\u00e9ctrica, entre otras tareas dirigidas por la arquitecta Mar\u00eda Victoria Neira.<\/p>\n\n\n\n<p id=\"E157\">La restauraci\u00f3n mantuvo la fisonom\u00eda original del edificio, que posee un alto valor patrimonial por su trascendencia hist\u00f3rica, simb\u00f3lica y social, y por su importancia arquitect\u00f3nica, urban\u00edstica y ambiental.<\/p>\n","protected":false},"excerpt":{"rendered":"<p>El edificio San Jos\u00e9, primera iglesia del pueblo y actual teatro municipal, cumpli\u00f3 100 a\u00f1os en 2023. Para celebrar este importante acontecimiento, se lo restaur\u00f3 manteniendo su fisonom\u00eda original. Este lunes 5 de febrero de 2024 se realizar\u00e1 el descubrimiento de placas alusivas, con la presencia del gobernador de la Provincia del Neuqu\u00e9n, Cr. Rolando Figueroa, el intendente municipal, Dr. Carlos Saloniti, y el embajador &hellip; <a href=\"https:\/\/cultura.sma.gob.ar\/?p=5231\" class=\"more-link\">Continue reading <span class=\"screen-reader-text\">DESCUBRIMIENTO DE PLACAS CONMEMORATIVAS DE LA RESTAURACI\u00d3N DEL TEATRO SAN JOS\u00c9<\/span><\/a><\/p>\n","protected":false},"author":1,"featured_media":292,"comment_status":"closed","ping_status":"","sticky":false,"template":"","format":"image","meta":{"footnotes":""},"categories":[8,9],"tags":[],"class_list":["post-5231","post","type-post","status-publish","format-image","has-post-thumbnail","hentry","category-teatro-san-jose","category-ultimas-noticias","post_format-post-format-image"],"_links":{"self":[{"href":"https:\/\/cultura.sma.gob.ar\/index.php?rest_route=\/wp\/v2\/posts\/5231","targetHints":{"allow":["GET"]}}],"collection":[{"href":"https:\/\/cultura.sma.gob.ar\/index.php?rest_route=\/wp\/v2\/posts"}],"about":[{"href":"https:\/\/cultura.sma.gob.ar\/index.php?rest_route=\/wp\/v2\/types\/post"}],"author":[{"embeddable":true,"href":"https:\/\/cultura.sma.gob.ar\/index.php?rest_route=\/wp\/v2\/users\/1"}],"replies":[{"embeddable":true,"href":"https:\/\/cultura.sma.gob.ar\/index.php?rest_route=%2Fwp%2Fv2%2Fcomments&post=5231"}],"version-history":[{"count":1,"href":"https:\/\/cultura.sma.gob.ar\/index.php?rest_route=\/wp\/v2\/posts\/5231\/revisions"}],"predecessor-version":[{"id":5233,"href":"https:\/\/cultura.sma.gob.ar\/index.php?rest_route=\/wp\/v2\/posts\/5231\/revisions\/5233"}],"wp:featuredmedia":[{"embeddable":true,"href":"https:\/\/cultura.sma.gob.ar\/index.php?rest_route=\/wp\/v2\/media\/292"}],"wp:attachment":[{"href":"https:\/\/cultura.sma.gob.ar\/index.php?rest_route=%2Fwp%2Fv2%2Fmedia&parent=5231"}],"wp:term":[{"taxonomy":"category","embeddable":true,"href":"https:\/\/cultura.sma.gob.ar\/index.php?rest_route=%2Fwp%2Fv2%2Fcategories&post=5231"},{"taxonomy":"post_tag","embeddable":true,"href":"https:\/\/cultura.sma.gob.ar\/index.php?rest_route=%2Fwp%2Fv2%2Ftags&post=5231"}],"curies":[{"name":"wp","href":"https:\/\/api.w.org\/{rel}","templated":true}]}}