{"id":523,"date":"2020-11-03T12:14:28","date_gmt":"2020-11-03T15:14:28","guid":{"rendered":"http:\/\/cultura.sma.gob.ar\/?p=523"},"modified":"2020-11-06T22:37:34","modified_gmt":"2020-11-07T01:37:34","slug":"payadores-poesia-oral-improvisada-14-feria-regional-del-libro","status":"publish","type":"post","link":"https:\/\/cultura.sma.gob.ar\/?p=523","title":{"rendered":"Payadores: poes\u00eda oral &#8211; 14\u00b0 Feria regional del Libro"},"content":{"rendered":"\n<figure class=\"wp-block-image size-large\"><img loading=\"lazy\" decoding=\"async\" width=\"781\" height=\"785\" src=\"http:\/\/cultura.sma.gob.ar\/wp-content\/uploads\/2020\/11\/payadores-1.png\" alt=\"\" class=\"wp-image-669\" srcset=\"https:\/\/cultura.sma.gob.ar\/wp-content\/uploads\/2020\/11\/payadores-1.png 781w, https:\/\/cultura.sma.gob.ar\/wp-content\/uploads\/2020\/11\/payadores-1-298x300.png 298w, https:\/\/cultura.sma.gob.ar\/wp-content\/uploads\/2020\/11\/payadores-1-150x150.png 150w, https:\/\/cultura.sma.gob.ar\/wp-content\/uploads\/2020\/11\/payadores-1-768x772.png 768w, https:\/\/cultura.sma.gob.ar\/wp-content\/uploads\/2020\/11\/payadores-1-90x90.png 90w\" sizes=\"auto, (max-width: 781px) 100vw, 781px\" \/><\/figure>\n\n\n\n<p>Por <strong>N\u00e9stor Prieto y Luis Hern\u00e1ndez. Coordinado por Nahuel Trujillo<\/strong><\/p>\n\n\n\n<ul class=\"wp-block-list\"><li>Mi\u00e9rcoles 11 y s\u00e1bado 14- 17 hs&nbsp;<\/li><\/ul>\n\n\n\n<p>En la Delegaci\u00f3n Municipal El Arenal<\/p>\n\n\n\n<p>Dirigido a j\u00f3venes y adultos<\/p>\n\n\n\n<p>Duraci\u00f3n: 2 horas por encuentro.&nbsp;<\/p>\n\n\n\n<h4 class=\"wp-block-heading\">Reserv\u00e1 tu lugar escribiendo a <a href=\"mailto:talleres.cultura@smandes.gov.ar\">talleres.cultura@smandes.gov.ar<\/a> o llamando al 424-804<\/h4>\n\n\n\n<p>Los emblem\u00e1ticos payadores neuquinos N\u00e9stor Prieto y Luis Hern\u00e1ndez dar\u00e1n dos talleres de payada donde hablar\u00e1n de su experiencia y del arte musical de la poes\u00eda oral improvisa, sus t\u00e9cnicas y formas. La actividad estar\u00e1 coordinada por el m\u00fasico y referente de la payada local Nahuel Trujillo.&nbsp;<\/p>\n","protected":false},"excerpt":{"rendered":"<p>Actividad con protocolo sanitario e inscripci\u00f3n previa. <a href=\"https:\/\/cultura.sma.gob.ar\/?p=523\" class=\"more-link\">Continue reading <span class=\"screen-reader-text\">Payadores: poes\u00eda oral &#8211; 14\u00b0 Feria regional del Libro<\/span><\/a><\/p>\n","protected":false},"author":1,"featured_media":296,"comment_status":"closed","ping_status":"","sticky":false,"template":"","format":"image","meta":{"footnotes":""},"categories":[3,9],"tags":[],"class_list":["post-523","post","type-post","status-publish","format-image","has-post-thumbnail","hentry","category-eventos-cultura","category-ultimas-noticias","post_format-post-format-image"],"_links":{"self":[{"href":"https:\/\/cultura.sma.gob.ar\/index.php?rest_route=\/wp\/v2\/posts\/523","targetHints":{"allow":["GET"]}}],"collection":[{"href":"https:\/\/cultura.sma.gob.ar\/index.php?rest_route=\/wp\/v2\/posts"}],"about":[{"href":"https:\/\/cultura.sma.gob.ar\/index.php?rest_route=\/wp\/v2\/types\/post"}],"author":[{"embeddable":true,"href":"https:\/\/cultura.sma.gob.ar\/index.php?rest_route=\/wp\/v2\/users\/1"}],"replies":[{"embeddable":true,"href":"https:\/\/cultura.sma.gob.ar\/index.php?rest_route=%2Fwp%2Fv2%2Fcomments&post=523"}],"version-history":[{"count":3,"href":"https:\/\/cultura.sma.gob.ar\/index.php?rest_route=\/wp\/v2\/posts\/523\/revisions"}],"predecessor-version":[{"id":671,"href":"https:\/\/cultura.sma.gob.ar\/index.php?rest_route=\/wp\/v2\/posts\/523\/revisions\/671"}],"wp:featuredmedia":[{"embeddable":true,"href":"https:\/\/cultura.sma.gob.ar\/index.php?rest_route=\/wp\/v2\/media\/296"}],"wp:attachment":[{"href":"https:\/\/cultura.sma.gob.ar\/index.php?rest_route=%2Fwp%2Fv2%2Fmedia&parent=523"}],"wp:term":[{"taxonomy":"category","embeddable":true,"href":"https:\/\/cultura.sma.gob.ar\/index.php?rest_route=%2Fwp%2Fv2%2Fcategories&post=523"},{"taxonomy":"post_tag","embeddable":true,"href":"https:\/\/cultura.sma.gob.ar\/index.php?rest_route=%2Fwp%2Fv2%2Ftags&post=523"}],"curies":[{"name":"wp","href":"https:\/\/api.w.org\/{rel}","templated":true}]}}