{"id":5212,"date":"2024-01-30T10:25:25","date_gmt":"2024-01-30T13:25:25","guid":{"rendered":"http:\/\/cultura.sma.gob.ar\/?p=5212"},"modified":"2024-01-30T10:25:25","modified_gmt":"2024-01-30T13:25:25","slug":"llega-el-mundo-danza-al-pie-del-lanin","status":"publish","type":"post","link":"https:\/\/cultura.sma.gob.ar\/?p=5212","title":{"rendered":"Llega &#8220;El mundo danza al pie del Lanin&#8221;"},"content":{"rendered":"\n<figure class=\"wp-block-image size-large\"><img loading=\"lazy\" decoding=\"async\" width=\"819\" height=\"1024\" src=\"https:\/\/cultura.sma.gob.ar\/wp-content\/uploads\/2024\/01\/WhatsApp-Image-2024-01-30-at-9.18.53-AM-819x1024.jpeg\" alt=\"\" class=\"wp-image-5213\" srcset=\"https:\/\/cultura.sma.gob.ar\/wp-content\/uploads\/2024\/01\/WhatsApp-Image-2024-01-30-at-9.18.53-AM-819x1024.jpeg 819w, https:\/\/cultura.sma.gob.ar\/wp-content\/uploads\/2024\/01\/WhatsApp-Image-2024-01-30-at-9.18.53-AM-240x300.jpeg 240w, https:\/\/cultura.sma.gob.ar\/wp-content\/uploads\/2024\/01\/WhatsApp-Image-2024-01-30-at-9.18.53-AM-768x960.jpeg 768w, https:\/\/cultura.sma.gob.ar\/wp-content\/uploads\/2024\/01\/WhatsApp-Image-2024-01-30-at-9.18.53-AM-72x90.jpeg 72w, https:\/\/cultura.sma.gob.ar\/wp-content\/uploads\/2024\/01\/WhatsApp-Image-2024-01-30-at-9.18.53-AM.jpeg 1024w\" sizes=\"auto, (max-width: 819px) 100vw, 819px\" \/><\/figure>\n\n\n\n<p><strong>Nos visita el Ballet Folkl\u00f3rico del Estado de Michoac\u00e1n,\u00a0M\u00e9xico!<\/strong><\/p>\n\n\n\n<p><strong>No te pierdas esta inolvidable presentaci\u00f3n de artistas internacionales, se presentan en el marco del Festival Nacional e Internacional &#8220;El mundo danza al pie del Lan\u00edn&#8221;, organizado por el Grupo de Danzas Albricias, a quienes tambi\u00e9n podremos ver en el escenario.\u00a0<\/strong><\/p>\n\n\n\n<p><strong>El Ballet Folkl\u00f3rico del Estado de Michoac\u00e1n recibi\u00f3 recientemente en su pa\u00eds al grupo local Albricias, por lo que es un honor poder traerlos a la Patagonia Argentina. Los esperamos a todos el Jueves 15 a las 21hs para disfrutar de este hermoso intercambio cultural!<\/strong><\/p>\n\n\n\n<p><strong><em>Entradas a\u00a0$4000\u00a0anticipadas y en puerta el mismo d\u00eda a\u00a0$4500. Ya se encuentran a la venta en la boleter\u00eda de martes a domingos desde las 17hs.\u00a0<\/em><\/strong><\/p>\n","protected":false},"excerpt":{"rendered":"<p>Nos visita el Ballet Folkl\u00f3rico del Estado de Michoac\u00e1n,\u00a0M\u00e9xico! No te pierdas esta inolvidable presentaci\u00f3n de artistas internacionales, se presentan en el marco del Festival Nacional e Internacional &#8220;El mundo danza al pie del Lan\u00edn&#8221;, organizado por el Grupo de Danzas Albricias, a quienes tambi\u00e9n podremos ver en el escenario.\u00a0 El Ballet Folkl\u00f3rico del Estado de Michoac\u00e1n recibi\u00f3 recientemente en su pa\u00eds al grupo local &hellip; <a href=\"https:\/\/cultura.sma.gob.ar\/?p=5212\" class=\"more-link\">Continue reading <span class=\"screen-reader-text\">Llega &#8220;El mundo danza al pie del Lanin&#8221;<\/span><\/a><\/p>\n","protected":false},"author":1,"featured_media":297,"comment_status":"closed","ping_status":"","sticky":false,"template":"","format":"image","meta":{"footnotes":""},"categories":[2,9],"tags":[],"class_list":["post-5212","post","type-post","status-publish","format-image","has-post-thumbnail","hentry","category-ciudad-cultural","category-ultimas-noticias","post_format-post-format-image"],"_links":{"self":[{"href":"https:\/\/cultura.sma.gob.ar\/index.php?rest_route=\/wp\/v2\/posts\/5212","targetHints":{"allow":["GET"]}}],"collection":[{"href":"https:\/\/cultura.sma.gob.ar\/index.php?rest_route=\/wp\/v2\/posts"}],"about":[{"href":"https:\/\/cultura.sma.gob.ar\/index.php?rest_route=\/wp\/v2\/types\/post"}],"author":[{"embeddable":true,"href":"https:\/\/cultura.sma.gob.ar\/index.php?rest_route=\/wp\/v2\/users\/1"}],"replies":[{"embeddable":true,"href":"https:\/\/cultura.sma.gob.ar\/index.php?rest_route=%2Fwp%2Fv2%2Fcomments&post=5212"}],"version-history":[{"count":1,"href":"https:\/\/cultura.sma.gob.ar\/index.php?rest_route=\/wp\/v2\/posts\/5212\/revisions"}],"predecessor-version":[{"id":5214,"href":"https:\/\/cultura.sma.gob.ar\/index.php?rest_route=\/wp\/v2\/posts\/5212\/revisions\/5214"}],"wp:featuredmedia":[{"embeddable":true,"href":"https:\/\/cultura.sma.gob.ar\/index.php?rest_route=\/wp\/v2\/media\/297"}],"wp:attachment":[{"href":"https:\/\/cultura.sma.gob.ar\/index.php?rest_route=%2Fwp%2Fv2%2Fmedia&parent=5212"}],"wp:term":[{"taxonomy":"category","embeddable":true,"href":"https:\/\/cultura.sma.gob.ar\/index.php?rest_route=%2Fwp%2Fv2%2Fcategories&post=5212"},{"taxonomy":"post_tag","embeddable":true,"href":"https:\/\/cultura.sma.gob.ar\/index.php?rest_route=%2Fwp%2Fv2%2Ftags&post=5212"}],"curies":[{"name":"wp","href":"https:\/\/api.w.org\/{rel}","templated":true}]}}