{"id":5209,"date":"2024-01-30T10:17:13","date_gmt":"2024-01-30T13:17:13","guid":{"rendered":"http:\/\/cultura.sma.gob.ar\/?p=5209"},"modified":"2024-01-30T10:17:13","modified_gmt":"2024-01-30T13:17:13","slug":"rnu-cotesma-taller-de-dibujo-y-observacion-en-la-naturaleza","status":"publish","type":"post","link":"https:\/\/cultura.sma.gob.ar\/?p=5209","title":{"rendered":"RNU Cotesma: taller de dibujo y observaci\u00f3n en la naturaleza"},"content":{"rendered":"\n<figure class=\"wp-block-image size-large\"><img loading=\"lazy\" decoding=\"async\" width=\"1024\" height=\"1024\" src=\"https:\/\/cultura.sma.gob.ar\/wp-content\/uploads\/2024\/01\/WhatsApp-Image-2024-01-30-at-10.06.33-AM-1024x1024.jpeg\" alt=\"\" class=\"wp-image-5210\" srcset=\"https:\/\/cultura.sma.gob.ar\/wp-content\/uploads\/2024\/01\/WhatsApp-Image-2024-01-30-at-10.06.33-AM-1024x1024.jpeg 1024w, https:\/\/cultura.sma.gob.ar\/wp-content\/uploads\/2024\/01\/WhatsApp-Image-2024-01-30-at-10.06.33-AM-300x300.jpeg 300w, https:\/\/cultura.sma.gob.ar\/wp-content\/uploads\/2024\/01\/WhatsApp-Image-2024-01-30-at-10.06.33-AM-150x150.jpeg 150w, https:\/\/cultura.sma.gob.ar\/wp-content\/uploads\/2024\/01\/WhatsApp-Image-2024-01-30-at-10.06.33-AM-768x768.jpeg 768w, https:\/\/cultura.sma.gob.ar\/wp-content\/uploads\/2024\/01\/WhatsApp-Image-2024-01-30-at-10.06.33-AM-90x90.jpeg 90w, https:\/\/cultura.sma.gob.ar\/wp-content\/uploads\/2024\/01\/WhatsApp-Image-2024-01-30-at-10.06.33-AM.jpeg 1080w\" sizes=\"auto, (max-width: 1024px) 100vw, 1024px\" \/><\/figure>\n\n\n\n<p>En el marco del d\u00eda de los humedales, te invitamos a participar del taller \u201cDibujo y observaci\u00f3n en la naturaleza\u201d coordinado por el artista local Federico Peralta. En este encuentro vamos a intercambiar saberes sobre los mallines y aprender diferentes t\u00e9cnicas para dibujar el paisaje.<br>\u27a1\u00bfCu\u00e1ndo? S\u00e1bado 3 de febrero, de 18hs a 20:30 hs.<br>\u27a1\u00bfD\u00f3nde? En la Reserva Natural Urbana Cotesma.<br>\u27a1\u00bfQu\u00e9 necesito llevar? Los materiales con los que quieras trabajar (l\u00e1pices, crayones, pintura, acuarela, lapiceras, fibrones, etc.) y hojas. Tambi\u00e9n gorra, una botella de agua y calzado c\u00f3modo.<br>\u27a1No se necesita experiencia previa, solo ganas de dibujar y estar en la naturaleza.<br>\u27a1El taller tiene un valor de $3.000 por persona.<br>Las personas interesadas pueden inscribirse mandando un mail a extensionrnu@gmail.com \u00a1CUPOS&nbsp;LIMITADOS!<\/p>\n","protected":false},"excerpt":{"rendered":"<p>En el marco del d\u00eda de los humedales, te invitamos a participar del taller \u201cDibujo y observaci\u00f3n en la naturaleza\u201d coordinado por el artista local Federico Peralta. En este encuentro vamos a intercambiar saberes sobre los mallines y aprender diferentes t\u00e9cnicas para dibujar el paisaje.\u27a1\u00bfCu\u00e1ndo? S\u00e1bado 3 de febrero, de 18hs a 20:30 hs.\u27a1\u00bfD\u00f3nde? En la Reserva Natural Urbana Cotesma.\u27a1\u00bfQu\u00e9 necesito llevar? Los materiales con &hellip; <a href=\"https:\/\/cultura.sma.gob.ar\/?p=5209\" class=\"more-link\">Continue reading <span class=\"screen-reader-text\">RNU Cotesma: taller de dibujo y observaci\u00f3n en la naturaleza<\/span><\/a><\/p>\n","protected":false},"author":1,"featured_media":297,"comment_status":"closed","ping_status":"","sticky":false,"template":"","format":"image","meta":{"footnotes":""},"categories":[2,9],"tags":[],"class_list":["post-5209","post","type-post","status-publish","format-image","has-post-thumbnail","hentry","category-ciudad-cultural","category-ultimas-noticias","post_format-post-format-image"],"_links":{"self":[{"href":"https:\/\/cultura.sma.gob.ar\/index.php?rest_route=\/wp\/v2\/posts\/5209","targetHints":{"allow":["GET"]}}],"collection":[{"href":"https:\/\/cultura.sma.gob.ar\/index.php?rest_route=\/wp\/v2\/posts"}],"about":[{"href":"https:\/\/cultura.sma.gob.ar\/index.php?rest_route=\/wp\/v2\/types\/post"}],"author":[{"embeddable":true,"href":"https:\/\/cultura.sma.gob.ar\/index.php?rest_route=\/wp\/v2\/users\/1"}],"replies":[{"embeddable":true,"href":"https:\/\/cultura.sma.gob.ar\/index.php?rest_route=%2Fwp%2Fv2%2Fcomments&post=5209"}],"version-history":[{"count":1,"href":"https:\/\/cultura.sma.gob.ar\/index.php?rest_route=\/wp\/v2\/posts\/5209\/revisions"}],"predecessor-version":[{"id":5211,"href":"https:\/\/cultura.sma.gob.ar\/index.php?rest_route=\/wp\/v2\/posts\/5209\/revisions\/5211"}],"wp:featuredmedia":[{"embeddable":true,"href":"https:\/\/cultura.sma.gob.ar\/index.php?rest_route=\/wp\/v2\/media\/297"}],"wp:attachment":[{"href":"https:\/\/cultura.sma.gob.ar\/index.php?rest_route=%2Fwp%2Fv2%2Fmedia&parent=5209"}],"wp:term":[{"taxonomy":"category","embeddable":true,"href":"https:\/\/cultura.sma.gob.ar\/index.php?rest_route=%2Fwp%2Fv2%2Fcategories&post=5209"},{"taxonomy":"post_tag","embeddable":true,"href":"https:\/\/cultura.sma.gob.ar\/index.php?rest_route=%2Fwp%2Fv2%2Ftags&post=5209"}],"curies":[{"name":"wp","href":"https:\/\/api.w.org\/{rel}","templated":true}]}}