{"id":5205,"date":"2024-01-24T07:46:27","date_gmt":"2024-01-24T10:46:27","guid":{"rendered":"http:\/\/cultura.sma.gob.ar\/?p=5205"},"modified":"2024-01-24T07:46:27","modified_gmt":"2024-01-24T10:46:27","slug":"la-arrabalera-humor-y-acrobacias-en-el-centro-cultural-cotesma","status":"publish","type":"post","link":"https:\/\/cultura.sma.gob.ar\/?p=5205","title":{"rendered":"&#8220;La Arrabalera&#8221;: humor y acrobacias en el Centro Cultural Cotesma"},"content":{"rendered":"\n<figure class=\"wp-block-image size-large\"><img loading=\"lazy\" decoding=\"async\" width=\"1024\" height=\"1024\" src=\"https:\/\/cultura.sma.gob.ar\/wp-content\/uploads\/2024\/01\/La-Arrabalera-2-1024x1024.png\" alt=\"\" class=\"wp-image-5206\" srcset=\"https:\/\/cultura.sma.gob.ar\/wp-content\/uploads\/2024\/01\/La-Arrabalera-2-1024x1024.png 1024w, https:\/\/cultura.sma.gob.ar\/wp-content\/uploads\/2024\/01\/La-Arrabalera-2-300x300.png 300w, https:\/\/cultura.sma.gob.ar\/wp-content\/uploads\/2024\/01\/La-Arrabalera-2-150x150.png 150w, https:\/\/cultura.sma.gob.ar\/wp-content\/uploads\/2024\/01\/La-Arrabalera-2-768x768.png 768w, https:\/\/cultura.sma.gob.ar\/wp-content\/uploads\/2024\/01\/La-Arrabalera-2-90x90.png 90w, https:\/\/cultura.sma.gob.ar\/wp-content\/uploads\/2024\/01\/La-Arrabalera-2.png 1080w\" sizes=\"auto, (max-width: 1024px) 100vw, 1024px\" \/><\/figure>\n\n\n\n<p>El viernes 26 de enero, a las 21 hs en la sala Amankay del Centro Cultural Cotesma se presenta La Arrabalera, un espect\u00e1culo de circo-danza que combina tango, acrobacia, malabares y humor. <\/p>\n\n\n\n<p>&#8220;Dos bailarines de tango se rencuentran frente a su p\u00fablico una vez m\u00e1s, aunque ha pasado el tiempo, intentar\u00e1n recordar sus a\u00f1os de gloria. A trav\u00e9s de milongas y acrobacias, ochos, ganchos y boleas se adentraran en un absurdo acontecer de danza y humor.&#8221;\u00a0<\/p>\n\n\n\n<p>Las entradas anticipadas con descuento se pueden adquirir hasta el 24 de enero a $3000, y luego a $3500 hasta el d\u00eda de la funci\u00f3n en la boleter\u00eda del Centro Cultural Cotesma.<\/p>\n\n\n\n<p>La Arrabalera creada en Rosario, Santa Fe en el a\u00f1o 2022 realiz\u00f3 su primera gira por Brasil en el verano de 2022\\23. En septiembre de 2023 participan del festival &#8220;Circo en escena&#8221; (C\u00f3rdoba), y en noviembre viajan a Uruguay para participar de la convenci\u00f3n internacional de circo del Uruguay. Actualmente giran por la Patagonia, Argentina.\u00a0<\/p>\n\n\n\n<p><strong>S\u00edntesis argumental<\/strong>:\u00a0 Una est\u00e9tica cl\u00e1sica, un di\u00e1logo constante entre el tango tradicional y el lenguaje del clown que construye un universo melodram\u00e1tico, rom\u00e1ntico y lleno de destrezas corporales. Entre el caos y la coreograf\u00eda nace una historia de danza de sal\u00f3n, que a su vez quiebra con los roles preestablecidos de g\u00e9nero y pone en valor las ra\u00edces multi\u00e9tnicas y pluriculturales del tango. Esta obra \u00fanica y peculiar nos sumerge en un mundo donde la palabra, se vuelve poes\u00eda, los objetos en malabares, el movimiento en danza. Y as\u00ed logra un lenguaje de entendimiento universal y car\u00e1cter popular.<\/p>\n","protected":false},"excerpt":{"rendered":"<p>El viernes 26 de enero, a las 21 hs en la sala Amankay del Centro Cultural Cotesma se presenta La Arrabalera, un espect\u00e1culo de circo-danza que combina tango, acrobacia, malabares y humor. &#8220;Dos bailarines de tango se rencuentran frente a su p\u00fablico una vez m\u00e1s, aunque ha pasado el tiempo, intentar\u00e1n recordar sus a\u00f1os de gloria. A trav\u00e9s de milongas y acrobacias, ochos, ganchos y &hellip; <a href=\"https:\/\/cultura.sma.gob.ar\/?p=5205\" class=\"more-link\">Continue reading <span class=\"screen-reader-text\">&#8220;La Arrabalera&#8221;: humor y acrobacias en el Centro Cultural Cotesma<\/span><\/a><\/p>\n","protected":false},"author":1,"featured_media":297,"comment_status":"closed","ping_status":"","sticky":false,"template":"","format":"image","meta":{"footnotes":""},"categories":[2,9],"tags":[],"class_list":["post-5205","post","type-post","status-publish","format-image","has-post-thumbnail","hentry","category-ciudad-cultural","category-ultimas-noticias","post_format-post-format-image"],"_links":{"self":[{"href":"https:\/\/cultura.sma.gob.ar\/index.php?rest_route=\/wp\/v2\/posts\/5205","targetHints":{"allow":["GET"]}}],"collection":[{"href":"https:\/\/cultura.sma.gob.ar\/index.php?rest_route=\/wp\/v2\/posts"}],"about":[{"href":"https:\/\/cultura.sma.gob.ar\/index.php?rest_route=\/wp\/v2\/types\/post"}],"author":[{"embeddable":true,"href":"https:\/\/cultura.sma.gob.ar\/index.php?rest_route=\/wp\/v2\/users\/1"}],"replies":[{"embeddable":true,"href":"https:\/\/cultura.sma.gob.ar\/index.php?rest_route=%2Fwp%2Fv2%2Fcomments&post=5205"}],"version-history":[{"count":1,"href":"https:\/\/cultura.sma.gob.ar\/index.php?rest_route=\/wp\/v2\/posts\/5205\/revisions"}],"predecessor-version":[{"id":5207,"href":"https:\/\/cultura.sma.gob.ar\/index.php?rest_route=\/wp\/v2\/posts\/5205\/revisions\/5207"}],"wp:featuredmedia":[{"embeddable":true,"href":"https:\/\/cultura.sma.gob.ar\/index.php?rest_route=\/wp\/v2\/media\/297"}],"wp:attachment":[{"href":"https:\/\/cultura.sma.gob.ar\/index.php?rest_route=%2Fwp%2Fv2%2Fmedia&parent=5205"}],"wp:term":[{"taxonomy":"category","embeddable":true,"href":"https:\/\/cultura.sma.gob.ar\/index.php?rest_route=%2Fwp%2Fv2%2Fcategories&post=5205"},{"taxonomy":"post_tag","embeddable":true,"href":"https:\/\/cultura.sma.gob.ar\/index.php?rest_route=%2Fwp%2Fv2%2Ftags&post=5205"}],"curies":[{"name":"wp","href":"https:\/\/api.w.org\/{rel}","templated":true}]}}