{"id":5200,"date":"2024-01-23T12:13:43","date_gmt":"2024-01-23T15:13:43","guid":{"rendered":"http:\/\/cultura.sma.gob.ar\/?p=5200"},"modified":"2024-01-23T12:13:43","modified_gmt":"2024-01-23T15:13:43","slug":"27-de-enero-noche-de-los-museo-y-las-salas-de-arte","status":"publish","type":"post","link":"https:\/\/cultura.sma.gob.ar\/?p=5200","title":{"rendered":"27 de enero: Noche De los Museo y las Salas de Arte"},"content":{"rendered":"\n<p id=\"E87\">Este<strong> s\u00e1bado 27 de enero , de 19 a 00 hs<\/strong>, se podr\u00e1 disfrutar de una nueva edici\u00f3n de la Noche de los Museos y las Salas de Arte,  un evento de entrada libre que consiste en abrir todos los museos y salas de arte de la ciudad, con recorridos espont\u00e1neos o visitas guiadas.<\/p>\n\n\n\n<p id=\"E101\">Durante esta noche, se genera un circuito cultural que establece un dialogo interdisciplinario entre los distintos espacios expositivos, mostr\u00e1ndolos de un modo diferente.<\/p>\n\n\n\n<figure class=\"wp-block-image size-large\"><img loading=\"lazy\" decoding=\"async\" width=\"1024\" height=\"1024\" src=\"http:\/\/cultura.sma.gob.ar\/wp-content\/uploads\/2024\/01\/SMA-PH0007-Noche-de-los-Museos-y-salas-de-Arte-2024-RRSS_B-1x1-1-1024x1024.jpg\" alt=\"\" class=\"wp-image-5201\" srcset=\"https:\/\/cultura.sma.gob.ar\/wp-content\/uploads\/2024\/01\/SMA-PH0007-Noche-de-los-Museos-y-salas-de-Arte-2024-RRSS_B-1x1-1-1024x1024.jpg 1024w, https:\/\/cultura.sma.gob.ar\/wp-content\/uploads\/2024\/01\/SMA-PH0007-Noche-de-los-Museos-y-salas-de-Arte-2024-RRSS_B-1x1-1-300x300.jpg 300w, https:\/\/cultura.sma.gob.ar\/wp-content\/uploads\/2024\/01\/SMA-PH0007-Noche-de-los-Museos-y-salas-de-Arte-2024-RRSS_B-1x1-1-150x150.jpg 150w, https:\/\/cultura.sma.gob.ar\/wp-content\/uploads\/2024\/01\/SMA-PH0007-Noche-de-los-Museos-y-salas-de-Arte-2024-RRSS_B-1x1-1-768x768.jpg 768w, https:\/\/cultura.sma.gob.ar\/wp-content\/uploads\/2024\/01\/SMA-PH0007-Noche-de-los-Museos-y-salas-de-Arte-2024-RRSS_B-1x1-1-1536x1536.jpg 1536w, https:\/\/cultura.sma.gob.ar\/wp-content\/uploads\/2024\/01\/SMA-PH0007-Noche-de-los-Museos-y-salas-de-Arte-2024-RRSS_B-1x1-1-2048x2048.jpg 2048w, https:\/\/cultura.sma.gob.ar\/wp-content\/uploads\/2024\/01\/SMA-PH0007-Noche-de-los-Museos-y-salas-de-Arte-2024-RRSS_B-1x1-1-90x90.jpg 90w\" sizes=\"auto, (max-width: 1024px) 100vw, 1024px\" \/><\/figure>\n\n\n\n<h2 class=\"wp-block-heading\" id=\"E105\"><strong>MUSEOS Y SALAS DE ARTE:<\/strong><\/h2>\n\n\n\n<ul class=\"wp-block-list\"><li><strong>Museo Municipal Primeros Pobladores <\/strong>\/ <em>Juan Manuel de Rosas al 500<\/em><\/li><li><strong>Edificio San Jos\u00e9<\/strong> \/ <em>Cap. Drury 759<\/em><\/li><li><strong>Centro de Visitantes y Museo del Parque Nacional Lan\u00edn<\/strong> \/<em>Emilio Frey 749<\/em> <strong>(Abierto de 19 a 22 hs<\/strong>)<\/li><li><strong>Museo del Holocausto, Comunidad Hebrea<\/strong> \/ <em>Cnel. Rodhe 775<\/em><\/li><li><strong>Sala Municipal de Exposiciones Lidaura Chapite<\/strong>l \/<em>Cap. Drury 665<\/em><\/li><li>Traslados a <strong>Colecci\u00f3n George<\/strong> \/\u00fanica salida 20:30 hs<\/li><li><strong>Museo y Casa Chidiak<\/strong> (Cotesma) \/<em>Gral. Roca 1084<\/em><\/li><li><strong>La Pastera, museo del Che<\/strong> \/<em>Sarmiento y R. Roca<\/em><\/li><li><strong>Sala Gunther Blass<\/strong> (Centro Cultural Cotesma) \/ Gral. Roca 1154<\/li><\/ul>\n\n\n\n<h2 class=\"wp-block-heading\" id=\"E193\"><strong>VISITA GUIADA CENTRO <\/strong><strong>C\u00cdVICO<\/strong><\/h2>\n\n\n\n<p id=\"E196\"><strong>\u201cCuriosidades del Centro C\u00edvico&#8221; <\/strong>\/ Punto de encuentro: Museo Municipal Primeros Pobladores. Salidas 20 y 20: 40 hs<\/p>\n\n\n\n<h2 class=\"wp-block-heading\" id=\"E214\"><strong>VISITA GUIADA EDIFICIO TEATRO SAN JOS<\/strong>\u00c9<\/h2>\n\n\n\n<p id=\"E216\"><strong>\u201c100 a\u00f1os Edificio San Jos\u00e9 \u201c<\/strong>. Salidas 19, 20 ,21 y 22 hs<\/p>\n\n\n\n<figure class=\"wp-block-image size-large\"><img loading=\"lazy\" decoding=\"async\" width=\"1024\" height=\"1024\" src=\"http:\/\/cultura.sma.gob.ar\/wp-content\/uploads\/2024\/01\/SMA-PH0007-Noche-de-los-Museos-y-salas-de-Arte-2024-RRSS_A-1x1-1-1024x1024.jpg\" alt=\"\" class=\"wp-image-5202\" srcset=\"https:\/\/cultura.sma.gob.ar\/wp-content\/uploads\/2024\/01\/SMA-PH0007-Noche-de-los-Museos-y-salas-de-Arte-2024-RRSS_A-1x1-1-1024x1024.jpg 1024w, https:\/\/cultura.sma.gob.ar\/wp-content\/uploads\/2024\/01\/SMA-PH0007-Noche-de-los-Museos-y-salas-de-Arte-2024-RRSS_A-1x1-1-300x300.jpg 300w, https:\/\/cultura.sma.gob.ar\/wp-content\/uploads\/2024\/01\/SMA-PH0007-Noche-de-los-Museos-y-salas-de-Arte-2024-RRSS_A-1x1-1-150x150.jpg 150w, https:\/\/cultura.sma.gob.ar\/wp-content\/uploads\/2024\/01\/SMA-PH0007-Noche-de-los-Museos-y-salas-de-Arte-2024-RRSS_A-1x1-1-768x768.jpg 768w, https:\/\/cultura.sma.gob.ar\/wp-content\/uploads\/2024\/01\/SMA-PH0007-Noche-de-los-Museos-y-salas-de-Arte-2024-RRSS_A-1x1-1-1536x1536.jpg 1536w, https:\/\/cultura.sma.gob.ar\/wp-content\/uploads\/2024\/01\/SMA-PH0007-Noche-de-los-Museos-y-salas-de-Arte-2024-RRSS_A-1x1-1-2048x2048.jpg 2048w, https:\/\/cultura.sma.gob.ar\/wp-content\/uploads\/2024\/01\/SMA-PH0007-Noche-de-los-Museos-y-salas-de-Arte-2024-RRSS_A-1x1-1-90x90.jpg 90w\" sizes=\"auto, (max-width: 1024px) 100vw, 1024px\" \/><\/figure>\n\n\n\n<p id=\"E224\"><strong>Museo Municipal Primeros Pobladores<\/strong><\/p>\n\n\n\n<p id=\"E226\">Es un edificio patrimonial, construido en 1931, fue la sede de la primer comisi\u00f3n de fomento y un es arquetipo de la arquitectura del \u201cper\u00edodo fundacional\u201d de San Mart\u00edn de los Andes declarado Patrimonio Hist\u00f3rico Provincial. Actualmente presenta la muestra \u201cEl valle del Pocahullo\u201d que recoge fragmentos de la historia local desde tiempo precolombinos hasta la d\u00e9cada del 60.<\/p>\n\n\n\n<p id=\"E241\"><strong>Edificio San Jos\u00e9<\/strong><\/p>\n\n\n\n<p id=\"E243\">Este edificio nace como iglesia cat\u00f3lica en 1923, est\u00e1 construido con madera de raul\u00ed y es representativo de la arquitectura del per\u00edodo fundacional. En 1982 fue adquirido por la Municipalidad para que funcione all\u00ed el Teatro Municipal. Con motivo de cumplirse 100 a\u00f1os del edificio, se realiz\u00f3 una importante obra de restauraci\u00f3n y fue declarado Patrimonio Hist\u00f3rico Provincial.<\/p>\n\n\n\n<p id=\"E250\"><strong>Centro de Visitantes y Museo del Parque Nacional <\/strong><strong>Lan\u00edn<\/strong><strong> <\/strong><strong><\/strong><strong> &#8211; Abierto de 19 a 22 hs-<\/strong><\/p>\n\n\n\n<p id=\"E258\">Funciona en la vieja Intendencia del Parque Nacional Lan\u00edn, \u00fanico edificio de la ciudad declarado Monumento Hist\u00f3rico Nacional. Posee dos muestras permanentes: una hist\u00f3rica, sobre la ocupaci\u00f3n de territorio patag\u00f3nico y la creaci\u00f3n de los parques nacionales, y otra de biodiversidad, sobre la flora y fauna aut\u00f3ctona y la importancia del bosque andino patag\u00f3nico como regulador de cuencas h\u00eddricas.<\/p>\n\n\n\n<p id=\"E264\">Y en la planta alta se exhibe la muestra: &#8221; Dibujos a l\u00e1piz&#8221;&nbsp; de la artista local Laura Machin.<\/p>\n\n\n\n<p id=\"E271\"><strong>Museo <\/strong><strong>del Holocausto, Comunidad Hebrea<\/strong><\/p>\n\n\n\n<p id=\"E274\">El Museo Hebreo Patag\u00f3nico es un espacio vivencial que integra la historia de la comunidad jud\u00eda, dando a conocer su pasado y presente, tanto a nivel internacional como en Argentina y particularmente en la Patagonia, con el objetivo de educar a las nuevas generaciones y preservar la memoria. A trav\u00e9s de objetos, documentos y testimonios de miembros de nuestra comunidad.<\/p>\n\n\n\n<p id=\"E278\"><strong>Sala Municipal de Exposiciones <\/strong><strong>Lidaura<\/strong><strong> Chapitel<\/strong><\/p>\n\n\n\n<p id=\"E284\">Durante todo el a\u00f1o exhibe muestras de artistas visuales, tanto de San Mart\u00edn de los Andes como de otras ciudades del pa\u00eds, seleccionados por un jurado externo. Tambi\u00e9n alberga muestras con tem\u00e1ticas espec\u00edficas asociadas a eventos culturales. En este momento se encuentra la muestra&nbsp;\u201cJard\u00edn de papel&#8221;&nbsp;de la&nbsp;artista local&nbsp;Viviana Erreclade. La instalaci\u00f3n traza un camino hacia la conexi\u00f3n con nuestro Ser, tomando la imagen del jard\u00edn como met\u00e1fora del alma, inspirada por versos de Antonio Machado.&nbsp;<\/p>\n\n\n\n<p id=\"E297\"><strong>Casa Chidiak <\/strong><\/p>\n\n\n\n<p id=\"E303\">Fue construida en 1907 y perteneci\u00f3 a una de las familias pioneras de la localidad. Para su resguardo y preservaci\u00f3n, en 2003 fue adquirida por Cotesma, la cooperativa telef\u00f3nica local, que luego desarroll\u00f3 un extraordinario trabajo de recuperaci\u00f3n y restauraci\u00f3n del inmueble. En su interior se recrea la ambientaci\u00f3n t\u00edpica de una casa de principios del siglo XX.<\/p>\n\n\n\n<p id=\"E310\"><strong>La Pastera, museo del Che<\/strong><\/p>\n\n\n\n<p id=\"E312\">La Pastera es una alternativa distinta para conocer la vida, obra y el pensamiento de Ernesto Che Guevara. El edificio es una pieza hist\u00f3rica; preservada, recuperada y puesta en valor. All\u00ed pernoctaron Che y Alberto Granado durante el viaje en motocicleta que realizaron en motocicleta por Sudam\u00e9rica en 1952.<\/p>\n\n\n\n<p id=\"E315\"><strong>Sala <\/strong><strong>Gunther<\/strong><strong> <\/strong><strong>Blass<\/strong><strong><\/strong><\/p>\n\n\n\n<p id=\"E325\">Es el espacio expositivo del Centro Cultural Cotesma, en el que&nbsp;han expuesto a lo largo de los a\u00f1os una innumerable&nbsp;cantidad de artistas, tanto emergentes como consagrados. Lleva el nombre del entra\u00f1able pintor y escultor austr\u00edaco, radicado en San Mart\u00edn de los Andes en 1971. En este momento se encuentra la muestra&nbsp; del artista local&nbsp; Gabriel Humberto Chamorro, que expone &#8220;Paisajes Urbanos&#8221; con la t\u00e9cnica&nbsp;de&nbsp;temple al huevo&nbsp;y \u00f3leo sobre tela.&nbsp;<\/p>\n\n\n\n<p id=\"E334\"><strong>Colecci\u00f3n <\/strong><strong>Georg<\/strong><strong><\/strong><\/p>\n\n\n\n<p id=\"E340\">Aqu\u00ed se encuentran las obras pict\u00f3ricas y fotogr\u00e1ficas de diez integrantes de la familia Miciu, junto a pinturas y esculturas de otros artistas, en su mayor\u00eda de la Patagonia. El edificio que alberga esta colecci\u00f3n, desarrollado bajo el concepto de galer\u00eda-museo, y el entorno en el que se emplaza, representan un atractivo en s\u00ed mismo.<\/p>\n","protected":false},"excerpt":{"rendered":"<p>Este s\u00e1bado 27 de enero , de 19 a 00 hs, se podr\u00e1 disfrutar de una nueva edici\u00f3n de la Noche de los Museos y las Salas de Arte, un evento de entrada libre que consiste en abrir todos los museos y salas de arte de la ciudad, con recorridos espont\u00e1neos o visitas guiadas. Durante esta noche, se genera un circuito cultural que establece un &hellip; <a href=\"https:\/\/cultura.sma.gob.ar\/?p=5200\" class=\"more-link\">Continue reading <span class=\"screen-reader-text\">27 de enero: Noche De los Museo y las Salas de Arte<\/span><\/a><\/p>\n","protected":false},"author":1,"featured_media":291,"comment_status":"closed","ping_status":"","sticky":false,"template":"","format":"image","meta":{"footnotes":""},"categories":[5,9],"tags":[],"class_list":["post-5200","post","type-post","status-publish","format-image","has-post-thumbnail","hentry","category-patrimonio-cultural","category-ultimas-noticias","post_format-post-format-image"],"_links":{"self":[{"href":"https:\/\/cultura.sma.gob.ar\/index.php?rest_route=\/wp\/v2\/posts\/5200","targetHints":{"allow":["GET"]}}],"collection":[{"href":"https:\/\/cultura.sma.gob.ar\/index.php?rest_route=\/wp\/v2\/posts"}],"about":[{"href":"https:\/\/cultura.sma.gob.ar\/index.php?rest_route=\/wp\/v2\/types\/post"}],"author":[{"embeddable":true,"href":"https:\/\/cultura.sma.gob.ar\/index.php?rest_route=\/wp\/v2\/users\/1"}],"replies":[{"embeddable":true,"href":"https:\/\/cultura.sma.gob.ar\/index.php?rest_route=%2Fwp%2Fv2%2Fcomments&post=5200"}],"version-history":[{"count":1,"href":"https:\/\/cultura.sma.gob.ar\/index.php?rest_route=\/wp\/v2\/posts\/5200\/revisions"}],"predecessor-version":[{"id":5203,"href":"https:\/\/cultura.sma.gob.ar\/index.php?rest_route=\/wp\/v2\/posts\/5200\/revisions\/5203"}],"wp:featuredmedia":[{"embeddable":true,"href":"https:\/\/cultura.sma.gob.ar\/index.php?rest_route=\/wp\/v2\/media\/291"}],"wp:attachment":[{"href":"https:\/\/cultura.sma.gob.ar\/index.php?rest_route=%2Fwp%2Fv2%2Fmedia&parent=5200"}],"wp:term":[{"taxonomy":"category","embeddable":true,"href":"https:\/\/cultura.sma.gob.ar\/index.php?rest_route=%2Fwp%2Fv2%2Fcategories&post=5200"},{"taxonomy":"post_tag","embeddable":true,"href":"https:\/\/cultura.sma.gob.ar\/index.php?rest_route=%2Fwp%2Fv2%2Ftags&post=5200"}],"curies":[{"name":"wp","href":"https:\/\/api.w.org\/{rel}","templated":true}]}}