{"id":5196,"date":"2024-01-22T10:48:04","date_gmt":"2024-01-22T13:48:04","guid":{"rendered":"http:\/\/cultura.sma.gob.ar\/?p=5196"},"modified":"2024-01-22T10:48:04","modified_gmt":"2024-01-22T13:48:04","slug":"abrio-la-convocatoria-de-agrupaciones-para-participar-del-carnaval-intercultural-cordillerano","status":"publish","type":"post","link":"https:\/\/cultura.sma.gob.ar\/?p=5196","title":{"rendered":"Abri\u00f3 la convocatoria de agrupaciones para participar del Carnaval Intercultural Cordillerano"},"content":{"rendered":"\n<figure class=\"wp-block-image size-large\"><img loading=\"lazy\" decoding=\"async\" width=\"1024\" height=\"684\" src=\"https:\/\/cultura.sma.gob.ar\/wp-content\/uploads\/2024\/01\/WhatsApp-Image-2024-01-22-at-10.25.21-AM-1024x684.jpeg\" alt=\"\" class=\"wp-image-5197\" srcset=\"https:\/\/cultura.sma.gob.ar\/wp-content\/uploads\/2024\/01\/WhatsApp-Image-2024-01-22-at-10.25.21-AM-1024x684.jpeg 1024w, https:\/\/cultura.sma.gob.ar\/wp-content\/uploads\/2024\/01\/WhatsApp-Image-2024-01-22-at-10.25.21-AM-300x200.jpeg 300w, https:\/\/cultura.sma.gob.ar\/wp-content\/uploads\/2024\/01\/WhatsApp-Image-2024-01-22-at-10.25.21-AM-768x513.jpeg 768w, https:\/\/cultura.sma.gob.ar\/wp-content\/uploads\/2024\/01\/WhatsApp-Image-2024-01-22-at-10.25.21-AM-1536x1025.jpeg 1536w, https:\/\/cultura.sma.gob.ar\/wp-content\/uploads\/2024\/01\/WhatsApp-Image-2024-01-22-at-10.25.21-AM-135x90.jpeg 135w, https:\/\/cultura.sma.gob.ar\/wp-content\/uploads\/2024\/01\/WhatsApp-Image-2024-01-22-at-10.25.21-AM.jpeg 1600w\" sizes=\"auto, (max-width: 1024px) 100vw, 1024px\" \/><\/figure>\n\n\n\n<p id=\"E53\">Desde la Comisi\u00f3n Organizadora del 13\u00ba Carnaval Intercultural Cordillerano se invita a las agrupaciones de carnaval a inscribirse para participar de este evento, que se realizar\u00e1 en San Mart\u00edn de los Andes los d\u00edas s\u00e1bado 10 (Vega Centro &#8211; B\u00ba Las Rosas), domingo 11 (B\u00ba El Arenal) y lunes 12 de febrero (centro). <strong>Hay tiempo para postularse hasta el martes 30 de enero.<\/strong><\/p>\n\n\n\n<p id=\"E55\">Las agrupaciones interesadas deber\u00e1n acercarse a la Secretar\u00eda de Cultura de lunes a viernes, entre las 9:00 y las 20.00 hs, o comunicarse telef\u00f3nicamente al (02972) 424-804.\u00a0\u00a0<\/p>\n\n\n\n<p id=\"E59\"><strong>Para la postulaci\u00f3n se solicitar\u00e1:<\/strong> denominaci\u00f3n de la agrupaci\u00f3n, g\u00e9nero, ciudad de procedencia, cantidad de participantes, la\/s fecha\/s en la\/s que desean participar y dos tel\u00e9fonos de contacto (a las agrupaciones locales se les solicitar\u00e1 tambi\u00e9n su inscripci\u00f3n en el Registro de Asociaciones y Agrupaciones Art\u00edsticas de Carnaval).<\/p>\n\n\n\n<p id=\"E61\">Las propuestas recibidas ser\u00e1n puestas a consideraci\u00f3n de la Comisi\u00f3n Organizadora para posteriormente definir la programaci\u00f3n de los desfiles.\u00a0<\/p>\n","protected":false},"excerpt":{"rendered":"<p>Desde la Comisi\u00f3n Organizadora del 13\u00ba Carnaval Intercultural Cordillerano se invita a las agrupaciones de carnaval a inscribirse para participar de este evento, que se realizar\u00e1 en San Mart\u00edn de los Andes los d\u00edas s\u00e1bado 10 (Vega Centro &#8211; B\u00ba Las Rosas), domingo 11 (B\u00ba El Arenal) y lunes 12 de febrero (centro). Hay tiempo para postularse hasta el martes 30 de enero. Las agrupaciones &hellip; <a href=\"https:\/\/cultura.sma.gob.ar\/?p=5196\" class=\"more-link\">Continue reading <span class=\"screen-reader-text\">Abri\u00f3 la convocatoria de agrupaciones para participar del Carnaval Intercultural Cordillerano<\/span><\/a><\/p>\n","protected":false},"author":1,"featured_media":296,"comment_status":"closed","ping_status":"","sticky":false,"template":"","format":"image","meta":{"footnotes":""},"categories":[3,9],"tags":[],"class_list":["post-5196","post","type-post","status-publish","format-image","has-post-thumbnail","hentry","category-eventos-cultura","category-ultimas-noticias","post_format-post-format-image"],"_links":{"self":[{"href":"https:\/\/cultura.sma.gob.ar\/index.php?rest_route=\/wp\/v2\/posts\/5196","targetHints":{"allow":["GET"]}}],"collection":[{"href":"https:\/\/cultura.sma.gob.ar\/index.php?rest_route=\/wp\/v2\/posts"}],"about":[{"href":"https:\/\/cultura.sma.gob.ar\/index.php?rest_route=\/wp\/v2\/types\/post"}],"author":[{"embeddable":true,"href":"https:\/\/cultura.sma.gob.ar\/index.php?rest_route=\/wp\/v2\/users\/1"}],"replies":[{"embeddable":true,"href":"https:\/\/cultura.sma.gob.ar\/index.php?rest_route=%2Fwp%2Fv2%2Fcomments&post=5196"}],"version-history":[{"count":1,"href":"https:\/\/cultura.sma.gob.ar\/index.php?rest_route=\/wp\/v2\/posts\/5196\/revisions"}],"predecessor-version":[{"id":5198,"href":"https:\/\/cultura.sma.gob.ar\/index.php?rest_route=\/wp\/v2\/posts\/5196\/revisions\/5198"}],"wp:featuredmedia":[{"embeddable":true,"href":"https:\/\/cultura.sma.gob.ar\/index.php?rest_route=\/wp\/v2\/media\/296"}],"wp:attachment":[{"href":"https:\/\/cultura.sma.gob.ar\/index.php?rest_route=%2Fwp%2Fv2%2Fmedia&parent=5196"}],"wp:term":[{"taxonomy":"category","embeddable":true,"href":"https:\/\/cultura.sma.gob.ar\/index.php?rest_route=%2Fwp%2Fv2%2Fcategories&post=5196"},{"taxonomy":"post_tag","embeddable":true,"href":"https:\/\/cultura.sma.gob.ar\/index.php?rest_route=%2Fwp%2Fv2%2Ftags&post=5196"}],"curies":[{"name":"wp","href":"https:\/\/api.w.org\/{rel}","templated":true}]}}