{"id":519,"date":"2020-11-03T12:07:46","date_gmt":"2020-11-03T15:07:46","guid":{"rendered":"http:\/\/cultura.sma.gob.ar\/?p=519"},"modified":"2020-11-03T12:07:46","modified_gmt":"2020-11-03T15:07:46","slug":"microficciones-para-radio-14-feria-regional-del-libro","status":"publish","type":"post","link":"https:\/\/cultura.sma.gob.ar\/?p=519","title":{"rendered":"Microficciones para radio &#8211; 14\u00b0 Feria Regional del Libro"},"content":{"rendered":"\n<figure class=\"wp-block-image size-large\"><img loading=\"lazy\" decoding=\"async\" width=\"782\" height=\"788\" src=\"http:\/\/cultura.sma.gob.ar\/wp-content\/uploads\/2020\/11\/Microficciones-adultes.png\" alt=\"\" class=\"wp-image-520\" srcset=\"https:\/\/cultura.sma.gob.ar\/wp-content\/uploads\/2020\/11\/Microficciones-adultes.png 782w, https:\/\/cultura.sma.gob.ar\/wp-content\/uploads\/2020\/11\/Microficciones-adultes-298x300.png 298w, https:\/\/cultura.sma.gob.ar\/wp-content\/uploads\/2020\/11\/Microficciones-adultes-150x150.png 150w, https:\/\/cultura.sma.gob.ar\/wp-content\/uploads\/2020\/11\/Microficciones-adultes-768x774.png 768w, https:\/\/cultura.sma.gob.ar\/wp-content\/uploads\/2020\/11\/Microficciones-adultes-89x90.png 89w\" sizes=\"auto, (max-width: 782px) 100vw, 782px\" \/><\/figure>\n\n\n\n<p>Por <strong>Claudia Lauscher, M\u00f3nica Jara y Francisco \u201cQuico\u201d Teald<\/strong>o<\/p>\n\n\n\n<ul class=\"wp-block-list\"><li>Lunes 9- Grupo 1 16 hs- Grupo 2 16:30 hs\u00a0<\/li><\/ul>\n\n\n\n<p>En el Centro Cultural Cotesma<\/p>\n\n\n\n<p>Dirigido a adolescentes y j\u00f3venes.&nbsp;<\/p>\n\n\n\n<p>Duraci\u00f3n: 20 minutos por grupo&nbsp;<\/p>\n\n\n\n<h4 class=\"wp-block-heading\">Reserv\u00e1 tu lugar escribiendo a <a href=\"mailto:talleres.cultura@smandes.gov.ar\">talleres.cultura@smandes.gov.ar<\/a> o llamando al 424-804<\/h4>\n\n\n\n<p>Tres integrantes del grupo \u201cCuatro voces\u201d leer\u00e1n e interpretar\u00e1n breves historias de g\u00e9neros literarios como drama, humor y humor negro.<\/p>\n\n\n\n<p>El grupo \u201cCuatro voces\u201d se conform\u00f3 en abril del 2020&nbsp; para llevar adelante la producci\u00f3n de ficciones radiales, ante la imposibilidad de realizar actividad teatral convencional.&nbsp;<\/p>\n","protected":false},"excerpt":{"rendered":"<p>Actividad con protocolo sanitario e inscripci\u00f3n previa. <a href=\"https:\/\/cultura.sma.gob.ar\/?p=519\" class=\"more-link\">Continue reading <span class=\"screen-reader-text\">Microficciones para radio &#8211; 14\u00b0 Feria Regional del Libro<\/span><\/a><\/p>\n","protected":false},"author":1,"featured_media":296,"comment_status":"closed","ping_status":"","sticky":false,"template":"","format":"image","meta":{"footnotes":""},"categories":[3,9],"tags":[],"class_list":["post-519","post","type-post","status-publish","format-image","has-post-thumbnail","hentry","category-eventos-cultura","category-ultimas-noticias","post_format-post-format-image"],"_links":{"self":[{"href":"https:\/\/cultura.sma.gob.ar\/index.php?rest_route=\/wp\/v2\/posts\/519","targetHints":{"allow":["GET"]}}],"collection":[{"href":"https:\/\/cultura.sma.gob.ar\/index.php?rest_route=\/wp\/v2\/posts"}],"about":[{"href":"https:\/\/cultura.sma.gob.ar\/index.php?rest_route=\/wp\/v2\/types\/post"}],"author":[{"embeddable":true,"href":"https:\/\/cultura.sma.gob.ar\/index.php?rest_route=\/wp\/v2\/users\/1"}],"replies":[{"embeddable":true,"href":"https:\/\/cultura.sma.gob.ar\/index.php?rest_route=%2Fwp%2Fv2%2Fcomments&post=519"}],"version-history":[{"count":1,"href":"https:\/\/cultura.sma.gob.ar\/index.php?rest_route=\/wp\/v2\/posts\/519\/revisions"}],"predecessor-version":[{"id":521,"href":"https:\/\/cultura.sma.gob.ar\/index.php?rest_route=\/wp\/v2\/posts\/519\/revisions\/521"}],"wp:featuredmedia":[{"embeddable":true,"href":"https:\/\/cultura.sma.gob.ar\/index.php?rest_route=\/wp\/v2\/media\/296"}],"wp:attachment":[{"href":"https:\/\/cultura.sma.gob.ar\/index.php?rest_route=%2Fwp%2Fv2%2Fmedia&parent=519"}],"wp:term":[{"taxonomy":"category","embeddable":true,"href":"https:\/\/cultura.sma.gob.ar\/index.php?rest_route=%2Fwp%2Fv2%2Fcategories&post=519"},{"taxonomy":"post_tag","embeddable":true,"href":"https:\/\/cultura.sma.gob.ar\/index.php?rest_route=%2Fwp%2Fv2%2Ftags&post=519"}],"curies":[{"name":"wp","href":"https:\/\/api.w.org\/{rel}","templated":true}]}}