{"id":5180,"date":"2024-01-22T08:07:15","date_gmt":"2024-01-22T11:07:15","guid":{"rendered":"http:\/\/cultura.sma.gob.ar\/?p=5180"},"modified":"2024-01-22T08:07:15","modified_gmt":"2024-01-22T11:07:15","slug":"mas-de-6000-personas-disfrutaron-de-la-noche-de-las-artes","status":"publish","type":"post","link":"https:\/\/cultura.sma.gob.ar\/?p=5180","title":{"rendered":"M\u00e1s de 6000 personas disfrutaron de la Noche de las Artes"},"content":{"rendered":"\n<figure class=\"wp-block-image size-large\"><img loading=\"lazy\" decoding=\"async\" width=\"1024\" height=\"684\" src=\"https:\/\/cultura.sma.gob.ar\/wp-content\/uploads\/2024\/01\/WhatsApp-Image-2024-01-21-at-4.52.51-PM-1024x684.jpeg\" alt=\"\" class=\"wp-image-5181\" srcset=\"https:\/\/cultura.sma.gob.ar\/wp-content\/uploads\/2024\/01\/WhatsApp-Image-2024-01-21-at-4.52.51-PM-1024x684.jpeg 1024w, https:\/\/cultura.sma.gob.ar\/wp-content\/uploads\/2024\/01\/WhatsApp-Image-2024-01-21-at-4.52.51-PM-300x200.jpeg 300w, https:\/\/cultura.sma.gob.ar\/wp-content\/uploads\/2024\/01\/WhatsApp-Image-2024-01-21-at-4.52.51-PM-768x513.jpeg 768w, https:\/\/cultura.sma.gob.ar\/wp-content\/uploads\/2024\/01\/WhatsApp-Image-2024-01-21-at-4.52.51-PM-1536x1025.jpeg 1536w, https:\/\/cultura.sma.gob.ar\/wp-content\/uploads\/2024\/01\/WhatsApp-Image-2024-01-21-at-4.52.51-PM-135x90.jpeg 135w, https:\/\/cultura.sma.gob.ar\/wp-content\/uploads\/2024\/01\/WhatsApp-Image-2024-01-21-at-4.52.51-PM.jpeg 1600w\" sizes=\"auto, (max-width: 1024px) 100vw, 1024px\" \/><\/figure>\n\n\n\n<p>El pasado s\u00e1bado 20 de enero, se realiz\u00f3 la edici\u00f3n 2024 de la Noche de las Artes, que cont\u00f3 con la participaci\u00f3n de 600 artistas. Durante toda la noche, vecinos y visitantes pudieron disfrutar de  70 espect\u00e1culos y 100 stands de productos de hacedores culturales. A pedido de la Secretaria de Cultura, se realiz\u00f3 un informe estad\u00edstico de p\u00fablico, para conocer m\u00e1s datos acerca de las 6160 personas que se acercaron a ser parte de esta gran noche.<\/p>\n\n\n\n<p>Este informe se hizo mediante conteo de asistentes por hora y encuesta a 105 personas del p\u00fablico a las que se les pregunt\u00f3 edad, procedencia, tiempo de permanencia en el evento y calificaci\u00f3n del evento. Para la estimaci\u00f3n de p\u00fablico total del evento se tom\u00f3 en cuenta el tiempo de permanencia medido en esta edici\u00f3n.<\/p>\n\n\n\n<div class=\"wp-block-jetpack-tiled-gallery aligncenter is-style-square\"><div class=\"tiled-gallery__gallery\"><div class=\"tiled-gallery__row columns-1\"><div class=\"tiled-gallery__col\"><figure class=\"tiled-gallery__item\"><img decoding=\"async\" alt=\"\" data-height=\"1068\" data-id=\"5182\" data-link=\"https:\/\/cultura.sma.gob.ar\/?attachment_id=5182\" data-url=\"https:\/\/cultura.sma.gob.ar\/wp-content\/uploads\/2024\/01\/WhatsApp-Image-2024-01-21-at-4.52.46-PM.jpeg\" data-width=\"1600\" src=\"https:\/\/i2.wp.com\/cultura.sma.gob.ar\/wp-content\/uploads\/2024\/01\/WhatsApp-Image-2024-01-21-at-4.52.46-PM.jpeg?ssl=1&amp;resize=1068%2C1068\" layout=\"responsive\"\/><\/figure><\/div><\/div><div class=\"tiled-gallery__row columns-3\"><div class=\"tiled-gallery__col\"><figure class=\"tiled-gallery__item\"><img decoding=\"async\" alt=\"\" data-height=\"1068\" data-id=\"5183\" data-link=\"https:\/\/cultura.sma.gob.ar\/?attachment_id=5183\" data-url=\"https:\/\/cultura.sma.gob.ar\/wp-content\/uploads\/2024\/01\/WhatsApp-Image-2024-01-21-at-4.52.47-PM-1.jpeg\" data-width=\"1600\" src=\"https:\/\/i0.wp.com\/cultura.sma.gob.ar\/wp-content\/uploads\/2024\/01\/WhatsApp-Image-2024-01-21-at-4.52.47-PM-1.jpeg?ssl=1&amp;resize=1068%2C1068\" layout=\"responsive\"\/><\/figure><\/div><div class=\"tiled-gallery__col\"><figure class=\"tiled-gallery__item\"><img decoding=\"async\" alt=\"\" data-height=\"1068\" data-id=\"5184\" data-link=\"https:\/\/cultura.sma.gob.ar\/?attachment_id=5184\" data-url=\"https:\/\/cultura.sma.gob.ar\/wp-content\/uploads\/2024\/01\/WhatsApp-Image-2024-01-21-at-4.52.47-PM.jpeg\" data-width=\"1600\" src=\"https:\/\/i2.wp.com\/cultura.sma.gob.ar\/wp-content\/uploads\/2024\/01\/WhatsApp-Image-2024-01-21-at-4.52.47-PM.jpeg?ssl=1&amp;resize=1068%2C1068\" layout=\"responsive\"\/><\/figure><\/div><div class=\"tiled-gallery__col\"><figure class=\"tiled-gallery__item\"><img decoding=\"async\" alt=\"\" data-height=\"1068\" data-id=\"5185\" data-link=\"https:\/\/cultura.sma.gob.ar\/?attachment_id=5185\" data-url=\"https:\/\/cultura.sma.gob.ar\/wp-content\/uploads\/2024\/01\/WhatsApp-Image-2024-01-21-at-4.52.49-PM.jpeg\" data-width=\"1600\" src=\"https:\/\/i1.wp.com\/cultura.sma.gob.ar\/wp-content\/uploads\/2024\/01\/WhatsApp-Image-2024-01-21-at-4.52.49-PM.jpeg?ssl=1&amp;resize=1068%2C1068\" layout=\"responsive\"\/><\/figure><\/div><\/div><\/div><\/div>\n\n\n\n<p>A partir de los datos arrojados por este an\u00e1lisis, se pudo conocer que la cantidad total de asistentes  (6160) super\u00f3 a la registrada en las dos ediciones del 2023, en las que se hab\u00eda percibido un total apenas inferior a las 5800 personas. Adem\u00e1s, el informe detalla que el 36% de los visitantes provinieron de barrios sanmartinenses, el 29%, del centro de la ciudad, 27% fueron turistas nacionales y el 8% extranjeros, por lo que se pudo concluir que 65% de las personas que disfrutaron de la Noche de las Artes fueron vecinos y vecinas de San Mart\u00edn de los Andes.<\/p>\n\n\n\n<p>En cuanto al tiempo de permanencia en el evento, el informe indic\u00f3 un promedio de 2 hs y media; mientras que la calificaci\u00f3n promedio de esta edici\u00f3n recibi\u00f3 4,7 puntos (sobre una escala de 1 a 5, donde 1 es muy malo y 5 muy bueno). <\/p>\n\n\n\n<div class=\"wp-block-jetpack-tiled-gallery aligncenter is-style-rectangular\"><div class=\"tiled-gallery__gallery\"><div class=\"tiled-gallery__row\"><div class=\"tiled-gallery__col\" style=\"flex-basis:66.8425032090169%\"><figure class=\"tiled-gallery__item\"><img decoding=\"async\" alt=\"\" data-height=\"1068\" data-id=\"5186\" data-link=\"https:\/\/cultura.sma.gob.ar\/?attachment_id=5186\" data-url=\"https:\/\/cultura.sma.gob.ar\/wp-content\/uploads\/2024\/01\/WhatsApp-Image-2024-01-21-at-4.52.50-PM-1.jpeg\" data-width=\"1600\" src=\"https:\/\/i1.wp.com\/cultura.sma.gob.ar\/wp-content\/uploads\/2024\/01\/WhatsApp-Image-2024-01-21-at-4.52.50-PM-1.jpeg?ssl=1\" layout=\"responsive\"\/><\/figure><\/div><div class=\"tiled-gallery__col\" style=\"flex-basis:33.15749679098311%\"><figure class=\"tiled-gallery__item\"><img decoding=\"async\" alt=\"\" data-height=\"1068\" data-id=\"5187\" data-link=\"https:\/\/cultura.sma.gob.ar\/?attachment_id=5187\" data-url=\"https:\/\/cultura.sma.gob.ar\/wp-content\/uploads\/2024\/01\/WhatsApp-Image-2024-01-21-at-4.52.50-PM.jpeg\" data-width=\"1600\" src=\"https:\/\/i1.wp.com\/cultura.sma.gob.ar\/wp-content\/uploads\/2024\/01\/WhatsApp-Image-2024-01-21-at-4.52.50-PM.jpeg?ssl=1\" layout=\"responsive\"\/><\/figure><figure class=\"tiled-gallery__item\"><img decoding=\"async\" alt=\"\" data-height=\"1068\" data-id=\"5188\" data-link=\"https:\/\/cultura.sma.gob.ar\/?attachment_id=5188\" data-url=\"https:\/\/cultura.sma.gob.ar\/wp-content\/uploads\/2024\/01\/WhatsApp-Image-2024-01-21-at-4.52.51-PM-1.jpeg\" data-width=\"1600\" src=\"https:\/\/i0.wp.com\/cultura.sma.gob.ar\/wp-content\/uploads\/2024\/01\/WhatsApp-Image-2024-01-21-at-4.52.51-PM-1.jpeg?ssl=1\" layout=\"responsive\"\/><\/figure><\/div><\/div><div class=\"tiled-gallery__row\"><div class=\"tiled-gallery__col\" style=\"flex-basis:33.33333333333333%\"><figure class=\"tiled-gallery__item\"><img decoding=\"async\" alt=\"\" data-height=\"1068\" data-id=\"5189\" data-link=\"https:\/\/cultura.sma.gob.ar\/?attachment_id=5189\" data-url=\"https:\/\/cultura.sma.gob.ar\/wp-content\/uploads\/2024\/01\/WhatsApp-Image-2024-01-21-at-4.52.51-PM-2.jpeg\" data-width=\"1600\" src=\"https:\/\/i2.wp.com\/cultura.sma.gob.ar\/wp-content\/uploads\/2024\/01\/WhatsApp-Image-2024-01-21-at-4.52.51-PM-2.jpeg?ssl=1\" layout=\"responsive\"\/><\/figure><\/div><div class=\"tiled-gallery__col\" style=\"flex-basis:33.33333333333333%\"><figure class=\"tiled-gallery__item\"><img decoding=\"async\" alt=\"\" data-height=\"1068\" data-id=\"5190\" data-link=\"https:\/\/cultura.sma.gob.ar\/?attachment_id=5190\" data-url=\"https:\/\/cultura.sma.gob.ar\/wp-content\/uploads\/2024\/01\/WhatsApp-Image-2024-01-21-at-4.52.52-PM-1.jpeg\" data-width=\"1600\" src=\"https:\/\/i2.wp.com\/cultura.sma.gob.ar\/wp-content\/uploads\/2024\/01\/WhatsApp-Image-2024-01-21-at-4.52.52-PM-1.jpeg?ssl=1\" layout=\"responsive\"\/><\/figure><\/div><div class=\"tiled-gallery__col\" style=\"flex-basis:33.33333333333333%\"><figure class=\"tiled-gallery__item\"><img decoding=\"async\" alt=\"\" data-height=\"1068\" data-id=\"5191\" data-link=\"https:\/\/cultura.sma.gob.ar\/?attachment_id=5191\" data-url=\"https:\/\/cultura.sma.gob.ar\/wp-content\/uploads\/2024\/01\/WhatsApp-Image-2024-01-21-at-4.52.52-PM.jpeg\" data-width=\"1600\" src=\"https:\/\/i1.wp.com\/cultura.sma.gob.ar\/wp-content\/uploads\/2024\/01\/WhatsApp-Image-2024-01-21-at-4.52.52-PM.jpeg?ssl=1\" layout=\"responsive\"\/><\/figure><\/div><\/div><div class=\"tiled-gallery__row\"><div class=\"tiled-gallery__col\" style=\"flex-basis:50%\"><figure class=\"tiled-gallery__item\"><img decoding=\"async\" alt=\"\" data-height=\"1068\" data-id=\"5192\" data-link=\"https:\/\/cultura.sma.gob.ar\/?attachment_id=5192\" data-url=\"https:\/\/cultura.sma.gob.ar\/wp-content\/uploads\/2024\/01\/WhatsApp-Image-2024-01-21-at-4.52.48-PM-1.jpeg\" data-width=\"1600\" src=\"https:\/\/i2.wp.com\/cultura.sma.gob.ar\/wp-content\/uploads\/2024\/01\/WhatsApp-Image-2024-01-21-at-4.52.48-PM-1.jpeg?ssl=1\" layout=\"responsive\"\/><\/figure><\/div><div class=\"tiled-gallery__col\" style=\"flex-basis:50%\"><figure class=\"tiled-gallery__item\"><img decoding=\"async\" alt=\"\" data-height=\"1068\" data-id=\"5193\" data-link=\"https:\/\/cultura.sma.gob.ar\/?attachment_id=5193\" data-url=\"https:\/\/cultura.sma.gob.ar\/wp-content\/uploads\/2024\/01\/WhatsApp-Image-2024-01-21-at-4.52.48-PM.jpeg\" data-width=\"1600\" src=\"https:\/\/i1.wp.com\/cultura.sma.gob.ar\/wp-content\/uploads\/2024\/01\/WhatsApp-Image-2024-01-21-at-4.52.48-PM.jpeg?ssl=1\" layout=\"responsive\"\/><\/figure><\/div><\/div><\/div><\/div>\n\n\n\n<p>En un evento de esta magnitud, que ya lleva m\u00e1s de diez ediciones realizadas, la meta siempre est\u00e1 puesta en seguir mejorando y brindando a la comunidad sanmartinense la posibilidad de disfrutar de la diversidad y calidad del arte local. Agradecemos, por esto mismo, a todos los que formaron parte del evento y a quienes se acercaron a acompa\u00f1arlo. <\/p>\n","protected":false},"excerpt":{"rendered":"<p>El pasado s\u00e1bado 20 de enero, se realiz\u00f3 la edici\u00f3n 2024 de la Noche de las Artes, que cont\u00f3 con la participaci\u00f3n de 600 artistas. Durante toda la noche, vecinos y visitantes pudieron disfrutar de 70 espect\u00e1culos y 100 stands de productos de hacedores culturales. A pedido de la Secretaria de Cultura, se realiz\u00f3 un informe estad\u00edstico de p\u00fablico, para conocer m\u00e1s datos acerca de &hellip; <a href=\"https:\/\/cultura.sma.gob.ar\/?p=5180\" class=\"more-link\">Continue reading <span class=\"screen-reader-text\">M\u00e1s de 6000 personas disfrutaron de la Noche de las Artes<\/span><\/a><\/p>\n","protected":false},"author":1,"featured_media":296,"comment_status":"closed","ping_status":"","sticky":false,"template":"","format":"image","meta":{"footnotes":""},"categories":[3,9],"tags":[],"class_list":["post-5180","post","type-post","status-publish","format-image","has-post-thumbnail","hentry","category-eventos-cultura","category-ultimas-noticias","post_format-post-format-image"],"_links":{"self":[{"href":"https:\/\/cultura.sma.gob.ar\/index.php?rest_route=\/wp\/v2\/posts\/5180","targetHints":{"allow":["GET"]}}],"collection":[{"href":"https:\/\/cultura.sma.gob.ar\/index.php?rest_route=\/wp\/v2\/posts"}],"about":[{"href":"https:\/\/cultura.sma.gob.ar\/index.php?rest_route=\/wp\/v2\/types\/post"}],"author":[{"embeddable":true,"href":"https:\/\/cultura.sma.gob.ar\/index.php?rest_route=\/wp\/v2\/users\/1"}],"replies":[{"embeddable":true,"href":"https:\/\/cultura.sma.gob.ar\/index.php?rest_route=%2Fwp%2Fv2%2Fcomments&post=5180"}],"version-history":[{"count":1,"href":"https:\/\/cultura.sma.gob.ar\/index.php?rest_route=\/wp\/v2\/posts\/5180\/revisions"}],"predecessor-version":[{"id":5194,"href":"https:\/\/cultura.sma.gob.ar\/index.php?rest_route=\/wp\/v2\/posts\/5180\/revisions\/5194"}],"wp:featuredmedia":[{"embeddable":true,"href":"https:\/\/cultura.sma.gob.ar\/index.php?rest_route=\/wp\/v2\/media\/296"}],"wp:attachment":[{"href":"https:\/\/cultura.sma.gob.ar\/index.php?rest_route=%2Fwp%2Fv2%2Fmedia&parent=5180"}],"wp:term":[{"taxonomy":"category","embeddable":true,"href":"https:\/\/cultura.sma.gob.ar\/index.php?rest_route=%2Fwp%2Fv2%2Fcategories&post=5180"},{"taxonomy":"post_tag","embeddable":true,"href":"https:\/\/cultura.sma.gob.ar\/index.php?rest_route=%2Fwp%2Fv2%2Ftags&post=5180"}],"curies":[{"name":"wp","href":"https:\/\/api.w.org\/{rel}","templated":true}]}}