{"id":5177,"date":"2024-01-19T12:54:46","date_gmt":"2024-01-19T15:54:46","guid":{"rendered":"http:\/\/cultura.sma.gob.ar\/?p=5177"},"modified":"2024-01-19T12:54:46","modified_gmt":"2024-01-19T15:54:46","slug":"briam-starke-y-todoconcuerda","status":"publish","type":"post","link":"https:\/\/cultura.sma.gob.ar\/?p=5177","title":{"rendered":"&#8220;Briam Starke y Todoconcuerda&#8221;"},"content":{"rendered":"\n<figure class=\"wp-block-image size-large\"><img loading=\"lazy\" decoding=\"async\" width=\"496\" height=\"496\" src=\"https:\/\/cultura.sma.gob.ar\/wp-content\/uploads\/2024\/01\/Briam-Starke-y-Todoconcuerda-SMA-Sala-Amankay-3-2-2024.png\" alt=\"\" class=\"wp-image-5178\" srcset=\"https:\/\/cultura.sma.gob.ar\/wp-content\/uploads\/2024\/01\/Briam-Starke-y-Todoconcuerda-SMA-Sala-Amankay-3-2-2024.png 496w, https:\/\/cultura.sma.gob.ar\/wp-content\/uploads\/2024\/01\/Briam-Starke-y-Todoconcuerda-SMA-Sala-Amankay-3-2-2024-300x300.png 300w, https:\/\/cultura.sma.gob.ar\/wp-content\/uploads\/2024\/01\/Briam-Starke-y-Todoconcuerda-SMA-Sala-Amankay-3-2-2024-150x150.png 150w, https:\/\/cultura.sma.gob.ar\/wp-content\/uploads\/2024\/01\/Briam-Starke-y-Todoconcuerda-SMA-Sala-Amankay-3-2-2024-90x90.png 90w\" sizes=\"auto, (max-width: 496px) 100vw, 496px\" \/><\/figure>\n\n\n\n<p>S\u00e1bado 3 de febrero, 21:30hs. en el Centro Cultural Cotesma<\/p>\n\n\n\n<p>Briam Starke: M\u00fasico Cantautor, productor, multiinstrumentista, dj, de San Mart\u00edn de los Andes, nos trae un show especial titulado &#8220;Briam starke y las canciones escondidas&#8221; un show donde se podr\u00e1 escuchar lo nuevo y parte de lo que fue su pasado en la banda &#8220;Ponele&#8221; y su aclamado tributo a Gustavo Cerati.Briam Starke en guitarra y voz, junto a sus dos colegas Iv\u00e1n Benesko (sintetizador y programaciones) y Manuel Rosatti (bater\u00eda y programaciones), unieron fuerzas en 2015 dando origen a la banda &#8220;Ponele&#8221;, un power tr\u00edo que fusiona al indie con el pop y el rock, llenos de energ\u00eda, calidad sonora y un crecimiento a pasos agigantados, convirti\u00e9ndose en una banda que trasciende, logrando sonar en diferentes escenarios del pa\u00eds, compartiendo junto a grandes artistas como&nbsp;No Te Va Gustar, Eruca Sativa, Los Totora, Perras on the Beach, Memphis la Blusera, Bandalos Chinos y Edu Schmidt.<\/p>\n\n\n\n<p>Todoconcuerda: Crist\u00f3bal Rodr\u00edguez, solista Neuquino, que desde principio de 2018, bajo el nombre art\u00edstico Todoconcuerda, trabaja sus canciones grabandolas y difundiendo con su productora independiente &#8220;Todoconcuerda Records&#8221; e interpretandolas en vivo con un sonido Folk fusi\u00f3n r\u00edtmico, electro-ac\u00fastico e interactivo para con el p\u00fablico. Sus letras llenas de poes\u00eda y un humor personal, hablan de las aventuras y altibajos de la vida de sus personajes inventados, los cuales, mezcla con su historia personal (como lo ha realizado en su 2do \u00e1lbum, &#8220;El Cantautor&#8221;, que est\u00e1 siendo escuchado en los pa\u00edses de Argentina, Per\u00fa, Chile, Uruguay, Paraguay, M\u00e9xico, Ecuador, Colombia, Estados Unidos, Italia, Espa\u00f1a, entre otros lugares.<\/p>\n\n\n\n<p><strong>Entradas en venta de martes a domingo de 17hs a 23hs en la Boleteria del Centro Cultural Cotesma.<\/strong><\/p>\n","protected":false},"excerpt":{"rendered":"<p>S\u00e1bado 3 de febrero, 21:30hs. en el Centro Cultural Cotesma Briam Starke: M\u00fasico Cantautor, productor, multiinstrumentista, dj, de San Mart\u00edn de los Andes, nos trae un show especial titulado &#8220;Briam starke y las canciones escondidas&#8221; un show donde se podr\u00e1 escuchar lo nuevo y parte de lo que fue su pasado en la banda &#8220;Ponele&#8221; y su aclamado tributo a Gustavo Cerati.Briam Starke en guitarra &hellip; <a href=\"https:\/\/cultura.sma.gob.ar\/?p=5177\" class=\"more-link\">Continue reading <span class=\"screen-reader-text\">&#8220;Briam Starke y Todoconcuerda&#8221;<\/span><\/a><\/p>\n","protected":false},"author":1,"featured_media":297,"comment_status":"closed","ping_status":"","sticky":false,"template":"","format":"image","meta":{"footnotes":""},"categories":[2,9],"tags":[],"class_list":["post-5177","post","type-post","status-publish","format-image","has-post-thumbnail","hentry","category-ciudad-cultural","category-ultimas-noticias","post_format-post-format-image"],"_links":{"self":[{"href":"https:\/\/cultura.sma.gob.ar\/index.php?rest_route=\/wp\/v2\/posts\/5177","targetHints":{"allow":["GET"]}}],"collection":[{"href":"https:\/\/cultura.sma.gob.ar\/index.php?rest_route=\/wp\/v2\/posts"}],"about":[{"href":"https:\/\/cultura.sma.gob.ar\/index.php?rest_route=\/wp\/v2\/types\/post"}],"author":[{"embeddable":true,"href":"https:\/\/cultura.sma.gob.ar\/index.php?rest_route=\/wp\/v2\/users\/1"}],"replies":[{"embeddable":true,"href":"https:\/\/cultura.sma.gob.ar\/index.php?rest_route=%2Fwp%2Fv2%2Fcomments&post=5177"}],"version-history":[{"count":1,"href":"https:\/\/cultura.sma.gob.ar\/index.php?rest_route=\/wp\/v2\/posts\/5177\/revisions"}],"predecessor-version":[{"id":5179,"href":"https:\/\/cultura.sma.gob.ar\/index.php?rest_route=\/wp\/v2\/posts\/5177\/revisions\/5179"}],"wp:featuredmedia":[{"embeddable":true,"href":"https:\/\/cultura.sma.gob.ar\/index.php?rest_route=\/wp\/v2\/media\/297"}],"wp:attachment":[{"href":"https:\/\/cultura.sma.gob.ar\/index.php?rest_route=%2Fwp%2Fv2%2Fmedia&parent=5177"}],"wp:term":[{"taxonomy":"category","embeddable":true,"href":"https:\/\/cultura.sma.gob.ar\/index.php?rest_route=%2Fwp%2Fv2%2Fcategories&post=5177"},{"taxonomy":"post_tag","embeddable":true,"href":"https:\/\/cultura.sma.gob.ar\/index.php?rest_route=%2Fwp%2Fv2%2Ftags&post=5177"}],"curies":[{"name":"wp","href":"https:\/\/api.w.org\/{rel}","templated":true}]}}