{"id":5174,"date":"2024-01-19T12:51:59","date_gmt":"2024-01-19T15:51:59","guid":{"rendered":"http:\/\/cultura.sma.gob.ar\/?p=5174"},"modified":"2024-01-19T12:51:59","modified_gmt":"2024-01-19T15:51:59","slug":"victor-renaudeau-presenta-solo-set-modo-random-en-el-centro-cultural-cotesma","status":"publish","type":"post","link":"https:\/\/cultura.sma.gob.ar\/?p=5174","title":{"rendered":"Victor Renaudeau presenta &#8220;Solo set\/modo Random&#8221; en el Centro Cultural Cotesma"},"content":{"rendered":"\n<div class=\"wp-block-image\"><figure class=\"aligncenter size-large\"><img loading=\"lazy\" decoding=\"async\" width=\"355\" height=\"444\" src=\"https:\/\/cultura.sma.gob.ar\/wp-content\/uploads\/2024\/01\/IMG-20240116-WA0099.jpg\" alt=\"\" class=\"wp-image-5175\" srcset=\"https:\/\/cultura.sma.gob.ar\/wp-content\/uploads\/2024\/01\/IMG-20240116-WA0099.jpg 355w, https:\/\/cultura.sma.gob.ar\/wp-content\/uploads\/2024\/01\/IMG-20240116-WA0099-240x300.jpg 240w, https:\/\/cultura.sma.gob.ar\/wp-content\/uploads\/2024\/01\/IMG-20240116-WA0099-72x90.jpg 72w\" sizes=\"auto, (max-width: 355px) 100vw, 355px\" \/><\/figure><\/div>\n\n\n\n<p>VICTOR RENAUDEAU<\/p>\n\n\n\n<p>presenta SOLO SET\/MODO RANDOM<\/p>\n\n\n\n<p>viernes 9 de febrero, 21.30 h<\/p>\n\n\n\n<p>SALA AMANKAY, COTESMA<\/p>\n\n\n\n<p>Gral Roca1154, San Mart\u00edn de los Andes<\/p>\n\n\n\n<p>Entradas Anticipadas $4500 &#8211; Entras mismo d\u00eda $5500.-<\/p>\n\n\n\n<p>El destacado violinista Victor Renaudeau, contin\u00faa con sus presentaciones como solista en una nueva gira que lo lleva a recorrer el sur del pa\u00eds. En esta oportunidad, llega a San Mart\u00edn de los Andes luego de una extensa gira de casi 50 conciertos por Latinoam\u00e9rica.<\/p>\n\n\n\n<p>Con una clara influencia de m\u00fasicas argentinas y desarrollando un concepto propio desde el tratamiento del sonido, V\u00edctor nos llevar\u00e1 por un mundo sonoro \u00fanico, en un cuadro retrospectivo con pinceladas de jazz, m\u00fasica cl\u00e1sica y World Music.<\/p>\n\n\n\n<p>Sobre Victor Renaudeau<\/p>\n\n\n\n<p>Violinista, docente nacido en C\u00f3rdoba en 1980. En 15 a\u00f1os de actividad junto a Chango Spasiuk, particip\u00f3 de conciertos en festivales y teatros por todo el mundo. Desde el a\u00f1o 2014, junto a su formaci\u00f3n actu\u00f3 en pa\u00edses de Am\u00e9rica,<\/p>\n\n\n\n<p>Asia y Europa. Actualmente, desarrolla su proyecto personal Solo Set\/ Modo Random, donde recorre m\u00fasicas del mundo y dos d\u00e9cadas de trayectoria<\/p>\n\n\n\n<p>\u201cRecuerdos de Ipacara\u00ed\u201d<br>https:\/\/www.youtube.com\/watch?v=Tu1HxCqWmPQ<\/p>\n\n\n\n<p>Canal de Youtube<br>https:\/\/www.youtube.com\/@victorrenaudeau<\/p>\n\n\n\n<p>Fotos en alta y m\u00e1s data<br>https:\/\/drive.google.com\/drive\/folders\/16HBhj-wbowj5hU7TDj-6M5X1gjSG3me9?usp=sharing<\/p>\n\n\n\n<p>Instagram: @vicrenau<\/p>\n\n\n\n<p>Prensa Pao De Senzi | paodesenzi@gmail.com | 3516713641<\/p>\n","protected":false},"excerpt":{"rendered":"<p>VICTOR RENAUDEAU presenta SOLO SET\/MODO RANDOM viernes 9 de febrero, 21.30 h SALA AMANKAY, COTESMA Gral Roca1154, San Mart\u00edn de los Andes Entradas Anticipadas $4500 &#8211; Entras mismo d\u00eda $5500.- El destacado violinista Victor Renaudeau, contin\u00faa con sus presentaciones como solista en una nueva gira que lo lleva a recorrer el sur del pa\u00eds. En esta oportunidad, llega a San Mart\u00edn de los Andes luego &hellip; <a href=\"https:\/\/cultura.sma.gob.ar\/?p=5174\" class=\"more-link\">Continue reading <span class=\"screen-reader-text\">Victor Renaudeau presenta &#8220;Solo set\/modo Random&#8221; en el Centro Cultural Cotesma<\/span><\/a><\/p>\n","protected":false},"author":1,"featured_media":297,"comment_status":"closed","ping_status":"","sticky":false,"template":"","format":"image","meta":{"footnotes":""},"categories":[2,9],"tags":[],"class_list":["post-5174","post","type-post","status-publish","format-image","has-post-thumbnail","hentry","category-ciudad-cultural","category-ultimas-noticias","post_format-post-format-image"],"_links":{"self":[{"href":"https:\/\/cultura.sma.gob.ar\/index.php?rest_route=\/wp\/v2\/posts\/5174","targetHints":{"allow":["GET"]}}],"collection":[{"href":"https:\/\/cultura.sma.gob.ar\/index.php?rest_route=\/wp\/v2\/posts"}],"about":[{"href":"https:\/\/cultura.sma.gob.ar\/index.php?rest_route=\/wp\/v2\/types\/post"}],"author":[{"embeddable":true,"href":"https:\/\/cultura.sma.gob.ar\/index.php?rest_route=\/wp\/v2\/users\/1"}],"replies":[{"embeddable":true,"href":"https:\/\/cultura.sma.gob.ar\/index.php?rest_route=%2Fwp%2Fv2%2Fcomments&post=5174"}],"version-history":[{"count":1,"href":"https:\/\/cultura.sma.gob.ar\/index.php?rest_route=\/wp\/v2\/posts\/5174\/revisions"}],"predecessor-version":[{"id":5176,"href":"https:\/\/cultura.sma.gob.ar\/index.php?rest_route=\/wp\/v2\/posts\/5174\/revisions\/5176"}],"wp:featuredmedia":[{"embeddable":true,"href":"https:\/\/cultura.sma.gob.ar\/index.php?rest_route=\/wp\/v2\/media\/297"}],"wp:attachment":[{"href":"https:\/\/cultura.sma.gob.ar\/index.php?rest_route=%2Fwp%2Fv2%2Fmedia&parent=5174"}],"wp:term":[{"taxonomy":"category","embeddable":true,"href":"https:\/\/cultura.sma.gob.ar\/index.php?rest_route=%2Fwp%2Fv2%2Fcategories&post=5174"},{"taxonomy":"post_tag","embeddable":true,"href":"https:\/\/cultura.sma.gob.ar\/index.php?rest_route=%2Fwp%2Fv2%2Ftags&post=5174"}],"curies":[{"name":"wp","href":"https:\/\/api.w.org\/{rel}","templated":true}]}}