{"id":5170,"date":"2024-01-19T12:32:22","date_gmt":"2024-01-19T15:32:22","guid":{"rendered":"http:\/\/cultura.sma.gob.ar\/?p=5170"},"modified":"2024-01-19T12:32:22","modified_gmt":"2024-01-19T15:32:22","slug":"calle-cultural-abre-su-convocatoria-para-este-verano-2024","status":"publish","type":"post","link":"https:\/\/cultura.sma.gob.ar\/?p=5170","title":{"rendered":"Calle Cultural abre su convocatoria para este verano 2024"},"content":{"rendered":"\n<figure class=\"wp-block-image size-large\"><img loading=\"lazy\" decoding=\"async\" width=\"1024\" height=\"1024\" src=\"https:\/\/cultura.sma.gob.ar\/wp-content\/uploads\/2024\/01\/417231246_754021783422853_5751939308211180475_n-1024x1024.jpg\" alt=\"\" class=\"wp-image-5171\" srcset=\"https:\/\/cultura.sma.gob.ar\/wp-content\/uploads\/2024\/01\/417231246_754021783422853_5751939308211180475_n-1024x1024.jpg 1024w, https:\/\/cultura.sma.gob.ar\/wp-content\/uploads\/2024\/01\/417231246_754021783422853_5751939308211180475_n-300x300.jpg 300w, https:\/\/cultura.sma.gob.ar\/wp-content\/uploads\/2024\/01\/417231246_754021783422853_5751939308211180475_n-150x150.jpg 150w, https:\/\/cultura.sma.gob.ar\/wp-content\/uploads\/2024\/01\/417231246_754021783422853_5751939308211180475_n-768x768.jpg 768w, https:\/\/cultura.sma.gob.ar\/wp-content\/uploads\/2024\/01\/417231246_754021783422853_5751939308211180475_n-90x90.jpg 90w, https:\/\/cultura.sma.gob.ar\/wp-content\/uploads\/2024\/01\/417231246_754021783422853_5751939308211180475_n.jpg 1250w\" sizes=\"auto, (max-width: 1024px) 100vw, 1024px\" \/><\/figure>\n\n\n\n<p>La Secretar\u00eda de Cultura invita a los\/as artistas de la localidad a presentar propuestas de arte callejero para el programa Calle Cultural 2024. <\/p>\n\n\n\n<p>Calle Cultural es un programa que fomenta la realizaci\u00f3n de funciones en el espacio p\u00fablico de los barrios, o zonas aleda\u00f1as al casco c\u00e9ntrico. <\/p>\n\n\n\n<p>Pueden presentarse propuestas de m\u00fasica, danza, circo, t\u00edteres, teatro y otras disciplinas de arte callejero. <\/p>\n\n\n\n<p>Quienes resulten seleccionados recibir\u00e1n un incentivo econ\u00f3mico y tambi\u00e9n podr\u00e1n pasar la gorra. Es requisito para participar contar con monotributo propio y estar registrado en el Registro Municipal de trabajadores\/as de la Cultura. Ord. 13037\/20.<\/p>\n\n\n\n<p>Quienes quieran participar deber\u00e1n completar el siguiente formulario online: <a rel=\"noreferrer noopener\" href=\"https:\/\/forms.gle\/H9hwFZyhEvj2HPH78?fbclid=IwAR2J6buQR7aGMj5_YINJsRPcf7A6ph41MnZFAQk6l40L3WTP-tdx_A6SZLA\" target=\"_blank\">https:\/\/forms.gle\/H9hwFZyhEvj2HPH78<\/a><\/p>\n\n\n\n<p>Quienes todav\u00eda no se anotaron el registro municipal de trabajadores de la cultura, pueden solicitarlo a por mail a programacalleculturasma@gmail.com<\/p>\n","protected":false},"excerpt":{"rendered":"<p>La Secretar\u00eda de Cultura invita a los\/as artistas de la localidad a presentar propuestas de arte callejero para el programa Calle Cultural 2024. Calle Cultural es un programa que fomenta la realizaci\u00f3n de funciones en el espacio p\u00fablico de los barrios, o zonas aleda\u00f1as al casco c\u00e9ntrico. Pueden presentarse propuestas de m\u00fasica, danza, circo, t\u00edteres, teatro y otras disciplinas de arte callejero. Quienes resulten seleccionados &hellip; <a href=\"https:\/\/cultura.sma.gob.ar\/?p=5170\" class=\"more-link\">Continue reading <span class=\"screen-reader-text\">Calle Cultural abre su convocatoria para este verano 2024<\/span><\/a><\/p>\n","protected":false},"author":1,"featured_media":296,"comment_status":"closed","ping_status":"","sticky":false,"template":"","format":"image","meta":{"footnotes":""},"categories":[3,9],"tags":[],"class_list":["post-5170","post","type-post","status-publish","format-image","has-post-thumbnail","hentry","category-eventos-cultura","category-ultimas-noticias","post_format-post-format-image"],"_links":{"self":[{"href":"https:\/\/cultura.sma.gob.ar\/index.php?rest_route=\/wp\/v2\/posts\/5170","targetHints":{"allow":["GET"]}}],"collection":[{"href":"https:\/\/cultura.sma.gob.ar\/index.php?rest_route=\/wp\/v2\/posts"}],"about":[{"href":"https:\/\/cultura.sma.gob.ar\/index.php?rest_route=\/wp\/v2\/types\/post"}],"author":[{"embeddable":true,"href":"https:\/\/cultura.sma.gob.ar\/index.php?rest_route=\/wp\/v2\/users\/1"}],"replies":[{"embeddable":true,"href":"https:\/\/cultura.sma.gob.ar\/index.php?rest_route=%2Fwp%2Fv2%2Fcomments&post=5170"}],"version-history":[{"count":1,"href":"https:\/\/cultura.sma.gob.ar\/index.php?rest_route=\/wp\/v2\/posts\/5170\/revisions"}],"predecessor-version":[{"id":5172,"href":"https:\/\/cultura.sma.gob.ar\/index.php?rest_route=\/wp\/v2\/posts\/5170\/revisions\/5172"}],"wp:featuredmedia":[{"embeddable":true,"href":"https:\/\/cultura.sma.gob.ar\/index.php?rest_route=\/wp\/v2\/media\/296"}],"wp:attachment":[{"href":"https:\/\/cultura.sma.gob.ar\/index.php?rest_route=%2Fwp%2Fv2%2Fmedia&parent=5170"}],"wp:term":[{"taxonomy":"category","embeddable":true,"href":"https:\/\/cultura.sma.gob.ar\/index.php?rest_route=%2Fwp%2Fv2%2Fcategories&post=5170"},{"taxonomy":"post_tag","embeddable":true,"href":"https:\/\/cultura.sma.gob.ar\/index.php?rest_route=%2Fwp%2Fv2%2Ftags&post=5170"}],"curies":[{"name":"wp","href":"https:\/\/api.w.org\/{rel}","templated":true}]}}