{"id":5167,"date":"2024-01-19T12:27:56","date_gmt":"2024-01-19T15:27:56","guid":{"rendered":"http:\/\/cultura.sma.gob.ar\/?p=5167"},"modified":"2024-01-19T12:27:56","modified_gmt":"2024-01-19T15:27:56","slug":"abre-la-convocatoria-para-la-exposicion-colectiva-abierta-2024","status":"publish","type":"post","link":"https:\/\/cultura.sma.gob.ar\/?p=5167","title":{"rendered":"Abre la convocatoria para la Exposici\u00f3n Colectiva Abierta 2024"},"content":{"rendered":"\n<div class=\"wp-block-image\"><figure class=\"aligncenter size-large\"><img loading=\"lazy\" decoding=\"async\" width=\"512\" height=\"640\" src=\"https:\/\/cultura.sma.gob.ar\/wp-content\/uploads\/2024\/01\/414966355_749387700552928_8326257172734949946_n.jpg\" alt=\"\" class=\"wp-image-5168\" srcset=\"https:\/\/cultura.sma.gob.ar\/wp-content\/uploads\/2024\/01\/414966355_749387700552928_8326257172734949946_n.jpg 512w, https:\/\/cultura.sma.gob.ar\/wp-content\/uploads\/2024\/01\/414966355_749387700552928_8326257172734949946_n-240x300.jpg 240w, https:\/\/cultura.sma.gob.ar\/wp-content\/uploads\/2024\/01\/414966355_749387700552928_8326257172734949946_n-72x90.jpg 72w\" sizes=\"auto, (max-width: 512px) 100vw, 512px\" \/><\/figure><\/div>\n\n\n\n<p><br>La Secretar\u00eda de Cultura convoca a artistas visuales de San Mart\u00edn de los Andes a participar en la Exposici\u00f3n Colectiva Abierta 2024 que se desarrollar\u00e1 en el mes de febrero en la sala Lidaura Chapitel.<\/p>\n\n\n\n<p>Se reciben propuestas expositivas hasta el 23 de enero de 2024 inclusive. <\/p>\n\n\n\n<p>Para acceder a las bases y condiciones, escribir a salamunicipal.chapitel@gmail.com.<\/p>\n","protected":false},"excerpt":{"rendered":"<p>La Secretar\u00eda de Cultura convoca a artistas visuales de San Mart\u00edn de los Andes a participar en la Exposici\u00f3n Colectiva Abierta 2024 que se desarrollar\u00e1 en el mes de febrero en la sala Lidaura Chapitel. Se reciben propuestas expositivas hasta el 23 de enero de 2024 inclusive. Para acceder a las bases y condiciones, escribir a salamunicipal.chapitel@gmail.com. <a href=\"https:\/\/cultura.sma.gob.ar\/?p=5167\" class=\"more-link\">Continue reading <span class=\"screen-reader-text\">Abre la convocatoria para la Exposici\u00f3n Colectiva Abierta 2024<\/span><\/a><\/p>\n","protected":false},"author":1,"featured_media":295,"comment_status":"closed","ping_status":"","sticky":false,"template":"","format":"image","meta":{"footnotes":""},"categories":[6,9],"tags":[],"class_list":["post-5167","post","type-post","status-publish","format-image","has-post-thumbnail","hentry","category-sala-lidaura-chapitel","category-ultimas-noticias","post_format-post-format-image"],"_links":{"self":[{"href":"https:\/\/cultura.sma.gob.ar\/index.php?rest_route=\/wp\/v2\/posts\/5167","targetHints":{"allow":["GET"]}}],"collection":[{"href":"https:\/\/cultura.sma.gob.ar\/index.php?rest_route=\/wp\/v2\/posts"}],"about":[{"href":"https:\/\/cultura.sma.gob.ar\/index.php?rest_route=\/wp\/v2\/types\/post"}],"author":[{"embeddable":true,"href":"https:\/\/cultura.sma.gob.ar\/index.php?rest_route=\/wp\/v2\/users\/1"}],"replies":[{"embeddable":true,"href":"https:\/\/cultura.sma.gob.ar\/index.php?rest_route=%2Fwp%2Fv2%2Fcomments&post=5167"}],"version-history":[{"count":1,"href":"https:\/\/cultura.sma.gob.ar\/index.php?rest_route=\/wp\/v2\/posts\/5167\/revisions"}],"predecessor-version":[{"id":5169,"href":"https:\/\/cultura.sma.gob.ar\/index.php?rest_route=\/wp\/v2\/posts\/5167\/revisions\/5169"}],"wp:featuredmedia":[{"embeddable":true,"href":"https:\/\/cultura.sma.gob.ar\/index.php?rest_route=\/wp\/v2\/media\/295"}],"wp:attachment":[{"href":"https:\/\/cultura.sma.gob.ar\/index.php?rest_route=%2Fwp%2Fv2%2Fmedia&parent=5167"}],"wp:term":[{"taxonomy":"category","embeddable":true,"href":"https:\/\/cultura.sma.gob.ar\/index.php?rest_route=%2Fwp%2Fv2%2Fcategories&post=5167"},{"taxonomy":"post_tag","embeddable":true,"href":"https:\/\/cultura.sma.gob.ar\/index.php?rest_route=%2Fwp%2Fv2%2Ftags&post=5167"}],"curies":[{"name":"wp","href":"https:\/\/api.w.org\/{rel}","templated":true}]}}