{"id":5161,"date":"2024-01-19T12:24:47","date_gmt":"2024-01-19T15:24:47","guid":{"rendered":"http:\/\/cultura.sma.gob.ar\/?p=5161"},"modified":"2024-01-19T12:24:47","modified_gmt":"2024-01-19T15:24:47","slug":"jardin-de-papel-muestra-de-la-artista-viviana-errecalde","status":"publish","type":"post","link":"https:\/\/cultura.sma.gob.ar\/?p=5161","title":{"rendered":"&#8220;Jard\u00edn de papel&#8221;: muestra de la artista Viviana Errecalde"},"content":{"rendered":"\n<figure class=\"wp-block-image size-large\"><img loading=\"lazy\" decoding=\"async\" width=\"526\" height=\"526\" src=\"https:\/\/cultura.sma.gob.ar\/wp-content\/uploads\/2024\/01\/415519153_752800210211677_3129410894136394682_n.jpg\" alt=\"\" class=\"wp-image-5162\" srcset=\"https:\/\/cultura.sma.gob.ar\/wp-content\/uploads\/2024\/01\/415519153_752800210211677_3129410894136394682_n.jpg 526w, https:\/\/cultura.sma.gob.ar\/wp-content\/uploads\/2024\/01\/415519153_752800210211677_3129410894136394682_n-300x300.jpg 300w, https:\/\/cultura.sma.gob.ar\/wp-content\/uploads\/2024\/01\/415519153_752800210211677_3129410894136394682_n-150x150.jpg 150w, https:\/\/cultura.sma.gob.ar\/wp-content\/uploads\/2024\/01\/415519153_752800210211677_3129410894136394682_n-90x90.jpg 90w\" sizes=\"auto, (max-width: 526px) 100vw, 526px\" \/><\/figure>\n\n\n\n<p>&#8220;Jard\u00edn de papel&#8221;,  la hermosa propuesta instalativa de la artista local Viviana Errecalde, abre el cronograma anual de la Sala Municipal de Exposiciones Lidaura Chapitel.<\/p>\n\n\n\n<p>Esta muestra es co-organizada con la Asociaci\u00f3n Amigos de la Sala, que cada mes de enero invita a artistas destacados de nuestra ciudad a exponer sus producciones.<\/p>\n\n\n\n<div class=\"wp-block-jetpack-tiled-gallery aligncenter is-style-rectangular\"><div class=\"tiled-gallery__gallery\"><div class=\"tiled-gallery__row\"><div class=\"tiled-gallery__col\" style=\"flex-basis:66.78403755868544%\"><figure class=\"tiled-gallery__item\"><img decoding=\"async\" alt=\"\" data-height=\"669\" data-id=\"5165\" data-link=\"http:\/\/cultura.sma.gob.ar\/?attachment_id=5165\" data-url=\"https:\/\/cultura.sma.gob.ar\/wp-content\/uploads\/2024\/01\/420191221_759009789590719_8513482021921395222_n.jpg\" data-width=\"669\" src=\"https:\/\/i0.wp.com\/cultura.sma.gob.ar\/wp-content\/uploads\/2024\/01\/420191221_759009789590719_8513482021921395222_n.jpg?ssl=1\" layout=\"responsive\"\/><\/figure><\/div><div class=\"tiled-gallery__col\" style=\"flex-basis:33.21596244131455%\"><figure class=\"tiled-gallery__item\"><img decoding=\"async\" alt=\"\" data-height=\"576\" data-id=\"5164\" data-link=\"http:\/\/cultura.sma.gob.ar\/?attachment_id=5164\" data-url=\"https:\/\/cultura.sma.gob.ar\/wp-content\/uploads\/2024\/01\/419702233_759010026257362_3124118938033230426_n.jpg\" data-width=\"576\" src=\"https:\/\/i2.wp.com\/cultura.sma.gob.ar\/wp-content\/uploads\/2024\/01\/419702233_759010026257362_3124118938033230426_n.jpg?ssl=1\" layout=\"responsive\"\/><\/figure><figure class=\"tiled-gallery__item\"><img decoding=\"async\" alt=\"\" data-height=\"576\" data-id=\"5163\" data-link=\"http:\/\/cultura.sma.gob.ar\/?attachment_id=5163\" data-url=\"https:\/\/cultura.sma.gob.ar\/wp-content\/uploads\/2024\/01\/420179786_759009929590705_4921384294637714245_n.jpg\" data-width=\"576\" src=\"https:\/\/i2.wp.com\/cultura.sma.gob.ar\/wp-content\/uploads\/2024\/01\/420179786_759009929590705_4921384294637714245_n.jpg?ssl=1\" layout=\"responsive\"\/><\/figure><\/div><\/div><\/div><\/div>\n\n\n\n<p>&#8220;Jard\u00edn de papel&#8221; es un camino que nos conecta con nuestro ser y nos introduce en una compleja anatom\u00eda de la naturaleza que invita a ser descubierta a trav\u00e9s de la atenci\u00f3n y el discernimiento.<\/p>\n\n\n\n<p>Durante el verano la sala permanecer\u00e1 abierta al p\u00fablico de lunes a viernes de 10 a 12 y de 16:30 a 20:30 h, y los s\u00e1bados y domingos de 17 a 21 hs.<\/p>\n","protected":false},"excerpt":{"rendered":"<p>&#8220;Jard\u00edn de papel&#8221;, la hermosa propuesta instalativa de la artista local Viviana Errecalde, abre el cronograma anual de la Sala Municipal de Exposiciones Lidaura Chapitel. Esta muestra es co-organizada con la Asociaci\u00f3n Amigos de la Sala, que cada mes de enero invita a artistas destacados de nuestra ciudad a exponer sus producciones. &#8220;Jard\u00edn de papel&#8221; es un camino que nos conecta con nuestro ser y &hellip; <a href=\"https:\/\/cultura.sma.gob.ar\/?p=5161\" class=\"more-link\">Continue reading <span class=\"screen-reader-text\">&#8220;Jard\u00edn de papel&#8221;: muestra de la artista Viviana Errecalde<\/span><\/a><\/p>\n","protected":false},"author":1,"featured_media":295,"comment_status":"closed","ping_status":"","sticky":false,"template":"","format":"image","meta":{"footnotes":""},"categories":[6,9],"tags":[],"class_list":["post-5161","post","type-post","status-publish","format-image","has-post-thumbnail","hentry","category-sala-lidaura-chapitel","category-ultimas-noticias","post_format-post-format-image"],"_links":{"self":[{"href":"https:\/\/cultura.sma.gob.ar\/index.php?rest_route=\/wp\/v2\/posts\/5161","targetHints":{"allow":["GET"]}}],"collection":[{"href":"https:\/\/cultura.sma.gob.ar\/index.php?rest_route=\/wp\/v2\/posts"}],"about":[{"href":"https:\/\/cultura.sma.gob.ar\/index.php?rest_route=\/wp\/v2\/types\/post"}],"author":[{"embeddable":true,"href":"https:\/\/cultura.sma.gob.ar\/index.php?rest_route=\/wp\/v2\/users\/1"}],"replies":[{"embeddable":true,"href":"https:\/\/cultura.sma.gob.ar\/index.php?rest_route=%2Fwp%2Fv2%2Fcomments&post=5161"}],"version-history":[{"count":1,"href":"https:\/\/cultura.sma.gob.ar\/index.php?rest_route=\/wp\/v2\/posts\/5161\/revisions"}],"predecessor-version":[{"id":5166,"href":"https:\/\/cultura.sma.gob.ar\/index.php?rest_route=\/wp\/v2\/posts\/5161\/revisions\/5166"}],"wp:featuredmedia":[{"embeddable":true,"href":"https:\/\/cultura.sma.gob.ar\/index.php?rest_route=\/wp\/v2\/media\/295"}],"wp:attachment":[{"href":"https:\/\/cultura.sma.gob.ar\/index.php?rest_route=%2Fwp%2Fv2%2Fmedia&parent=5161"}],"wp:term":[{"taxonomy":"category","embeddable":true,"href":"https:\/\/cultura.sma.gob.ar\/index.php?rest_route=%2Fwp%2Fv2%2Fcategories&post=5161"},{"taxonomy":"post_tag","embeddable":true,"href":"https:\/\/cultura.sma.gob.ar\/index.php?rest_route=%2Fwp%2Fv2%2Ftags&post=5161"}],"curies":[{"name":"wp","href":"https:\/\/api.w.org\/{rel}","templated":true}]}}