{"id":516,"date":"2020-11-03T12:01:25","date_gmt":"2020-11-03T15:01:25","guid":{"rendered":"http:\/\/cultura.sma.gob.ar\/?p=516"},"modified":"2020-11-03T12:10:50","modified_gmt":"2020-11-03T15:10:50","slug":"microficciones-para-radio-narrativa-para-ninos-y-ninas-14-feria-regional-del-libro","status":"publish","type":"post","link":"https:\/\/cultura.sma.gob.ar\/?p=516","title":{"rendered":"Microficci\u00f3nes para radio: narrativa para ni\u00f1os y ni\u00f1as &#8211; 14\u00b0 Feria Regional del Libro"},"content":{"rendered":"\n<figure class=\"wp-block-image size-large\"><img loading=\"lazy\" decoding=\"async\" width=\"779\" height=\"785\" src=\"http:\/\/cultura.sma.gob.ar\/wp-content\/uploads\/2020\/11\/microrelatos-para-ninos.png\" alt=\"\" class=\"wp-image-517\" srcset=\"https:\/\/cultura.sma.gob.ar\/wp-content\/uploads\/2020\/11\/microrelatos-para-ninos.png 779w, https:\/\/cultura.sma.gob.ar\/wp-content\/uploads\/2020\/11\/microrelatos-para-ninos-298x300.png 298w, https:\/\/cultura.sma.gob.ar\/wp-content\/uploads\/2020\/11\/microrelatos-para-ninos-150x150.png 150w, https:\/\/cultura.sma.gob.ar\/wp-content\/uploads\/2020\/11\/microrelatos-para-ninos-768x774.png 768w, https:\/\/cultura.sma.gob.ar\/wp-content\/uploads\/2020\/11\/microrelatos-para-ninos-89x90.png 89w\" sizes=\"auto, (max-width: 779px) 100vw, 779px\" \/><\/figure>\n\n\n\n<p>Por <strong>Claudia Lauscher y Mariana Taberniso<\/strong><\/p>\n\n\n\n<ul class=\"wp-block-list\"><li>Viernes 13- Grupo 1 17 hs- Grupo 2 17:30 hs<\/li><\/ul>\n\n\n\n<p>En el CDI \u201cAitue\u201d de Cordones del Chapelco<\/p>\n\n\n\n<p>Dirigido a ni\u00f1os y ni\u00f1as<\/p>\n\n\n\n<p>Duraci\u00f3n: 20 minutos por grupo<\/p>\n\n\n\n<h4 class=\"wp-block-heading\">Reserv\u00e1 tu lugar escribiendo a <a href=\"mailto:talleres.cultura@smandes.gov.ar\">talleres.cultura@smandes.gov.ar<\/a> o llamando al 424-804<\/h4>\n\n\n\n<p>Mariana Taberniso y Claudia Lauscher compartir\u00e1n la lectura de microrelatos y poes\u00edas que forman parten de ciclo \u201cRelatos para ni\u00f1os y ni\u00f1as\u201d, contenido de SMAndes cultural.&nbsp;<\/p>\n\n\n\n<p>Mariana es psic\u00f3loga social, ejerci\u00f3 la docencia en el nivel inicial y es apasionada por la literatura. Claudia es actriz e incursion\u00f3 en otras disciplinas como el radioteatro, los t\u00edteres y el clown.&nbsp;<\/p>\n","protected":false},"excerpt":{"rendered":"<p>Actividad con protocolo sanitario e inscripci\u00f3n previa <a href=\"https:\/\/cultura.sma.gob.ar\/?p=516\" class=\"more-link\">Continue reading <span class=\"screen-reader-text\">Microficci\u00f3nes para radio: narrativa para ni\u00f1os y ni\u00f1as &#8211; 14\u00b0 Feria Regional del Libro<\/span><\/a><\/p>\n","protected":false},"author":1,"featured_media":296,"comment_status":"closed","ping_status":"","sticky":false,"template":"","format":"image","meta":{"footnotes":""},"categories":[3,9],"tags":[],"class_list":["post-516","post","type-post","status-publish","format-image","has-post-thumbnail","hentry","category-eventos-cultura","category-ultimas-noticias","post_format-post-format-image"],"_links":{"self":[{"href":"https:\/\/cultura.sma.gob.ar\/index.php?rest_route=\/wp\/v2\/posts\/516","targetHints":{"allow":["GET"]}}],"collection":[{"href":"https:\/\/cultura.sma.gob.ar\/index.php?rest_route=\/wp\/v2\/posts"}],"about":[{"href":"https:\/\/cultura.sma.gob.ar\/index.php?rest_route=\/wp\/v2\/types\/post"}],"author":[{"embeddable":true,"href":"https:\/\/cultura.sma.gob.ar\/index.php?rest_route=\/wp\/v2\/users\/1"}],"replies":[{"embeddable":true,"href":"https:\/\/cultura.sma.gob.ar\/index.php?rest_route=%2Fwp%2Fv2%2Fcomments&post=516"}],"version-history":[{"count":2,"href":"https:\/\/cultura.sma.gob.ar\/index.php?rest_route=\/wp\/v2\/posts\/516\/revisions"}],"predecessor-version":[{"id":522,"href":"https:\/\/cultura.sma.gob.ar\/index.php?rest_route=\/wp\/v2\/posts\/516\/revisions\/522"}],"wp:featuredmedia":[{"embeddable":true,"href":"https:\/\/cultura.sma.gob.ar\/index.php?rest_route=\/wp\/v2\/media\/296"}],"wp:attachment":[{"href":"https:\/\/cultura.sma.gob.ar\/index.php?rest_route=%2Fwp%2Fv2%2Fmedia&parent=516"}],"wp:term":[{"taxonomy":"category","embeddable":true,"href":"https:\/\/cultura.sma.gob.ar\/index.php?rest_route=%2Fwp%2Fv2%2Fcategories&post=516"},{"taxonomy":"post_tag","embeddable":true,"href":"https:\/\/cultura.sma.gob.ar\/index.php?rest_route=%2Fwp%2Fv2%2Ftags&post=516"}],"curies":[{"name":"wp","href":"https:\/\/api.w.org\/{rel}","templated":true}]}}