{"id":5156,"date":"2024-01-19T12:17:16","date_gmt":"2024-01-19T15:17:16","guid":{"rendered":"http:\/\/cultura.sma.gob.ar\/?p=5156"},"modified":"2024-01-19T12:17:16","modified_gmt":"2024-01-19T15:17:16","slug":"este-sabado-20-de-enero-llega-la-noche-de-las-artes","status":"publish","type":"post","link":"https:\/\/cultura.sma.gob.ar\/?p=5156","title":{"rendered":"Este s\u00e1bado 20 de enero llega la Noche de las Artes"},"content":{"rendered":"\n<figure class=\"wp-block-image size-large\"><img loading=\"lazy\" decoding=\"async\" width=\"1024\" height=\"1024\" src=\"https:\/\/cultura.sma.gob.ar\/wp-content\/uploads\/2024\/01\/SMA-GE0013-1ra-Noche-de-las-Artes-20-Enero-2024_1x1-copia-1024x1024.jpg\" alt=\"\" class=\"wp-image-5157\" srcset=\"https:\/\/cultura.sma.gob.ar\/wp-content\/uploads\/2024\/01\/SMA-GE0013-1ra-Noche-de-las-Artes-20-Enero-2024_1x1-copia-1024x1024.jpg 1024w, https:\/\/cultura.sma.gob.ar\/wp-content\/uploads\/2024\/01\/SMA-GE0013-1ra-Noche-de-las-Artes-20-Enero-2024_1x1-copia-300x300.jpg 300w, https:\/\/cultura.sma.gob.ar\/wp-content\/uploads\/2024\/01\/SMA-GE0013-1ra-Noche-de-las-Artes-20-Enero-2024_1x1-copia-150x150.jpg 150w, https:\/\/cultura.sma.gob.ar\/wp-content\/uploads\/2024\/01\/SMA-GE0013-1ra-Noche-de-las-Artes-20-Enero-2024_1x1-copia-768x768.jpg 768w, https:\/\/cultura.sma.gob.ar\/wp-content\/uploads\/2024\/01\/SMA-GE0013-1ra-Noche-de-las-Artes-20-Enero-2024_1x1-copia-1536x1536.jpg 1536w, https:\/\/cultura.sma.gob.ar\/wp-content\/uploads\/2024\/01\/SMA-GE0013-1ra-Noche-de-las-Artes-20-Enero-2024_1x1-copia-2048x2048.jpg 2048w, https:\/\/cultura.sma.gob.ar\/wp-content\/uploads\/2024\/01\/SMA-GE0013-1ra-Noche-de-las-Artes-20-Enero-2024_1x1-copia-90x90.jpg 90w\" sizes=\"auto, (max-width: 1024px) 100vw, 1024px\" \/><\/figure>\n\n\n\n<p>Este s\u00e1bado 20 de enero, desde las 18:00 y hasta las 01:00 h, la avenida San Mart\u00edn volver\u00e1 a convertirse en una gran peatonal cultural,  para dar lugar a La Noche de las Artes. <\/p>\n\n\n\n<p>Habr\u00e1 cerca de 70 propuestas esc\u00e9nicas de m\u00fasica, danza, circo y teatro, y m\u00e1s de 100 expositores, ubicados entre las calles Sarmiento y Rivadavia. <\/p>\n\n\n\n<figure class=\"wp-block-gallery columns-2 is-cropped wp-block-gallery-1 is-layout-flex wp-block-gallery-is-layout-flex\"><ul class=\"blocks-gallery-grid\"><li class=\"blocks-gallery-item\"><figure><img loading=\"lazy\" decoding=\"async\" width=\"1024\" height=\"1018\" src=\"https:\/\/cultura.sma.gob.ar\/wp-content\/uploads\/2024\/01\/WhatsApp-Image-2024-01-18-at-7.54.32-PM-1024x1018.jpeg\" alt=\"\" data-id=\"5158\" data-full-url=\"https:\/\/cultura.sma.gob.ar\/wp-content\/uploads\/2024\/01\/WhatsApp-Image-2024-01-18-at-7.54.32-PM.jpeg\" data-link=\"https:\/\/cultura.sma.gob.ar\/?attachment_id=5158\" class=\"wp-image-5158\" srcset=\"https:\/\/cultura.sma.gob.ar\/wp-content\/uploads\/2024\/01\/WhatsApp-Image-2024-01-18-at-7.54.32-PM-1024x1018.jpeg 1024w, https:\/\/cultura.sma.gob.ar\/wp-content\/uploads\/2024\/01\/WhatsApp-Image-2024-01-18-at-7.54.32-PM-300x298.jpeg 300w, https:\/\/cultura.sma.gob.ar\/wp-content\/uploads\/2024\/01\/WhatsApp-Image-2024-01-18-at-7.54.32-PM-150x150.jpeg 150w, https:\/\/cultura.sma.gob.ar\/wp-content\/uploads\/2024\/01\/WhatsApp-Image-2024-01-18-at-7.54.32-PM-768x763.jpeg 768w, https:\/\/cultura.sma.gob.ar\/wp-content\/uploads\/2024\/01\/WhatsApp-Image-2024-01-18-at-7.54.32-PM-1536x1526.jpeg 1536w, https:\/\/cultura.sma.gob.ar\/wp-content\/uploads\/2024\/01\/WhatsApp-Image-2024-01-18-at-7.54.32-PM-91x90.jpeg 91w, https:\/\/cultura.sma.gob.ar\/wp-content\/uploads\/2024\/01\/WhatsApp-Image-2024-01-18-at-7.54.32-PM.jpeg 1600w\" sizes=\"auto, (max-width: 1024px) 100vw, 1024px\" \/><\/figure><\/li><li class=\"blocks-gallery-item\"><figure><img loading=\"lazy\" decoding=\"async\" width=\"1024\" height=\"1018\" src=\"https:\/\/cultura.sma.gob.ar\/wp-content\/uploads\/2024\/01\/WhatsApp-Image-2024-01-18-at-7.54.31-PM-1024x1018.jpeg\" alt=\"\" data-id=\"5159\" data-full-url=\"https:\/\/cultura.sma.gob.ar\/wp-content\/uploads\/2024\/01\/WhatsApp-Image-2024-01-18-at-7.54.31-PM.jpeg\" data-link=\"https:\/\/cultura.sma.gob.ar\/?attachment_id=5159\" class=\"wp-image-5159\" srcset=\"https:\/\/cultura.sma.gob.ar\/wp-content\/uploads\/2024\/01\/WhatsApp-Image-2024-01-18-at-7.54.31-PM-1024x1018.jpeg 1024w, https:\/\/cultura.sma.gob.ar\/wp-content\/uploads\/2024\/01\/WhatsApp-Image-2024-01-18-at-7.54.31-PM-300x298.jpeg 300w, https:\/\/cultura.sma.gob.ar\/wp-content\/uploads\/2024\/01\/WhatsApp-Image-2024-01-18-at-7.54.31-PM-150x150.jpeg 150w, https:\/\/cultura.sma.gob.ar\/wp-content\/uploads\/2024\/01\/WhatsApp-Image-2024-01-18-at-7.54.31-PM-768x763.jpeg 768w, https:\/\/cultura.sma.gob.ar\/wp-content\/uploads\/2024\/01\/WhatsApp-Image-2024-01-18-at-7.54.31-PM-1536x1526.jpeg 1536w, https:\/\/cultura.sma.gob.ar\/wp-content\/uploads\/2024\/01\/WhatsApp-Image-2024-01-18-at-7.54.31-PM-91x90.jpeg 91w, https:\/\/cultura.sma.gob.ar\/wp-content\/uploads\/2024\/01\/WhatsApp-Image-2024-01-18-at-7.54.31-PM.jpeg 1600w\" sizes=\"auto, (max-width: 1024px) 100vw, 1024px\" \/><\/figure><\/li><\/ul><\/figure>\n\n\n\n<p>El corte de la avenida ser\u00e1 parcial desde las 7:00 h del s\u00e1bado, pudiendo circularse por las calles perpendiculares, sin dejar autos estacionados en avenida San Mart\u00edn. Y a partir de las 17 h el corte ser\u00e1 total. <\/p>\n\n\n\n<p>Para facilitar el regreso de vecinos y vecinas a sus hogares por la noche, Expreso Los Andes incorporar\u00e1 los siguientes servicios adicionales de colectivos: <\/p>\n\n\n\n<p>De Terminal a Los Radales: 1:00 h.<\/p>\n\n\n\n<p>De Terminal a Chacra 32 (Directo): 02:05 h.<\/p>\n\n\n\n<p>De Terminal a Chacra 30: 00.30 h, 00:45 h y 02:20 h.<\/p>\n\n\n\n<p>De Terminal a Chacra 30 por 3 de Caballer\u00eda: 00.05 h.<\/p>\n\n\n\n<p>De Terminal a Rucahue: 00:30 h.<\/p>\n\n\n\n<p>La Noche se las Artes ser\u00e1 una hermosa oportunidad para encontrarnos y disfrutar de la gran diversidad cultural que tenemos en San Mart\u00edn de los Andes.<\/p>\n","protected":false},"excerpt":{"rendered":"<p>Este s\u00e1bado 20 de enero, desde las 18:00 y hasta las 01:00 h, la avenida San Mart\u00edn volver\u00e1 a convertirse en una gran peatonal cultural, para dar lugar a La Noche de las Artes. Habr\u00e1 cerca de 70 propuestas esc\u00e9nicas de m\u00fasica, danza, circo y teatro, y m\u00e1s de 100 expositores, ubicados entre las calles Sarmiento y Rivadavia. El corte de la avenida ser\u00e1 parcial &hellip; <a href=\"https:\/\/cultura.sma.gob.ar\/?p=5156\" class=\"more-link\">Continue reading <span class=\"screen-reader-text\">Este s\u00e1bado 20 de enero llega la Noche de las Artes<\/span><\/a><\/p>\n","protected":false},"author":1,"featured_media":296,"comment_status":"closed","ping_status":"","sticky":false,"template":"","format":"image","meta":{"footnotes":""},"categories":[3,9],"tags":[],"class_list":["post-5156","post","type-post","status-publish","format-image","has-post-thumbnail","hentry","category-eventos-cultura","category-ultimas-noticias","post_format-post-format-image"],"_links":{"self":[{"href":"https:\/\/cultura.sma.gob.ar\/index.php?rest_route=\/wp\/v2\/posts\/5156","targetHints":{"allow":["GET"]}}],"collection":[{"href":"https:\/\/cultura.sma.gob.ar\/index.php?rest_route=\/wp\/v2\/posts"}],"about":[{"href":"https:\/\/cultura.sma.gob.ar\/index.php?rest_route=\/wp\/v2\/types\/post"}],"author":[{"embeddable":true,"href":"https:\/\/cultura.sma.gob.ar\/index.php?rest_route=\/wp\/v2\/users\/1"}],"replies":[{"embeddable":true,"href":"https:\/\/cultura.sma.gob.ar\/index.php?rest_route=%2Fwp%2Fv2%2Fcomments&post=5156"}],"version-history":[{"count":1,"href":"https:\/\/cultura.sma.gob.ar\/index.php?rest_route=\/wp\/v2\/posts\/5156\/revisions"}],"predecessor-version":[{"id":5160,"href":"https:\/\/cultura.sma.gob.ar\/index.php?rest_route=\/wp\/v2\/posts\/5156\/revisions\/5160"}],"wp:featuredmedia":[{"embeddable":true,"href":"https:\/\/cultura.sma.gob.ar\/index.php?rest_route=\/wp\/v2\/media\/296"}],"wp:attachment":[{"href":"https:\/\/cultura.sma.gob.ar\/index.php?rest_route=%2Fwp%2Fv2%2Fmedia&parent=5156"}],"wp:term":[{"taxonomy":"category","embeddable":true,"href":"https:\/\/cultura.sma.gob.ar\/index.php?rest_route=%2Fwp%2Fv2%2Fcategories&post=5156"},{"taxonomy":"post_tag","embeddable":true,"href":"https:\/\/cultura.sma.gob.ar\/index.php?rest_route=%2Fwp%2Fv2%2Ftags&post=5156"}],"curies":[{"name":"wp","href":"https:\/\/api.w.org\/{rel}","templated":true}]}}