{"id":5151,"date":"2023-12-07T10:11:57","date_gmt":"2023-12-07T13:11:57","guid":{"rendered":"http:\/\/cultura.sma.gob.ar\/?p=5151"},"modified":"2023-12-07T10:11:57","modified_gmt":"2023-12-07T13:11:57","slug":"el-taller-municipal-de-teatro-adolescente-presenta-la-obra-maldita-noche","status":"publish","type":"post","link":"https:\/\/cultura.sma.gob.ar\/?p=5151","title":{"rendered":"El Taller Municipal de teatro adolescente presenta la obra \u201cMaldita noche\u201d"},"content":{"rendered":"\n<figure class=\"wp-block-image size-large\"><img decoding=\"async\" src=\"https:\/\/scontent.fcpc1-1.fna.fbcdn.net\/v\/t39.30808-6\/401382232_731530755671956_837190530596175236_n.jpg?_nc_cat=111&amp;ccb=1-7&amp;_nc_sid=3635dc&amp;_nc_ohc=qfx3qzzbuzkAX8h7dPY&amp;_nc_ht=scontent.fcpc1-1.fna&amp;oh=00_AfDi3LGYUPu_UBh-OfZIBNfyaGVM5RCzv9zirryMczMQQQ&amp;oe=657747B4\" alt=\"\"\/><\/figure>\n\n\n\n<p>S\u00c1BADO 9 DE DICIEMBRE, 20:30 HS. EN ESPACIO TRAMA<\/p>\n\n\n\n<p> ENTRADAS GRATUITAS<\/p>\n\n\n\n<p>El s\u00e1bado 9 de diciembre los participantes del taller de teatro de la Secretar\u00eda de Cultura presentar\u00e1n su obra \u201cMaldita noche\u201d, escrita y actuada por ellos mismos. Un drama contado a trav\u00e9s de la comedia. El tiempo que se desarma, se deshace, se confunde&#8230; El amor de una madre, el amor de una hija, una familia. La perspectiva, un disco de Bandana, ponerse zapatos ajenos\u2026<\/p>\n\n\n\n<p>Direcci\u00f3n: Constanza Rulli<\/p>\n\n\n\n<p>Int\u00e9rpretes: Lu Formigo, Maura Busteigorry, Mart\u00edn Battazi, Diana Rodr\u00edguez, Camila Cuevas Dom\u00edcoli , Milagros Aguilera y Camila Contreras<\/p>\n\n\n\n<p>T\u00e9cnica: Micaela Hertz<\/p>\n\n\n\n<p>LAS ENTRADAS POD\u00c9S CONSEGUIRLAS EN LA BOLETAR\u00cdA DE ESPACIO TRAMA.<\/p>\n","protected":false},"excerpt":{"rendered":"<p>S\u00c1BADO 9 DE DICIEMBRE, 20:30 HS. EN ESPACIO TRAMA ENTRADAS GRATUITAS El s\u00e1bado 9 de diciembre los participantes del taller de teatro de la Secretar\u00eda de Cultura presentar\u00e1n su obra \u201cMaldita noche\u201d, escrita y actuada por ellos mismos. Un drama contado a trav\u00e9s de la comedia. El tiempo que se desarma, se deshace, se confunde&#8230; El amor de una madre, el amor de una hija, &hellip; <a href=\"https:\/\/cultura.sma.gob.ar\/?p=5151\" class=\"more-link\">Continue reading <span class=\"screen-reader-text\">El Taller Municipal de teatro adolescente presenta la obra \u201cMaldita noche\u201d<\/span><\/a><\/p>\n","protected":false},"author":1,"featured_media":293,"comment_status":"closed","ping_status":"","sticky":false,"template":"","format":"image","meta":{"footnotes":""},"categories":[7,9],"tags":[],"class_list":["post-5151","post","type-post","status-publish","format-image","has-post-thumbnail","hentry","category-talleres-cultura","category-ultimas-noticias","post_format-post-format-image"],"_links":{"self":[{"href":"https:\/\/cultura.sma.gob.ar\/index.php?rest_route=\/wp\/v2\/posts\/5151","targetHints":{"allow":["GET"]}}],"collection":[{"href":"https:\/\/cultura.sma.gob.ar\/index.php?rest_route=\/wp\/v2\/posts"}],"about":[{"href":"https:\/\/cultura.sma.gob.ar\/index.php?rest_route=\/wp\/v2\/types\/post"}],"author":[{"embeddable":true,"href":"https:\/\/cultura.sma.gob.ar\/index.php?rest_route=\/wp\/v2\/users\/1"}],"replies":[{"embeddable":true,"href":"https:\/\/cultura.sma.gob.ar\/index.php?rest_route=%2Fwp%2Fv2%2Fcomments&post=5151"}],"version-history":[{"count":1,"href":"https:\/\/cultura.sma.gob.ar\/index.php?rest_route=\/wp\/v2\/posts\/5151\/revisions"}],"predecessor-version":[{"id":5152,"href":"https:\/\/cultura.sma.gob.ar\/index.php?rest_route=\/wp\/v2\/posts\/5151\/revisions\/5152"}],"wp:featuredmedia":[{"embeddable":true,"href":"https:\/\/cultura.sma.gob.ar\/index.php?rest_route=\/wp\/v2\/media\/293"}],"wp:attachment":[{"href":"https:\/\/cultura.sma.gob.ar\/index.php?rest_route=%2Fwp%2Fv2%2Fmedia&parent=5151"}],"wp:term":[{"taxonomy":"category","embeddable":true,"href":"https:\/\/cultura.sma.gob.ar\/index.php?rest_route=%2Fwp%2Fv2%2Fcategories&post=5151"},{"taxonomy":"post_tag","embeddable":true,"href":"https:\/\/cultura.sma.gob.ar\/index.php?rest_route=%2Fwp%2Fv2%2Ftags&post=5151"}],"curies":[{"name":"wp","href":"https:\/\/api.w.org\/{rel}","templated":true}]}}