{"id":5148,"date":"2023-12-07T10:08:28","date_gmt":"2023-12-07T13:08:28","guid":{"rendered":"http:\/\/cultura.sma.gob.ar\/?p=5148"},"modified":"2023-12-07T10:08:28","modified_gmt":"2023-12-07T13:08:28","slug":"la-secretaria-de-cultura-convoca-a-elecciones-para-la-conformacion-de-la-comision-de-artesanos","status":"publish","type":"post","link":"https:\/\/cultura.sma.gob.ar\/?p=5148","title":{"rendered":"La Secretar\u00eda de Cultura convoca a elecciones para la conformaci\u00f3n de la Comisi\u00f3n de Artesanos"},"content":{"rendered":"\n<figure class=\"wp-block-image size-large\"><img decoding=\"async\" src=\"https:\/\/scontent.fcpc1-1.fna.fbcdn.net\/v\/t39.30808-6\/407364697_733573342134364_8217784833909500209_n.jpg?_nc_cat=110&amp;ccb=1-7&amp;_nc_sid=3635dc&amp;_nc_ohc=rO9Vt-skly0AX-v4xQc&amp;_nc_ht=scontent.fcpc1-1.fna&amp;oh=00_AfBdwA-ZODPSEYoDZ8PHLvPE9EVIw_xV4j2FNe7F89QIhA&amp;oe=65769B49\" alt=\"\"\/><\/figure>\n\n\n\n<p>La Secretar\u00eda de Cultura convoca a elecciones para la conformaci\u00f3n de la Comisi\u00f3n de Artesanos, conforme a la Ordenanza N\u00ba 8175\/08 y Art\u00edculo 27 de su Reglamentaci\u00f3n.<\/p>\n\n\n\n<p>El lunes 11 de diciembre de 9 a 19 hs, en la Secretar\u00eda de Cultura (Drury 665) se podr\u00e1n presentar las listas para la pr\u00f3xima elecci\u00f3n que tendr\u00e1 lugar el 21 de diciembre.<\/p>\n","protected":false},"excerpt":{"rendered":"<p>La Secretar\u00eda de Cultura convoca a elecciones para la conformaci\u00f3n de la Comisi\u00f3n de Artesanos, conforme a la Ordenanza N\u00ba 8175\/08 y Art\u00edculo 27 de su Reglamentaci\u00f3n. El lunes 11 de diciembre de 9 a 19 hs, en la Secretar\u00eda de Cultura (Drury 665) se podr\u00e1n presentar las listas para la pr\u00f3xima elecci\u00f3n que tendr\u00e1 lugar el 21 de diciembre. <a href=\"https:\/\/cultura.sma.gob.ar\/?p=5148\" class=\"more-link\">Continue reading <span class=\"screen-reader-text\">La Secretar\u00eda de Cultura convoca a elecciones para la conformaci\u00f3n de la Comisi\u00f3n de Artesanos<\/span><\/a><\/p>\n","protected":false},"author":1,"featured_media":297,"comment_status":"closed","ping_status":"","sticky":false,"template":"","format":"image","meta":{"footnotes":""},"categories":[9],"tags":[],"class_list":["post-5148","post","type-post","status-publish","format-image","has-post-thumbnail","hentry","category-ultimas-noticias","post_format-post-format-image"],"_links":{"self":[{"href":"https:\/\/cultura.sma.gob.ar\/index.php?rest_route=\/wp\/v2\/posts\/5148","targetHints":{"allow":["GET"]}}],"collection":[{"href":"https:\/\/cultura.sma.gob.ar\/index.php?rest_route=\/wp\/v2\/posts"}],"about":[{"href":"https:\/\/cultura.sma.gob.ar\/index.php?rest_route=\/wp\/v2\/types\/post"}],"author":[{"embeddable":true,"href":"https:\/\/cultura.sma.gob.ar\/index.php?rest_route=\/wp\/v2\/users\/1"}],"replies":[{"embeddable":true,"href":"https:\/\/cultura.sma.gob.ar\/index.php?rest_route=%2Fwp%2Fv2%2Fcomments&post=5148"}],"version-history":[{"count":1,"href":"https:\/\/cultura.sma.gob.ar\/index.php?rest_route=\/wp\/v2\/posts\/5148\/revisions"}],"predecessor-version":[{"id":5149,"href":"https:\/\/cultura.sma.gob.ar\/index.php?rest_route=\/wp\/v2\/posts\/5148\/revisions\/5149"}],"wp:featuredmedia":[{"embeddable":true,"href":"https:\/\/cultura.sma.gob.ar\/index.php?rest_route=\/wp\/v2\/media\/297"}],"wp:attachment":[{"href":"https:\/\/cultura.sma.gob.ar\/index.php?rest_route=%2Fwp%2Fv2%2Fmedia&parent=5148"}],"wp:term":[{"taxonomy":"category","embeddable":true,"href":"https:\/\/cultura.sma.gob.ar\/index.php?rest_route=%2Fwp%2Fv2%2Fcategories&post=5148"},{"taxonomy":"post_tag","embeddable":true,"href":"https:\/\/cultura.sma.gob.ar\/index.php?rest_route=%2Fwp%2Fv2%2Ftags&post=5148"}],"curies":[{"name":"wp","href":"https:\/\/api.w.org\/{rel}","templated":true}]}}