{"id":5138,"date":"2023-11-16T19:57:32","date_gmt":"2023-11-16T22:57:32","guid":{"rendered":"http:\/\/cultura.sma.gob.ar\/?p=5138"},"modified":"2023-11-16T19:57:32","modified_gmt":"2023-11-16T22:57:32","slug":"se-viene-una-nueva-exposicion-a-la-sala-municipal-de-exposiciones-lidaura-chapitel-asombrarte","status":"publish","type":"post","link":"https:\/\/cultura.sma.gob.ar\/?p=5138","title":{"rendered":"Se viene una nueva exposici\u00f3n a la Sala Municipal de Exposiciones Lidaura Chapitel \u201cAsombrArte\u201d"},"content":{"rendered":"\n<figure class=\"wp-block-image size-large\"><img loading=\"lazy\" decoding=\"async\" width=\"1024\" height=\"1024\" src=\"https:\/\/cultura.sma.gob.ar\/wp-content\/uploads\/2023\/11\/SMA-LC0019-Asombrarte-1x1-1-1024x1024.jpg\" alt=\"\" class=\"wp-image-5139\" srcset=\"https:\/\/cultura.sma.gob.ar\/wp-content\/uploads\/2023\/11\/SMA-LC0019-Asombrarte-1x1-1-1024x1024.jpg 1024w, https:\/\/cultura.sma.gob.ar\/wp-content\/uploads\/2023\/11\/SMA-LC0019-Asombrarte-1x1-1-300x300.jpg 300w, https:\/\/cultura.sma.gob.ar\/wp-content\/uploads\/2023\/11\/SMA-LC0019-Asombrarte-1x1-1-150x150.jpg 150w, https:\/\/cultura.sma.gob.ar\/wp-content\/uploads\/2023\/11\/SMA-LC0019-Asombrarte-1x1-1-768x768.jpg 768w, https:\/\/cultura.sma.gob.ar\/wp-content\/uploads\/2023\/11\/SMA-LC0019-Asombrarte-1x1-1-1536x1536.jpg 1536w, https:\/\/cultura.sma.gob.ar\/wp-content\/uploads\/2023\/11\/SMA-LC0019-Asombrarte-1x1-1-2048x2048.jpg 2048w, https:\/\/cultura.sma.gob.ar\/wp-content\/uploads\/2023\/11\/SMA-LC0019-Asombrarte-1x1-1-90x90.jpg 90w\" sizes=\"auto, (max-width: 1024px) 100vw, 1024px\" \/><\/figure>\n\n\n\n<p><br>Muestra anual de arte de todas las escuelas primarias urbanas y rurales de San Mart\u00edn de los Andes. Este proyecto se construye durante todo el a\u00f1o desde la disciplina de pl\u00e1stica, culminando en la exposici\u00f3n colectiva donde los ni\u00f1os y ni\u00f1as tienen la oportunidad de compartir sus producciones con la comunidad.<\/p>\n\n\n\n<p>Este a\u00f1o la exposici\u00f3n se realiza en homenaje a Mara Suso y fue declarada de inter\u00e9s municipal por el Concejo Deliberante.<\/p>\n\n\n\n<p>Se Inaugurar\u00e1 el martes 21 de noviembre a las 19:30 hs. Podr\u00e1 visitarse hasta el 29 de noviembre en el horario de lunes a viernes de 10 a 12 y de 16 a 20, y s\u00e1bado de 16 a 20 hs.<\/p>\n\n\n\n<p>Entrada libre y gratuita.<\/p>\n","protected":false},"excerpt":{"rendered":"<p>Muestra anual de arte de todas las escuelas primarias urbanas y rurales de San Mart\u00edn de los Andes. Este proyecto se construye durante todo el a\u00f1o desde la disciplina de pl\u00e1stica, culminando en la exposici\u00f3n colectiva donde los ni\u00f1os y ni\u00f1as tienen la oportunidad de compartir sus producciones con la comunidad. Este a\u00f1o la exposici\u00f3n se realiza en homenaje a Mara Suso y fue declarada &hellip; <a href=\"https:\/\/cultura.sma.gob.ar\/?p=5138\" class=\"more-link\">Continue reading <span class=\"screen-reader-text\">Se viene una nueva exposici\u00f3n a la Sala Municipal de Exposiciones Lidaura Chapitel \u201cAsombrArte\u201d<\/span><\/a><\/p>\n","protected":false},"author":1,"featured_media":295,"comment_status":"closed","ping_status":"","sticky":false,"template":"","format":"image","meta":{"footnotes":""},"categories":[6,9],"tags":[],"class_list":["post-5138","post","type-post","status-publish","format-image","has-post-thumbnail","hentry","category-sala-lidaura-chapitel","category-ultimas-noticias","post_format-post-format-image"],"_links":{"self":[{"href":"https:\/\/cultura.sma.gob.ar\/index.php?rest_route=\/wp\/v2\/posts\/5138","targetHints":{"allow":["GET"]}}],"collection":[{"href":"https:\/\/cultura.sma.gob.ar\/index.php?rest_route=\/wp\/v2\/posts"}],"about":[{"href":"https:\/\/cultura.sma.gob.ar\/index.php?rest_route=\/wp\/v2\/types\/post"}],"author":[{"embeddable":true,"href":"https:\/\/cultura.sma.gob.ar\/index.php?rest_route=\/wp\/v2\/users\/1"}],"replies":[{"embeddable":true,"href":"https:\/\/cultura.sma.gob.ar\/index.php?rest_route=%2Fwp%2Fv2%2Fcomments&post=5138"}],"version-history":[{"count":1,"href":"https:\/\/cultura.sma.gob.ar\/index.php?rest_route=\/wp\/v2\/posts\/5138\/revisions"}],"predecessor-version":[{"id":5140,"href":"https:\/\/cultura.sma.gob.ar\/index.php?rest_route=\/wp\/v2\/posts\/5138\/revisions\/5140"}],"wp:featuredmedia":[{"embeddable":true,"href":"https:\/\/cultura.sma.gob.ar\/index.php?rest_route=\/wp\/v2\/media\/295"}],"wp:attachment":[{"href":"https:\/\/cultura.sma.gob.ar\/index.php?rest_route=%2Fwp%2Fv2%2Fmedia&parent=5138"}],"wp:term":[{"taxonomy":"category","embeddable":true,"href":"https:\/\/cultura.sma.gob.ar\/index.php?rest_route=%2Fwp%2Fv2%2Fcategories&post=5138"},{"taxonomy":"post_tag","embeddable":true,"href":"https:\/\/cultura.sma.gob.ar\/index.php?rest_route=%2Fwp%2Fv2%2Ftags&post=5138"}],"curies":[{"name":"wp","href":"https:\/\/api.w.org\/{rel}","templated":true}]}}