{"id":5131,"date":"2023-11-10T13:47:13","date_gmt":"2023-11-10T16:47:13","guid":{"rendered":"http:\/\/cultura.sma.gob.ar\/?p=5131"},"modified":"2023-11-10T13:47:13","modified_gmt":"2023-11-10T16:47:13","slug":"ala-par-duo-en-la-sala-amankay","status":"publish","type":"post","link":"https:\/\/cultura.sma.gob.ar\/?p=5131","title":{"rendered":"Ala Par D\u00fao en la Sala Amankay"},"content":{"rendered":"\n<figure class=\"wp-block-image size-large\"><img loading=\"lazy\" decoding=\"async\" width=\"1024\" height=\"1024\" src=\"https:\/\/cultura.sma.gob.ar\/wp-content\/uploads\/2023\/11\/San-Martin-de-los-Andes-FLYER-1024x1024.jpg\" alt=\"\" class=\"wp-image-5132\" srcset=\"https:\/\/cultura.sma.gob.ar\/wp-content\/uploads\/2023\/11\/San-Martin-de-los-Andes-FLYER-1024x1024.jpg 1024w, https:\/\/cultura.sma.gob.ar\/wp-content\/uploads\/2023\/11\/San-Martin-de-los-Andes-FLYER-300x300.jpg 300w, https:\/\/cultura.sma.gob.ar\/wp-content\/uploads\/2023\/11\/San-Martin-de-los-Andes-FLYER-150x150.jpg 150w, https:\/\/cultura.sma.gob.ar\/wp-content\/uploads\/2023\/11\/San-Martin-de-los-Andes-FLYER-768x768.jpg 768w, https:\/\/cultura.sma.gob.ar\/wp-content\/uploads\/2023\/11\/San-Martin-de-los-Andes-FLYER-90x90.jpg 90w, https:\/\/cultura.sma.gob.ar\/wp-content\/uploads\/2023\/11\/San-Martin-de-los-Andes-FLYER.jpg 1080w\" sizes=\"auto, (max-width: 1024px) 100vw, 1024px\" \/><\/figure>\n\n\n\n<p>El martes 21 de noviembre a las 20h, el d\u00fao santafesino, ALA PAR D\u00daO, cantar\u00e1 por primera vez en San Mart\u00edn de los Andes. &nbsp;<\/p>\n\n\n\n<p>Con su formaci\u00f3n de guitarra y dos voces, Ala Par D\u00fao propone una mirada fresca y personal sobre el folklore argentino, un retorno a la valoraci\u00f3n de los arreglos vocales e instrumentales, encontrando nuevos colores para cl\u00e1sicos del repertorio popular.&nbsp;<\/p>\n\n\n\n<p><strong><br>Entradas:<\/strong>&nbsp;Entradas generales en puerta $3000 &#8211; Anticipadas con descuento, $2500 en la boleter\u00eda del teatro.&nbsp;<\/p>\n\n\n\n<p><strong>Acerca del d\u00fao:&nbsp;<\/strong><\/p>\n\n\n\n<p>Desde la localidad de Franck, provincia de Santa Fe, Elisabet Schmidhalter y Rodrigo Martinez Castro, hacen&nbsp;<strong>Ala Par D\u00fao<\/strong>. Un proyecto independiente que se cre\u00f3 en 2016.&nbsp;<\/p>\n\n\n\n<p>En enero del 2018 logr\u00f3 el 1\u00b0 premio en la categor\u00eda &#8220;D\u00fao vocal&#8221; del &nbsp;<\/p>\n\n\n\n<p>Certamen Nacional de Folklore Pre Cosqu\u00edn, ganando as\u00ed un lugar en el &nbsp;<\/p>\n\n\n\n<p>Festival de Cosqu\u00edn como \u201cNuevos valores del folklore argentino\u201d. En febrero de 2018, fue declarado de inter\u00e9s cultural por el Honorable Consejo de la &nbsp;<\/p>\n\n\n\n<p>Ciudad de Santa Fe. &nbsp;<\/p>\n\n\n\n<p>Desde su creaci\u00f3n ha realizado innumerables conciertos y presentacionesdentro y fuera de Argentina, incluyendo Suiza, Colombia y Paraguay.&nbsp;<\/p>\n\n\n\n<p>\u201cRedescubriendo canciones&#8221; es su primer trabajo discogr\u00e1fico, publicado en &nbsp;<\/p>\n\n\n\n<p>2019 (disponible en Spotify y en todas las plataformas digitales).&nbsp;<\/p>\n","protected":false},"excerpt":{"rendered":"<p>El martes 21 de noviembre a las 20h, el d\u00fao santafesino, ALA PAR D\u00daO, cantar\u00e1 por primera vez en San Mart\u00edn de los Andes. &nbsp; Con su formaci\u00f3n de guitarra y dos voces, Ala Par D\u00fao propone una mirada fresca y personal sobre el folklore argentino, un retorno a la valoraci\u00f3n de los arreglos vocales e instrumentales, encontrando nuevos colores para cl\u00e1sicos del repertorio popular.&nbsp; &hellip; <a href=\"https:\/\/cultura.sma.gob.ar\/?p=5131\" class=\"more-link\">Continue reading <span class=\"screen-reader-text\">Ala Par D\u00fao en la Sala Amankay<\/span><\/a><\/p>\n","protected":false},"author":1,"featured_media":297,"comment_status":"closed","ping_status":"","sticky":false,"template":"","format":"image","meta":{"footnotes":""},"categories":[2,9],"tags":[],"class_list":["post-5131","post","type-post","status-publish","format-image","has-post-thumbnail","hentry","category-ciudad-cultural","category-ultimas-noticias","post_format-post-format-image"],"_links":{"self":[{"href":"https:\/\/cultura.sma.gob.ar\/index.php?rest_route=\/wp\/v2\/posts\/5131","targetHints":{"allow":["GET"]}}],"collection":[{"href":"https:\/\/cultura.sma.gob.ar\/index.php?rest_route=\/wp\/v2\/posts"}],"about":[{"href":"https:\/\/cultura.sma.gob.ar\/index.php?rest_route=\/wp\/v2\/types\/post"}],"author":[{"embeddable":true,"href":"https:\/\/cultura.sma.gob.ar\/index.php?rest_route=\/wp\/v2\/users\/1"}],"replies":[{"embeddable":true,"href":"https:\/\/cultura.sma.gob.ar\/index.php?rest_route=%2Fwp%2Fv2%2Fcomments&post=5131"}],"version-history":[{"count":1,"href":"https:\/\/cultura.sma.gob.ar\/index.php?rest_route=\/wp\/v2\/posts\/5131\/revisions"}],"predecessor-version":[{"id":5133,"href":"https:\/\/cultura.sma.gob.ar\/index.php?rest_route=\/wp\/v2\/posts\/5131\/revisions\/5133"}],"wp:featuredmedia":[{"embeddable":true,"href":"https:\/\/cultura.sma.gob.ar\/index.php?rest_route=\/wp\/v2\/media\/297"}],"wp:attachment":[{"href":"https:\/\/cultura.sma.gob.ar\/index.php?rest_route=%2Fwp%2Fv2%2Fmedia&parent=5131"}],"wp:term":[{"taxonomy":"category","embeddable":true,"href":"https:\/\/cultura.sma.gob.ar\/index.php?rest_route=%2Fwp%2Fv2%2Fcategories&post=5131"},{"taxonomy":"post_tag","embeddable":true,"href":"https:\/\/cultura.sma.gob.ar\/index.php?rest_route=%2Fwp%2Fv2%2Ftags&post=5131"}],"curies":[{"name":"wp","href":"https:\/\/api.w.org\/{rel}","templated":true}]}}