{"id":513,"date":"2020-11-03T11:56:46","date_gmt":"2020-11-03T14:56:46","guid":{"rendered":"http:\/\/cultura.sma.gob.ar\/?p=513"},"modified":"2020-11-03T11:56:46","modified_gmt":"2020-11-03T14:56:46","slug":"encuentro-artistico-como-vemos-el-futuro-14-feria-regional-del-libro","status":"publish","type":"post","link":"https:\/\/cultura.sma.gob.ar\/?p=513","title":{"rendered":"Encuentro art\u00edstico: \u00bfc\u00f3mo vemos el futuro? &#8211; 14\u00b0 Feria Regional del Libro"},"content":{"rendered":"\n<figure class=\"wp-block-image size-large\"><img loading=\"lazy\" decoding=\"async\" width=\"761\" height=\"783\" src=\"http:\/\/cultura.sma.gob.ar\/wp-content\/uploads\/2020\/11\/la-cascada.png\" alt=\"\" class=\"wp-image-514\" srcset=\"https:\/\/cultura.sma.gob.ar\/wp-content\/uploads\/2020\/11\/la-cascada.png 761w, https:\/\/cultura.sma.gob.ar\/wp-content\/uploads\/2020\/11\/la-cascada-292x300.png 292w, https:\/\/cultura.sma.gob.ar\/wp-content\/uploads\/2020\/11\/la-cascada-87x90.png 87w\" sizes=\"auto, (max-width: 761px) 100vw, 761px\" \/><\/figure>\n\n\n\n<p>Coordinado por la <strong>Biblioteca Popular La Cascada<\/strong><\/p>\n\n\n\n<ul class=\"wp-block-list\"><li>Domingo 15- 14 hs &#8211; Biblioteca Popular La Cascada<\/li><\/ul>\n\n\n\n<p>Dirigido a adolescentes&nbsp;<\/p>\n\n\n\n<p>Duraci\u00f3n: 3 hs<\/p>\n\n\n\n<h4 class=\"wp-block-heading\">Reserv\u00e1 tu lugar escribiendo a <a href=\"mailto:talleres.cultura@smandes.gov.ar\">talleres.cultura@smandes.gov.ar<\/a> o llamando al 424-804<\/h4>\n\n\n\n<p>La Biblioteca Popular La Cascada propone una jornada art\u00edstica donde los adolescentes podr\u00e1n realizar talleres literarios y musicales a cargo de Jerem\u00edas Neumeyer, Natalia Amendolaro, Gustavo Tustanoski y Fabi\u00e1n Dalessandro y un cierre con un dibujo colectivo de Mafalda a cargo de Juan Medrano.\u00a0<\/p>\n\n\n\n<p>La idea principal es brindar un espacio de expresi\u00f3n creativa en la que, juntos, podamos responder a la pregunta: \u00bfC\u00f3mo vemos el futuro?. Para ello nos apoyaremos en lecturas de la historieta Mafalda, en la m\u00fasica y en disparadores visuales que luego se plasmar\u00e1n en un mural que haremos de forma colaborativa.<\/p>\n","protected":false},"excerpt":{"rendered":"<p>Actividad con protocolo sanitario e inscripci\u00f3n previa. <a href=\"https:\/\/cultura.sma.gob.ar\/?p=513\" class=\"more-link\">Continue reading <span class=\"screen-reader-text\">Encuentro art\u00edstico: \u00bfc\u00f3mo vemos el futuro? &#8211; 14\u00b0 Feria Regional del Libro<\/span><\/a><\/p>\n","protected":false},"author":1,"featured_media":296,"comment_status":"closed","ping_status":"","sticky":false,"template":"","format":"image","meta":{"footnotes":""},"categories":[3,9],"tags":[],"class_list":["post-513","post","type-post","status-publish","format-image","has-post-thumbnail","hentry","category-eventos-cultura","category-ultimas-noticias","post_format-post-format-image"],"_links":{"self":[{"href":"https:\/\/cultura.sma.gob.ar\/index.php?rest_route=\/wp\/v2\/posts\/513","targetHints":{"allow":["GET"]}}],"collection":[{"href":"https:\/\/cultura.sma.gob.ar\/index.php?rest_route=\/wp\/v2\/posts"}],"about":[{"href":"https:\/\/cultura.sma.gob.ar\/index.php?rest_route=\/wp\/v2\/types\/post"}],"author":[{"embeddable":true,"href":"https:\/\/cultura.sma.gob.ar\/index.php?rest_route=\/wp\/v2\/users\/1"}],"replies":[{"embeddable":true,"href":"https:\/\/cultura.sma.gob.ar\/index.php?rest_route=%2Fwp%2Fv2%2Fcomments&post=513"}],"version-history":[{"count":1,"href":"https:\/\/cultura.sma.gob.ar\/index.php?rest_route=\/wp\/v2\/posts\/513\/revisions"}],"predecessor-version":[{"id":515,"href":"https:\/\/cultura.sma.gob.ar\/index.php?rest_route=\/wp\/v2\/posts\/513\/revisions\/515"}],"wp:featuredmedia":[{"embeddable":true,"href":"https:\/\/cultura.sma.gob.ar\/index.php?rest_route=\/wp\/v2\/media\/296"}],"wp:attachment":[{"href":"https:\/\/cultura.sma.gob.ar\/index.php?rest_route=%2Fwp%2Fv2%2Fmedia&parent=513"}],"wp:term":[{"taxonomy":"category","embeddable":true,"href":"https:\/\/cultura.sma.gob.ar\/index.php?rest_route=%2Fwp%2Fv2%2Fcategories&post=513"},{"taxonomy":"post_tag","embeddable":true,"href":"https:\/\/cultura.sma.gob.ar\/index.php?rest_route=%2Fwp%2Fv2%2Ftags&post=513"}],"curies":[{"name":"wp","href":"https:\/\/api.w.org\/{rel}","templated":true}]}}