{"id":5126,"date":"2023-11-01T19:28:28","date_gmt":"2023-11-01T22:28:28","guid":{"rendered":"http:\/\/cultura.sma.gob.ar\/?p=5126"},"modified":"2023-11-01T19:28:28","modified_gmt":"2023-11-01T22:28:28","slug":"reunion-para-conformar-la-comision-organizadora-del-carnaval-2024","status":"publish","type":"post","link":"https:\/\/cultura.sma.gob.ar\/?p=5126","title":{"rendered":"Reuni\u00f3n para conformar la Comisi\u00f3n Organizadora del Carnaval 2024"},"content":{"rendered":"\n<figure class=\"wp-block-image size-large\"><img loading=\"lazy\" decoding=\"async\" width=\"1024\" height=\"684\" src=\"https:\/\/cultura.sma.gob.ar\/wp-content\/uploads\/2023\/11\/carna6-1024x684.jpg\" alt=\"\" class=\"wp-image-5127\" srcset=\"https:\/\/cultura.sma.gob.ar\/wp-content\/uploads\/2023\/11\/carna6-1024x684.jpg 1024w, https:\/\/cultura.sma.gob.ar\/wp-content\/uploads\/2023\/11\/carna6-300x200.jpg 300w, https:\/\/cultura.sma.gob.ar\/wp-content\/uploads\/2023\/11\/carna6-768x513.jpg 768w, https:\/\/cultura.sma.gob.ar\/wp-content\/uploads\/2023\/11\/carna6-1536x1025.jpg 1536w, https:\/\/cultura.sma.gob.ar\/wp-content\/uploads\/2023\/11\/carna6-135x90.jpg 135w, https:\/\/cultura.sma.gob.ar\/wp-content\/uploads\/2023\/11\/carna6.jpg 2048w\" sizes=\"auto, (max-width: 1024px) 100vw, 1024px\" \/><\/figure>\n\n\n\n<p><br>Desde la Secretar\u00eda de Cultura y Educaci\u00f3n se convoca a todas las agrupaciones y asociaciones art\u00edsticas de carnaval a formar parte de la Comisi\u00f3n Organizadora del pr\u00f3ximo carnaval, a desarrollarse en febrero de 2024.<\/p>\n\n\n\n<p>Las agrupaciones que deseen ser parte de esta Comisi\u00f3n, deber\u00e1n asistir a la reuni\u00f3n que se realizar\u00e1 este martes 7 de noviembre a las 13 hs en la Sala Lidaura Chapitel (Cap. Drury 665).<\/p>\n\n\n\n<p>La Comisi\u00f3n Organizadora estar\u00e1 a cargo de la planificaci\u00f3n y realizaci\u00f3n del pr\u00f3ximo Carnaval, la cual deber\u00e1 ajustarse a lo que establece el Decreto 2794\/22 que reglamenta el funcionamiento de la Comisi\u00f3n Organizadora del Carnaval Intercultural Cordillerano.<\/p>\n","protected":false},"excerpt":{"rendered":"<p>Desde la Secretar\u00eda de Cultura y Educaci\u00f3n se convoca a todas las agrupaciones y asociaciones art\u00edsticas de carnaval a formar parte de la Comisi\u00f3n Organizadora del pr\u00f3ximo carnaval, a desarrollarse en febrero de 2024. Las agrupaciones que deseen ser parte de esta Comisi\u00f3n, deber\u00e1n asistir a la reuni\u00f3n que se realizar\u00e1 este martes 7 de noviembre a las 13 hs en la Sala Lidaura Chapitel &hellip; <a href=\"https:\/\/cultura.sma.gob.ar\/?p=5126\" class=\"more-link\">Continue reading <span class=\"screen-reader-text\">Reuni\u00f3n para conformar la Comisi\u00f3n Organizadora del Carnaval 2024<\/span><\/a><\/p>\n","protected":false},"author":1,"featured_media":296,"comment_status":"closed","ping_status":"","sticky":false,"template":"","format":"image","meta":{"footnotes":""},"categories":[3,9],"tags":[],"class_list":["post-5126","post","type-post","status-publish","format-image","has-post-thumbnail","hentry","category-eventos-cultura","category-ultimas-noticias","post_format-post-format-image"],"_links":{"self":[{"href":"https:\/\/cultura.sma.gob.ar\/index.php?rest_route=\/wp\/v2\/posts\/5126","targetHints":{"allow":["GET"]}}],"collection":[{"href":"https:\/\/cultura.sma.gob.ar\/index.php?rest_route=\/wp\/v2\/posts"}],"about":[{"href":"https:\/\/cultura.sma.gob.ar\/index.php?rest_route=\/wp\/v2\/types\/post"}],"author":[{"embeddable":true,"href":"https:\/\/cultura.sma.gob.ar\/index.php?rest_route=\/wp\/v2\/users\/1"}],"replies":[{"embeddable":true,"href":"https:\/\/cultura.sma.gob.ar\/index.php?rest_route=%2Fwp%2Fv2%2Fcomments&post=5126"}],"version-history":[{"count":1,"href":"https:\/\/cultura.sma.gob.ar\/index.php?rest_route=\/wp\/v2\/posts\/5126\/revisions"}],"predecessor-version":[{"id":5128,"href":"https:\/\/cultura.sma.gob.ar\/index.php?rest_route=\/wp\/v2\/posts\/5126\/revisions\/5128"}],"wp:featuredmedia":[{"embeddable":true,"href":"https:\/\/cultura.sma.gob.ar\/index.php?rest_route=\/wp\/v2\/media\/296"}],"wp:attachment":[{"href":"https:\/\/cultura.sma.gob.ar\/index.php?rest_route=%2Fwp%2Fv2%2Fmedia&parent=5126"}],"wp:term":[{"taxonomy":"category","embeddable":true,"href":"https:\/\/cultura.sma.gob.ar\/index.php?rest_route=%2Fwp%2Fv2%2Fcategories&post=5126"},{"taxonomy":"post_tag","embeddable":true,"href":"https:\/\/cultura.sma.gob.ar\/index.php?rest_route=%2Fwp%2Fv2%2Ftags&post=5126"}],"curies":[{"name":"wp","href":"https:\/\/api.w.org\/{rel}","templated":true}]}}