{"id":5121,"date":"2023-11-01T18:59:02","date_gmt":"2023-11-01T21:59:02","guid":{"rendered":"http:\/\/cultura.sma.gob.ar\/?p=5121"},"modified":"2023-11-01T18:59:02","modified_gmt":"2023-11-01T21:59:02","slug":"se-viene-el-10o-festival-de-circo","status":"publish","type":"post","link":"https:\/\/cultura.sma.gob.ar\/?p=5121","title":{"rendered":"Se viene el 10\u00ba Festival de Circo"},"content":{"rendered":"\n<figure class=\"wp-block-image size-large\"><img loading=\"lazy\" decoding=\"async\" width=\"1024\" height=\"684\" src=\"https:\/\/cultura.sma.gob.ar\/wp-content\/uploads\/2023\/11\/foto-comunicado-prensa-1024x684.jpg\" alt=\"\" class=\"wp-image-5122\" srcset=\"https:\/\/cultura.sma.gob.ar\/wp-content\/uploads\/2023\/11\/foto-comunicado-prensa-1024x684.jpg 1024w, https:\/\/cultura.sma.gob.ar\/wp-content\/uploads\/2023\/11\/foto-comunicado-prensa-300x200.jpg 300w, https:\/\/cultura.sma.gob.ar\/wp-content\/uploads\/2023\/11\/foto-comunicado-prensa-768x513.jpg 768w, https:\/\/cultura.sma.gob.ar\/wp-content\/uploads\/2023\/11\/foto-comunicado-prensa-1536x1025.jpg 1536w, https:\/\/cultura.sma.gob.ar\/wp-content\/uploads\/2023\/11\/foto-comunicado-prensa-135x90.jpg 135w, https:\/\/cultura.sma.gob.ar\/wp-content\/uploads\/2023\/11\/foto-comunicado-prensa.jpg 2048w\" sizes=\"auto, (max-width: 1024px) 100vw, 1024px\" \/><\/figure>\n\n\n\n<p><br>Desde el jueves 16 al s\u00e1bado 18 de noviembre se realizar\u00e1 el 10\u00ba Festival de Circo de San Mart\u00edn de los Andes, con la participaci\u00f3n de compa\u00f1\u00edas locales y de la regi\u00f3n en la carpa de circo que se ubicar\u00e1 en la esquina  Gral. Roca y Cap. Drury.<\/p>\n\n\n\n<p>Se ofrecer\u00e1n 8 funciones gratuitas \u201cpara escuelas\u201d, en formato variet\u00e9, con propuestas para todas las edades.<\/p>\n\n\n\n<p>Atenci\u00f3n: a partir del pr\u00f3ximo viernes 3 de noviembre las escuelas podr\u00e1n hacer sus reservas, escribiendo por whatsapp al 2944212937 o llamando al 427-315 (interno 361), de 8 a 15 hs.<\/p>\n\n\n\n<p>Las funciones \u201cde gala\u201d para toda la familia se realizar\u00e1n el viernes 17 y s\u00e1bado 18 de noviembre a las 20 hs. Los bonos contribuci\u00f3n de $300 se podr\u00e1n adquirir por adelantado en la Secretar\u00eda de Cultura (Cap. Drury 665) desde el mi\u00e9rcoles 8 de noviembre, de 10 a 19 hs, o el mismo d\u00eda desde dos horas antes de la funci\u00f3n.<\/p>\n","protected":false},"excerpt":{"rendered":"<p>Desde el jueves 16 al s\u00e1bado 18 de noviembre se realizar\u00e1 el 10\u00ba Festival de Circo de San Mart\u00edn de los Andes, con la participaci\u00f3n de compa\u00f1\u00edas locales y de la regi\u00f3n en la carpa de circo que se ubicar\u00e1 en la esquina Gral. Roca y Cap. Drury. Se ofrecer\u00e1n 8 funciones gratuitas \u201cpara escuelas\u201d, en formato variet\u00e9, con propuestas para todas las edades. Atenci\u00f3n: &hellip; <a href=\"https:\/\/cultura.sma.gob.ar\/?p=5121\" class=\"more-link\">Continue reading <span class=\"screen-reader-text\">Se viene el 10\u00ba Festival de Circo<\/span><\/a><\/p>\n","protected":false},"author":1,"featured_media":296,"comment_status":"closed","ping_status":"","sticky":false,"template":"","format":"image","meta":{"footnotes":""},"categories":[3,9],"tags":[],"class_list":["post-5121","post","type-post","status-publish","format-image","has-post-thumbnail","hentry","category-eventos-cultura","category-ultimas-noticias","post_format-post-format-image"],"_links":{"self":[{"href":"https:\/\/cultura.sma.gob.ar\/index.php?rest_route=\/wp\/v2\/posts\/5121","targetHints":{"allow":["GET"]}}],"collection":[{"href":"https:\/\/cultura.sma.gob.ar\/index.php?rest_route=\/wp\/v2\/posts"}],"about":[{"href":"https:\/\/cultura.sma.gob.ar\/index.php?rest_route=\/wp\/v2\/types\/post"}],"author":[{"embeddable":true,"href":"https:\/\/cultura.sma.gob.ar\/index.php?rest_route=\/wp\/v2\/users\/1"}],"replies":[{"embeddable":true,"href":"https:\/\/cultura.sma.gob.ar\/index.php?rest_route=%2Fwp%2Fv2%2Fcomments&post=5121"}],"version-history":[{"count":1,"href":"https:\/\/cultura.sma.gob.ar\/index.php?rest_route=\/wp\/v2\/posts\/5121\/revisions"}],"predecessor-version":[{"id":5123,"href":"https:\/\/cultura.sma.gob.ar\/index.php?rest_route=\/wp\/v2\/posts\/5121\/revisions\/5123"}],"wp:featuredmedia":[{"embeddable":true,"href":"https:\/\/cultura.sma.gob.ar\/index.php?rest_route=\/wp\/v2\/media\/296"}],"wp:attachment":[{"href":"https:\/\/cultura.sma.gob.ar\/index.php?rest_route=%2Fwp%2Fv2%2Fmedia&parent=5121"}],"wp:term":[{"taxonomy":"category","embeddable":true,"href":"https:\/\/cultura.sma.gob.ar\/index.php?rest_route=%2Fwp%2Fv2%2Fcategories&post=5121"},{"taxonomy":"post_tag","embeddable":true,"href":"https:\/\/cultura.sma.gob.ar\/index.php?rest_route=%2Fwp%2Fv2%2Ftags&post=5121"}],"curies":[{"name":"wp","href":"https:\/\/api.w.org\/{rel}","templated":true}]}}