{"id":5117,"date":"2023-11-01T18:55:05","date_gmt":"2023-11-01T21:55:05","guid":{"rendered":"http:\/\/cultura.sma.gob.ar\/?p=5117"},"modified":"2023-11-01T18:55:05","modified_gmt":"2023-11-01T21:55:05","slug":"taller-de-fanzine-para-jovenes","status":"publish","type":"post","link":"https:\/\/cultura.sma.gob.ar\/?p=5117","title":{"rendered":"TALLER DE FANZINE PARA J\u00d3VENES"},"content":{"rendered":"\n<figure class=\"wp-block-image size-large\"><img loading=\"lazy\" decoding=\"async\" width=\"1024\" height=\"1024\" src=\"https:\/\/cultura.sma.gob.ar\/wp-content\/uploads\/2023\/11\/TALLER-FANZINE-1024x1024.jpg\" alt=\"\" class=\"wp-image-5118\" srcset=\"https:\/\/cultura.sma.gob.ar\/wp-content\/uploads\/2023\/11\/TALLER-FANZINE-1024x1024.jpg 1024w, https:\/\/cultura.sma.gob.ar\/wp-content\/uploads\/2023\/11\/TALLER-FANZINE-300x300.jpg 300w, https:\/\/cultura.sma.gob.ar\/wp-content\/uploads\/2023\/11\/TALLER-FANZINE-150x150.jpg 150w, https:\/\/cultura.sma.gob.ar\/wp-content\/uploads\/2023\/11\/TALLER-FANZINE-768x768.jpg 768w, https:\/\/cultura.sma.gob.ar\/wp-content\/uploads\/2023\/11\/TALLER-FANZINE-1536x1536.jpg 1536w, https:\/\/cultura.sma.gob.ar\/wp-content\/uploads\/2023\/11\/TALLER-FANZINE-2048x2048.jpg 2048w, https:\/\/cultura.sma.gob.ar\/wp-content\/uploads\/2023\/11\/TALLER-FANZINE-90x90.jpg 90w\" sizes=\"auto, (max-width: 1024px) 100vw, 1024px\" \/><\/figure>\n\n\n\n<p><br>De 12 a 18 a\u00f1os.<\/p>\n\n\n\n<p>Coordina Paloma Formoso.<\/p>\n\n\n\n<p>INICIA MARTES 7 DE NOVIEMBRE DE 18:30 a 20hs.<\/p>\n\n\n\n<p>Un fanzine es una revista o publicaci\u00f3n libre e independiente, donde su contenido, dise\u00f1o y circulaci\u00f3n es producto de la autogesti\u00f3n.<\/p>\n\n\n\n<p>La idea es generar encuentros en donde se haga foco en aquellos relatos personales que trae cada uno, cu\u00e1les son sus inquietudes, qu\u00e9 los moviliza e interesa, para as\u00ed poder plasmarlos en estas publicaciones a trav\u00e9s del collage, recortes, dibujos, textos, fotocopias y otras t\u00e9cnicas.<\/p>\n\n\n\n<p>4 ENCUENTROS<\/p>\n\n\n\n<p>Sala Municipal de Exposiciones Lidaura Chapitel. Capit\u00e1n Drury 665<\/p>\n\n\n\n<p>Inscripciones: llamando al 427315 int. 361 o por mail a salamunicipal.chapitel@gmail.com<\/p>\n","protected":false},"excerpt":{"rendered":"<p>De 12 a 18 a\u00f1os. Coordina Paloma Formoso. INICIA MARTES 7 DE NOVIEMBRE DE 18:30 a 20hs. Un fanzine es una revista o publicaci\u00f3n libre e independiente, donde su contenido, dise\u00f1o y circulaci\u00f3n es producto de la autogesti\u00f3n. La idea es generar encuentros en donde se haga foco en aquellos relatos personales que trae cada uno, cu\u00e1les son sus inquietudes, qu\u00e9 los moviliza e interesa, &hellip; <a href=\"https:\/\/cultura.sma.gob.ar\/?p=5117\" class=\"more-link\">Continue reading <span class=\"screen-reader-text\">TALLER DE FANZINE PARA J\u00d3VENES<\/span><\/a><\/p>\n","protected":false},"author":1,"featured_media":295,"comment_status":"closed","ping_status":"","sticky":false,"template":"","format":"image","meta":{"footnotes":""},"categories":[6,9],"tags":[],"class_list":["post-5117","post","type-post","status-publish","format-image","has-post-thumbnail","hentry","category-sala-lidaura-chapitel","category-ultimas-noticias","post_format-post-format-image"],"_links":{"self":[{"href":"https:\/\/cultura.sma.gob.ar\/index.php?rest_route=\/wp\/v2\/posts\/5117","targetHints":{"allow":["GET"]}}],"collection":[{"href":"https:\/\/cultura.sma.gob.ar\/index.php?rest_route=\/wp\/v2\/posts"}],"about":[{"href":"https:\/\/cultura.sma.gob.ar\/index.php?rest_route=\/wp\/v2\/types\/post"}],"author":[{"embeddable":true,"href":"https:\/\/cultura.sma.gob.ar\/index.php?rest_route=\/wp\/v2\/users\/1"}],"replies":[{"embeddable":true,"href":"https:\/\/cultura.sma.gob.ar\/index.php?rest_route=%2Fwp%2Fv2%2Fcomments&post=5117"}],"version-history":[{"count":1,"href":"https:\/\/cultura.sma.gob.ar\/index.php?rest_route=\/wp\/v2\/posts\/5117\/revisions"}],"predecessor-version":[{"id":5119,"href":"https:\/\/cultura.sma.gob.ar\/index.php?rest_route=\/wp\/v2\/posts\/5117\/revisions\/5119"}],"wp:featuredmedia":[{"embeddable":true,"href":"https:\/\/cultura.sma.gob.ar\/index.php?rest_route=\/wp\/v2\/media\/295"}],"wp:attachment":[{"href":"https:\/\/cultura.sma.gob.ar\/index.php?rest_route=%2Fwp%2Fv2%2Fmedia&parent=5117"}],"wp:term":[{"taxonomy":"category","embeddable":true,"href":"https:\/\/cultura.sma.gob.ar\/index.php?rest_route=%2Fwp%2Fv2%2Fcategories&post=5117"},{"taxonomy":"post_tag","embeddable":true,"href":"https:\/\/cultura.sma.gob.ar\/index.php?rest_route=%2Fwp%2Fv2%2Ftags&post=5117"}],"curies":[{"name":"wp","href":"https:\/\/api.w.org\/{rel}","templated":true}]}}