{"id":5112,"date":"2023-10-23T21:38:20","date_gmt":"2023-10-24T00:38:20","guid":{"rendered":"http:\/\/cultura.sma.gob.ar\/?p=5112"},"modified":"2023-10-23T21:38:20","modified_gmt":"2023-10-24T00:38:20","slug":"llega-una-nueva-expo-en-la-sala-municipal-lidaura-chapitel","status":"publish","type":"post","link":"https:\/\/cultura.sma.gob.ar\/?p=5112","title":{"rendered":"Llega una nueva expo en la Sala Municipal Lidaura Chapitel"},"content":{"rendered":"\n<figure class=\"wp-block-image size-large\"><img loading=\"lazy\" decoding=\"async\" width=\"819\" height=\"1024\" src=\"http:\/\/cultura.sma.gob.ar\/wp-content\/uploads\/2023\/10\/SMA-LC0016-Quien-nos-quita-lo-mirado-RRSS_4x5-819x1024.jpg\" alt=\"\" class=\"wp-image-5113\" srcset=\"https:\/\/cultura.sma.gob.ar\/wp-content\/uploads\/2023\/10\/SMA-LC0016-Quien-nos-quita-lo-mirado-RRSS_4x5-819x1024.jpg 819w, https:\/\/cultura.sma.gob.ar\/wp-content\/uploads\/2023\/10\/SMA-LC0016-Quien-nos-quita-lo-mirado-RRSS_4x5-240x300.jpg 240w, https:\/\/cultura.sma.gob.ar\/wp-content\/uploads\/2023\/10\/SMA-LC0016-Quien-nos-quita-lo-mirado-RRSS_4x5-768x960.jpg 768w, https:\/\/cultura.sma.gob.ar\/wp-content\/uploads\/2023\/10\/SMA-LC0016-Quien-nos-quita-lo-mirado-RRSS_4x5-1229x1536.jpg 1229w, https:\/\/cultura.sma.gob.ar\/wp-content\/uploads\/2023\/10\/SMA-LC0016-Quien-nos-quita-lo-mirado-RRSS_4x5-1638x2048.jpg 1638w, https:\/\/cultura.sma.gob.ar\/wp-content\/uploads\/2023\/10\/SMA-LC0016-Quien-nos-quita-lo-mirado-RRSS_4x5-72x90.jpg 72w, https:\/\/cultura.sma.gob.ar\/wp-content\/uploads\/2023\/10\/SMA-LC0016-Quien-nos-quita-lo-mirado-RRSS_4x5-scaled.jpg 2048w\" sizes=\"auto, (max-width: 819px) 100vw, 819px\" \/><\/figure>\n\n\n\n<p>&#8221;Qui\u00e9n nos quita lo mirado&#8221;, la muestra fotogr\u00e1fica de los artistas Gustavo Alucin, Jorge Neira y Nora Ram\u00edrez Tobio.<\/p>\n\n\n\n<p><em>\u201c&#8230;Y ver estas fotos que mostraban una realidad recreada por una mirada nueva fue una revelaci\u00f3n&#8221;<\/em>, Sara&nbsp; Facio.<\/p>\n\n\n\n<p><em>\u201c -C\u00f3mo puede definirse su mirada como fot\u00f3grafa?<\/em><\/p>\n\n\n\n<p><em>&#8230;Es la vida que transcurre ante mis ojos: el momento que vivo. Aqu\u00ed y ahora.<\/em>&nbsp;\u201c Sara Facio.<\/p>\n\n\n\n<p><em>&#8220;El fot\u00f3grafo, como un acr\u00f3bata, debe desafiar las leyes de lo probable e incluso de lo posible; en \u00faltimo t\u00e9rmino debe desafiar las leyes de lo interesante&#8230;.&#8221;<\/em>\u00a0Roland Barthes.<\/p>\n\n\n\n<p><em>&#8220;La fotograf\u00eda es el \u00fanico mecanismo capaz de ser testigo de la actualidad; es un presente absoluto&#8230;&#8221;&nbsp;<\/em>&nbsp;Roland Barthes.<\/p>\n\n\n\n<p>&#8230; nos nutren ,nos informan , nos revolucionan ,nos mueven a fotografiar&#8230; <\/p>\n\n\n\n<p>Gustavo Alucin\u00a0&#8211; Jorge Neira &#8211; Nora Ram\u00edrez Tobio.<\/p>\n\n\n\n<p><strong>Informaci\u00f3n de los expositores:<\/strong><\/p>\n\n\n\n<p><strong>Nora Ram\u00edrez Tobio<\/strong><\/p>\n\n\n\n<p>Nacida el 22 de noviembre. Reside en San Mart\u00edn de los Andes.<\/p>\n\n\n\n<p>Prof. Nacional de Educaci\u00f3n Inicial. Estudi\u00f3 fotograf\u00eda con el Prof. Pablo Camperi en diferentes instancias de talleres. Particip\u00f3 en muestra colectivas del Grupo el Bondi en el a\u00f1o 2013 y en 2015 con la exposici\u00f3n\u00a0Amor en Movimiento del mismo grupo fotogr\u00e1fico. Muestra Individual de fotograf\u00eda sobre: &#8220;Puertas y Ventanas de tiempos y \u00e9pocas&#8221; en Agosto del 2015 en la Sala Municipal de Exposiciones de San Mart\u00edn de los Andes. Invitaci\u00f3n a participar en el Profesorado de Formaci\u00f3n Docente N\u00b0 3 en el marco del mes de la mujer en Marzo del 2017. Muestra fotogr\u00e1fica colectiva &#8220;7 Mujeres en conjuro fotogr\u00e1fico&#8221; Marzo 2018 . Sala Municipal de Exposiciones<\/p>\n\n\n\n<p><strong>Gustavo Alucin<\/strong><\/p>\n\n\n\n<p>Nacido en Rosario el ocho de mayo de 1972, reside en San Mart\u00edn de los Andes desde el a\u00f1o 2001. fot\u00f3grafo, m\u00fasico y actor. Estudi\u00f3 fotograf\u00eda en el Instituto Superior de Educaci\u00f3n Digital y con diferentes referentes de la fotograf\u00eda local, actualmente con la fotografa reconocida mundialmente Adriana Mateo (Universidad de Columbia EEUU). Particip\u00f3 en la muestra colectiva del grupo el Bondi en 2015 \u201cAmor en Movimiento\u201d. Es productor de contenidos audiovisuales para SMANDES CULTURAL canal de comunicaci\u00f3n sobre la escena cultural local.<\/p>\n\n\n\n<p><strong>Jorge Neira<\/strong><\/p>\n\n\n\n<p>Nacido el 12 de mayo de 1952. Resido en San Mart\u00edn de los Andes desde 1990 Egresado de la escuela Nacional de Bellas Artes Manuel Belgrano Maestro de pl\u00e1stica en Bs. As. y en Neuqu\u00e9n. Particip\u00f3 de los talleres de fotograf\u00eda con Pablo Camperi, Gustavo Castaing y Santiago Gaudio. Exposici\u00f3n individual de pintura y escultura 2011 en la sala municipal Exposici\u00f3n de fotograf\u00eda conjunta A la par 2015 y varias participaciones con el bondi en distintos lugares.<\/p>\n\n\n\n<p>La muestra inaugurar\u00e1 el s\u00e1bado 28 de octubre a las 20 hs, con entrada libre y gratuita, y podr\u00e1 ser visitada  hasta el 16 de noviembre, de lunes a viernes de 10 a 12, y de 16 a 20 hs, y los s\u00e1bados de 16 a 20 hs.<\/p>\n","protected":false},"excerpt":{"rendered":"<p>&#8221;Qui\u00e9n nos quita lo mirado&#8221;, la muestra fotogr\u00e1fica de los artistas Gustavo Alucin, Jorge Neira y Nora Ram\u00edrez Tobio. \u201c&#8230;Y ver estas fotos que mostraban una realidad recreada por una mirada nueva fue una revelaci\u00f3n&#8221;, Sara&nbsp; Facio. \u201c -C\u00f3mo puede definirse su mirada como fot\u00f3grafa? &#8230;Es la vida que transcurre ante mis ojos: el momento que vivo. Aqu\u00ed y ahora.&nbsp;\u201c Sara Facio. &#8220;El fot\u00f3grafo, como &hellip; <a href=\"https:\/\/cultura.sma.gob.ar\/?p=5112\" class=\"more-link\">Continue reading <span class=\"screen-reader-text\">Llega una nueva expo en la Sala Municipal Lidaura Chapitel<\/span><\/a><\/p>\n","protected":false},"author":1,"featured_media":295,"comment_status":"closed","ping_status":"","sticky":false,"template":"","format":"image","meta":{"footnotes":""},"categories":[6,9],"tags":[],"class_list":["post-5112","post","type-post","status-publish","format-image","has-post-thumbnail","hentry","category-sala-lidaura-chapitel","category-ultimas-noticias","post_format-post-format-image"],"_links":{"self":[{"href":"https:\/\/cultura.sma.gob.ar\/index.php?rest_route=\/wp\/v2\/posts\/5112","targetHints":{"allow":["GET"]}}],"collection":[{"href":"https:\/\/cultura.sma.gob.ar\/index.php?rest_route=\/wp\/v2\/posts"}],"about":[{"href":"https:\/\/cultura.sma.gob.ar\/index.php?rest_route=\/wp\/v2\/types\/post"}],"author":[{"embeddable":true,"href":"https:\/\/cultura.sma.gob.ar\/index.php?rest_route=\/wp\/v2\/users\/1"}],"replies":[{"embeddable":true,"href":"https:\/\/cultura.sma.gob.ar\/index.php?rest_route=%2Fwp%2Fv2%2Fcomments&post=5112"}],"version-history":[{"count":1,"href":"https:\/\/cultura.sma.gob.ar\/index.php?rest_route=\/wp\/v2\/posts\/5112\/revisions"}],"predecessor-version":[{"id":5114,"href":"https:\/\/cultura.sma.gob.ar\/index.php?rest_route=\/wp\/v2\/posts\/5112\/revisions\/5114"}],"wp:featuredmedia":[{"embeddable":true,"href":"https:\/\/cultura.sma.gob.ar\/index.php?rest_route=\/wp\/v2\/media\/295"}],"wp:attachment":[{"href":"https:\/\/cultura.sma.gob.ar\/index.php?rest_route=%2Fwp%2Fv2%2Fmedia&parent=5112"}],"wp:term":[{"taxonomy":"category","embeddable":true,"href":"https:\/\/cultura.sma.gob.ar\/index.php?rest_route=%2Fwp%2Fv2%2Fcategories&post=5112"},{"taxonomy":"post_tag","embeddable":true,"href":"https:\/\/cultura.sma.gob.ar\/index.php?rest_route=%2Fwp%2Fv2%2Ftags&post=5112"}],"curies":[{"name":"wp","href":"https:\/\/api.w.org\/{rel}","templated":true}]}}