{"id":5107,"date":"2023-10-16T20:21:14","date_gmt":"2023-10-16T23:21:14","guid":{"rendered":"http:\/\/cultura.sma.gob.ar\/?p=5107"},"modified":"2023-10-16T20:21:14","modified_gmt":"2023-10-16T23:21:14","slug":"varietetas-en-la-sala-amankay","status":"publish","type":"post","link":"https:\/\/cultura.sma.gob.ar\/?p=5107","title":{"rendered":"&#8221;VARIETETAS&#8221; en la Sala Amankay"},"content":{"rendered":"\n<figure class=\"wp-block-image size-large\"><img loading=\"lazy\" decoding=\"async\" width=\"987\" height=\"1024\" src=\"https:\/\/cultura.sma.gob.ar\/wp-content\/uploads\/2023\/10\/Varietetas-987x1024.jpg\" alt=\"\" class=\"wp-image-5108\" srcset=\"https:\/\/cultura.sma.gob.ar\/wp-content\/uploads\/2023\/10\/Varietetas-987x1024.jpg 987w, https:\/\/cultura.sma.gob.ar\/wp-content\/uploads\/2023\/10\/Varietetas-289x300.jpg 289w, https:\/\/cultura.sma.gob.ar\/wp-content\/uploads\/2023\/10\/Varietetas-768x797.jpg 768w, https:\/\/cultura.sma.gob.ar\/wp-content\/uploads\/2023\/10\/Varietetas-87x90.jpg 87w, https:\/\/cultura.sma.gob.ar\/wp-content\/uploads\/2023\/10\/Varietetas.jpg 1330w\" sizes=\"auto, (max-width: 987px) 100vw, 987px\" \/><\/figure>\n\n\n\n<p>El pr\u00f3ximo jueves, 26 de octubre a las 21:30hs en nuestra querida Sala Amankay, compartiremos la imperdible \u00fanica funci\u00f3n de \u201cVARIETETAS\u201d en San Mart\u00edn de los Andes.&nbsp;<\/p>\n\n\n\n<p>Un espect\u00e1culo con mucho, mucho humor, que, a trav\u00e9s de n\u00fameros individuales, d\u00faos y grupales; aborda la sexualidad, el amor propio, el v\u00ednculo con una misma y con otres.<br><br>Una presentaci\u00f3n para mayores de 15 a\u00f1os.<br><br>\u201cVarietetas\u201d son:<br>@lepetit_mika<br>@lakuschelmusica<br>@marianacalcumil<br>@elina.branca<br>@v.bosch_&nbsp;&nbsp;<\/p>\n\n\n\n<p>@ashe.iaia<br><br>Entrada Anticipada $2.000.- El mismo d\u00eda $2.500.-&nbsp;<\/p>\n\n\n\n<p>En venta en la boleteria del Centro Cultural.<\/p>\n","protected":false},"excerpt":{"rendered":"<p>El pr\u00f3ximo jueves, 26 de octubre a las 21:30hs en nuestra querida Sala Amankay, compartiremos la imperdible \u00fanica funci\u00f3n de \u201cVARIETETAS\u201d en San Mart\u00edn de los Andes.&nbsp; Un espect\u00e1culo con mucho, mucho humor, que, a trav\u00e9s de n\u00fameros individuales, d\u00faos y grupales; aborda la sexualidad, el amor propio, el v\u00ednculo con una misma y con otres. Una presentaci\u00f3n para mayores de 15 a\u00f1os. \u201cVarietetas\u201d son:@lepetit_mika@lakuschelmusica@marianacalcumil@elina.branca@v.bosch_&nbsp;&nbsp; &hellip; <a href=\"https:\/\/cultura.sma.gob.ar\/?p=5107\" class=\"more-link\">Continue reading <span class=\"screen-reader-text\">&#8221;VARIETETAS&#8221; en la Sala Amankay<\/span><\/a><\/p>\n","protected":false},"author":1,"featured_media":297,"comment_status":"closed","ping_status":"","sticky":false,"template":"","format":"image","meta":{"footnotes":""},"categories":[2,9],"tags":[],"class_list":["post-5107","post","type-post","status-publish","format-image","has-post-thumbnail","hentry","category-ciudad-cultural","category-ultimas-noticias","post_format-post-format-image"],"_links":{"self":[{"href":"https:\/\/cultura.sma.gob.ar\/index.php?rest_route=\/wp\/v2\/posts\/5107","targetHints":{"allow":["GET"]}}],"collection":[{"href":"https:\/\/cultura.sma.gob.ar\/index.php?rest_route=\/wp\/v2\/posts"}],"about":[{"href":"https:\/\/cultura.sma.gob.ar\/index.php?rest_route=\/wp\/v2\/types\/post"}],"author":[{"embeddable":true,"href":"https:\/\/cultura.sma.gob.ar\/index.php?rest_route=\/wp\/v2\/users\/1"}],"replies":[{"embeddable":true,"href":"https:\/\/cultura.sma.gob.ar\/index.php?rest_route=%2Fwp%2Fv2%2Fcomments&post=5107"}],"version-history":[{"count":1,"href":"https:\/\/cultura.sma.gob.ar\/index.php?rest_route=\/wp\/v2\/posts\/5107\/revisions"}],"predecessor-version":[{"id":5109,"href":"https:\/\/cultura.sma.gob.ar\/index.php?rest_route=\/wp\/v2\/posts\/5107\/revisions\/5109"}],"wp:featuredmedia":[{"embeddable":true,"href":"https:\/\/cultura.sma.gob.ar\/index.php?rest_route=\/wp\/v2\/media\/297"}],"wp:attachment":[{"href":"https:\/\/cultura.sma.gob.ar\/index.php?rest_route=%2Fwp%2Fv2%2Fmedia&parent=5107"}],"wp:term":[{"taxonomy":"category","embeddable":true,"href":"https:\/\/cultura.sma.gob.ar\/index.php?rest_route=%2Fwp%2Fv2%2Fcategories&post=5107"},{"taxonomy":"post_tag","embeddable":true,"href":"https:\/\/cultura.sma.gob.ar\/index.php?rest_route=%2Fwp%2Fv2%2Ftags&post=5107"}],"curies":[{"name":"wp","href":"https:\/\/api.w.org\/{rel}","templated":true}]}}