{"id":510,"date":"2020-11-03T11:50:02","date_gmt":"2020-11-03T14:50:02","guid":{"rendered":"http:\/\/cultura.sma.gob.ar\/?p=510"},"modified":"2020-11-04T10:01:14","modified_gmt":"2020-11-04T13:01:14","slug":"la-calma-del-leon-14-feria-regional-del-libro","status":"publish","type":"post","link":"https:\/\/cultura.sma.gob.ar\/?p=510","title":{"rendered":"La calma de Le\u00f3n &#8211; 14\u00b0 Feria Regional del Libro"},"content":{"rendered":"\n<figure class=\"wp-block-image size-large\"><img loading=\"lazy\" decoding=\"async\" width=\"785\" height=\"788\" src=\"http:\/\/cultura.sma.gob.ar\/wp-content\/uploads\/2020\/11\/La-Calma-de-Leon.png\" alt=\"\" class=\"wp-image-511\" srcset=\"https:\/\/cultura.sma.gob.ar\/wp-content\/uploads\/2020\/11\/La-Calma-de-Leon.png 785w, https:\/\/cultura.sma.gob.ar\/wp-content\/uploads\/2020\/11\/La-Calma-de-Leon-300x300.png 300w, https:\/\/cultura.sma.gob.ar\/wp-content\/uploads\/2020\/11\/La-Calma-de-Leon-150x150.png 150w, https:\/\/cultura.sma.gob.ar\/wp-content\/uploads\/2020\/11\/La-Calma-de-Leon-768x771.png 768w, https:\/\/cultura.sma.gob.ar\/wp-content\/uploads\/2020\/11\/La-Calma-de-Leon-90x90.png 90w\" sizes=\"auto, (max-width: 785px) 100vw, 785px\" \/><\/figure>\n\n\n\n<p>Por <strong>Ayel\u00e9n Correa Garabello<\/strong><\/p>\n\n\n\n<ul class=\"wp-block-list\"><li>Martes 10- 16 hs &#8211; Biblioteca Popular 4 de Febrero<\/li><\/ul>\n\n\n\n<p>Dirigido a ni\u00f1os\/as<\/p>\n\n\n\n<p>Duraci\u00f3n: 1 hora&nbsp;<\/p>\n\n\n\n<h4 class=\"wp-block-heading\">&nbsp;Reserv\u00e1 tu lugar escribiendo a <a href=\"mailto:talleres.cultura@smandes.gov.ar\">talleres.cultura@smandes.gov.ar<\/a> o llamando al 424-804<\/h4>\n\n\n\n<p>Taller infantil de educaci\u00f3n emocional en base al libro \u201cLa calma de Le\u00f3n\u201d donde habr\u00e1 un momento de lectura y otro de producci\u00f3n de dibujos con las ideas que surjan de la lectura y la tem\u00e1tica.&nbsp;<\/p>\n\n\n\n<p>La actividad est\u00e1 a cargo de Ayel\u00e9n Correa Garabello, Profesora en Comunicaci\u00f3n Social. Trabaja como docente en diferentes niveles educativos y realiza trabajos de comunicaci\u00f3n e imagen interna y externa en diferentes proyectos, instituciones y\/o emprendimientos.<\/p>\n","protected":false},"excerpt":{"rendered":"<p>Actividad con protocolo sanitario e inscripci\u00f3n previa. <a href=\"https:\/\/cultura.sma.gob.ar\/?p=510\" class=\"more-link\">Continue reading <span class=\"screen-reader-text\">La calma de Le\u00f3n &#8211; 14\u00b0 Feria Regional del Libro<\/span><\/a><\/p>\n","protected":false},"author":1,"featured_media":296,"comment_status":"closed","ping_status":"","sticky":false,"template":"","format":"image","meta":{"footnotes":""},"categories":[3,9],"tags":[],"class_list":["post-510","post","type-post","status-publish","format-image","has-post-thumbnail","hentry","category-eventos-cultura","category-ultimas-noticias","post_format-post-format-image"],"_links":{"self":[{"href":"https:\/\/cultura.sma.gob.ar\/index.php?rest_route=\/wp\/v2\/posts\/510","targetHints":{"allow":["GET"]}}],"collection":[{"href":"https:\/\/cultura.sma.gob.ar\/index.php?rest_route=\/wp\/v2\/posts"}],"about":[{"href":"https:\/\/cultura.sma.gob.ar\/index.php?rest_route=\/wp\/v2\/types\/post"}],"author":[{"embeddable":true,"href":"https:\/\/cultura.sma.gob.ar\/index.php?rest_route=\/wp\/v2\/users\/1"}],"replies":[{"embeddable":true,"href":"https:\/\/cultura.sma.gob.ar\/index.php?rest_route=%2Fwp%2Fv2%2Fcomments&post=510"}],"version-history":[{"count":2,"href":"https:\/\/cultura.sma.gob.ar\/index.php?rest_route=\/wp\/v2\/posts\/510\/revisions"}],"predecessor-version":[{"id":555,"href":"https:\/\/cultura.sma.gob.ar\/index.php?rest_route=\/wp\/v2\/posts\/510\/revisions\/555"}],"wp:featuredmedia":[{"embeddable":true,"href":"https:\/\/cultura.sma.gob.ar\/index.php?rest_route=\/wp\/v2\/media\/296"}],"wp:attachment":[{"href":"https:\/\/cultura.sma.gob.ar\/index.php?rest_route=%2Fwp%2Fv2%2Fmedia&parent=510"}],"wp:term":[{"taxonomy":"category","embeddable":true,"href":"https:\/\/cultura.sma.gob.ar\/index.php?rest_route=%2Fwp%2Fv2%2Fcategories&post=510"},{"taxonomy":"post_tag","embeddable":true,"href":"https:\/\/cultura.sma.gob.ar\/index.php?rest_route=%2Fwp%2Fv2%2Ftags&post=510"}],"curies":[{"name":"wp","href":"https:\/\/api.w.org\/{rel}","templated":true}]}}