{"id":5092,"date":"2023-10-09T19:38:28","date_gmt":"2023-10-09T22:38:28","guid":{"rendered":"http:\/\/cultura.sma.gob.ar\/?p=5092"},"modified":"2023-10-09T19:38:28","modified_gmt":"2023-10-09T22:38:28","slug":"convocatoria-a-artistas-o-companias-de-circo-locales","status":"publish","type":"post","link":"https:\/\/cultura.sma.gob.ar\/?p=5092","title":{"rendered":"Convocatoria a artistas o compa\u00f1\u00edas de circo locales"},"content":{"rendered":"\n<figure class=\"wp-block-image size-large\"><img loading=\"lazy\" decoding=\"async\" width=\"960\" height=\"641\" src=\"https:\/\/cultura.sma.gob.ar\/wp-content\/uploads\/2023\/10\/Imagen-de-WhatsApp-2023-10-09-a-las-08.07.03_ac2834c0.jpg\" alt=\"\" class=\"wp-image-5093\" srcset=\"https:\/\/cultura.sma.gob.ar\/wp-content\/uploads\/2023\/10\/Imagen-de-WhatsApp-2023-10-09-a-las-08.07.03_ac2834c0.jpg 960w, https:\/\/cultura.sma.gob.ar\/wp-content\/uploads\/2023\/10\/Imagen-de-WhatsApp-2023-10-09-a-las-08.07.03_ac2834c0-300x200.jpg 300w, https:\/\/cultura.sma.gob.ar\/wp-content\/uploads\/2023\/10\/Imagen-de-WhatsApp-2023-10-09-a-las-08.07.03_ac2834c0-768x513.jpg 768w, https:\/\/cultura.sma.gob.ar\/wp-content\/uploads\/2023\/10\/Imagen-de-WhatsApp-2023-10-09-a-las-08.07.03_ac2834c0-135x90.jpg 135w\" sizes=\"auto, (max-width: 960px) 100vw, 960px\" \/><\/figure>\n\n\n\n<p><\/p>\n\n\n\n<p>La Secretar\u00eda de Cultura y Educaci\u00f3n convoca a compa\u00f1\u00edas y artistas de circo de San Mart\u00edn de los Andes que quieran participar de las variet\u00e9s que se ofrecer\u00e1n en el 10\u00b0 Festival de Circo.<\/p>\n\n\n\n<p>El 10\u00b0 Festival de Circo se realizar\u00e1 los d\u00edas 16, 17 y 18 de noviembre e incluir\u00e1 8 funciones para escuelas y 2 galas nocturnas destinadas a toda la familia.<\/p>\n\n\n\n<p>Compa\u00f1\u00edas y artistas interesados\/as en participar en esta edici\u00f3n del festival deber\u00e1n enviar sus propuestas al mail <a href=\"mailto:festivaldecircosma@gmail.com\">festivaldecircosma@gmail.com<\/a> antes del 18 de octubre.<\/p>\n\n\n\n<p>Se podr\u00e1n proponer hasta 3 n\u00fameros por artista o compa\u00f1\u00eda, de hasta 10 minutos de duraci\u00f3n cada uno, incluyendo breve descripci\u00f3n de la o las presentaciones.<\/p>\n","protected":false},"excerpt":{"rendered":"<p>La Secretar\u00eda de Cultura y Educaci\u00f3n convoca a compa\u00f1\u00edas y artistas de circo de San Mart\u00edn de los Andes que quieran participar de las variet\u00e9s que se ofrecer\u00e1n en el 10\u00b0 Festival de Circo. El 10\u00b0 Festival de Circo se realizar\u00e1 los d\u00edas 16, 17 y 18 de noviembre e incluir\u00e1 8 funciones para escuelas y 2 galas nocturnas destinadas a toda la familia. Compa\u00f1\u00edas &hellip; <a href=\"https:\/\/cultura.sma.gob.ar\/?p=5092\" class=\"more-link\">Continue reading <span class=\"screen-reader-text\">Convocatoria a artistas o compa\u00f1\u00edas de circo locales<\/span><\/a><\/p>\n","protected":false},"author":1,"featured_media":296,"comment_status":"closed","ping_status":"","sticky":false,"template":"","format":"image","meta":{"footnotes":""},"categories":[3,9],"tags":[],"class_list":["post-5092","post","type-post","status-publish","format-image","has-post-thumbnail","hentry","category-eventos-cultura","category-ultimas-noticias","post_format-post-format-image"],"_links":{"self":[{"href":"https:\/\/cultura.sma.gob.ar\/index.php?rest_route=\/wp\/v2\/posts\/5092","targetHints":{"allow":["GET"]}}],"collection":[{"href":"https:\/\/cultura.sma.gob.ar\/index.php?rest_route=\/wp\/v2\/posts"}],"about":[{"href":"https:\/\/cultura.sma.gob.ar\/index.php?rest_route=\/wp\/v2\/types\/post"}],"author":[{"embeddable":true,"href":"https:\/\/cultura.sma.gob.ar\/index.php?rest_route=\/wp\/v2\/users\/1"}],"replies":[{"embeddable":true,"href":"https:\/\/cultura.sma.gob.ar\/index.php?rest_route=%2Fwp%2Fv2%2Fcomments&post=5092"}],"version-history":[{"count":1,"href":"https:\/\/cultura.sma.gob.ar\/index.php?rest_route=\/wp\/v2\/posts\/5092\/revisions"}],"predecessor-version":[{"id":5094,"href":"https:\/\/cultura.sma.gob.ar\/index.php?rest_route=\/wp\/v2\/posts\/5092\/revisions\/5094"}],"wp:featuredmedia":[{"embeddable":true,"href":"https:\/\/cultura.sma.gob.ar\/index.php?rest_route=\/wp\/v2\/media\/296"}],"wp:attachment":[{"href":"https:\/\/cultura.sma.gob.ar\/index.php?rest_route=%2Fwp%2Fv2%2Fmedia&parent=5092"}],"wp:term":[{"taxonomy":"category","embeddable":true,"href":"https:\/\/cultura.sma.gob.ar\/index.php?rest_route=%2Fwp%2Fv2%2Fcategories&post=5092"},{"taxonomy":"post_tag","embeddable":true,"href":"https:\/\/cultura.sma.gob.ar\/index.php?rest_route=%2Fwp%2Fv2%2Ftags&post=5092"}],"curies":[{"name":"wp","href":"https:\/\/api.w.org\/{rel}","templated":true}]}}