{"id":507,"date":"2020-11-03T11:46:43","date_gmt":"2020-11-03T14:46:43","guid":{"rendered":"http:\/\/cultura.sma.gob.ar\/?p=507"},"modified":"2020-11-03T13:20:07","modified_gmt":"2020-11-03T16:20:07","slug":"hora-del-cuento-14-feria-regional-del-libro","status":"publish","type":"post","link":"https:\/\/cultura.sma.gob.ar\/?p=507","title":{"rendered":"Hora del cuento &#8211; 14\u00b0 Feria Regional del Libro"},"content":{"rendered":"\n<figure class=\"wp-block-image size-large\"><img loading=\"lazy\" decoding=\"async\" width=\"781\" height=\"777\" src=\"http:\/\/cultura.sma.gob.ar\/wp-content\/uploads\/2020\/11\/HORA-DEL-CUENTO-INFANCIAS.png\" alt=\"\" class=\"wp-image-508\" srcset=\"https:\/\/cultura.sma.gob.ar\/wp-content\/uploads\/2020\/11\/HORA-DEL-CUENTO-INFANCIAS.png 781w, https:\/\/cultura.sma.gob.ar\/wp-content\/uploads\/2020\/11\/HORA-DEL-CUENTO-INFANCIAS-300x298.png 300w, https:\/\/cultura.sma.gob.ar\/wp-content\/uploads\/2020\/11\/HORA-DEL-CUENTO-INFANCIAS-150x150.png 150w, https:\/\/cultura.sma.gob.ar\/wp-content\/uploads\/2020\/11\/HORA-DEL-CUENTO-INFANCIAS-768x764.png 768w, https:\/\/cultura.sma.gob.ar\/wp-content\/uploads\/2020\/11\/HORA-DEL-CUENTO-INFANCIAS-90x90.png 90w\" sizes=\"auto, (max-width: 781px) 100vw, 781px\" \/><\/figure>\n\n\n\n<p>Por <strong>educadores\/as de la Subsecretar\u00eda de las Infancias.<\/strong>&nbsp;&nbsp;<\/p>\n\n\n\n<ul class=\"wp-block-list\"><li>Lunes 9, mi\u00e9rcoles 11 y viernes 13- 17 hs a 19 hs\u00a0<\/li><\/ul>\n\n\n\n<p>En la Sala Municipal de exposiciones \u201cLidaura Chapitel\u201d<\/p>\n\n\n\n<p>Dirigido a ni\u00f1os\/as<\/p>\n\n\n\n<p>Duraci\u00f3n: 2 hs&nbsp;<\/p>\n\n\n\n<h4 class=\"wp-block-heading\">&nbsp;Reserv\u00e1 tu lugar escribiendo a <a href=\"mailto:talleres.cultura@smandes.gov.ar\">talleres.cultura@smandes.gov.ar<\/a> o llamando al 424-804<\/h4>\n\n\n\n<p>Las y los educadores de los Centros de Desarrollo Infantil estar\u00e1n generando un espacio de lectura donde se contar\u00e1n distintos cuentos para los ni\u00f1os y ni\u00f1as que visiten la Feria del Libro. Habr\u00e1 nuevas lecturas cada media hora.&nbsp;<\/p>\n","protected":false},"excerpt":{"rendered":"<p>Actividad con protocolo sanitario e inscripci\u00f3n previa <a href=\"https:\/\/cultura.sma.gob.ar\/?p=507\" class=\"more-link\">Continue reading <span class=\"screen-reader-text\">Hora del cuento &#8211; 14\u00b0 Feria Regional del Libro<\/span><\/a><\/p>\n","protected":false},"author":1,"featured_media":296,"comment_status":"closed","ping_status":"","sticky":false,"template":"","format":"image","meta":{"footnotes":""},"categories":[3,9],"tags":[],"class_list":["post-507","post","type-post","status-publish","format-image","has-post-thumbnail","hentry","category-eventos-cultura","category-ultimas-noticias","post_format-post-format-image"],"_links":{"self":[{"href":"https:\/\/cultura.sma.gob.ar\/index.php?rest_route=\/wp\/v2\/posts\/507","targetHints":{"allow":["GET"]}}],"collection":[{"href":"https:\/\/cultura.sma.gob.ar\/index.php?rest_route=\/wp\/v2\/posts"}],"about":[{"href":"https:\/\/cultura.sma.gob.ar\/index.php?rest_route=\/wp\/v2\/types\/post"}],"author":[{"embeddable":true,"href":"https:\/\/cultura.sma.gob.ar\/index.php?rest_route=\/wp\/v2\/users\/1"}],"replies":[{"embeddable":true,"href":"https:\/\/cultura.sma.gob.ar\/index.php?rest_route=%2Fwp%2Fv2%2Fcomments&post=507"}],"version-history":[{"count":2,"href":"https:\/\/cultura.sma.gob.ar\/index.php?rest_route=\/wp\/v2\/posts\/507\/revisions"}],"predecessor-version":[{"id":548,"href":"https:\/\/cultura.sma.gob.ar\/index.php?rest_route=\/wp\/v2\/posts\/507\/revisions\/548"}],"wp:featuredmedia":[{"embeddable":true,"href":"https:\/\/cultura.sma.gob.ar\/index.php?rest_route=\/wp\/v2\/media\/296"}],"wp:attachment":[{"href":"https:\/\/cultura.sma.gob.ar\/index.php?rest_route=%2Fwp%2Fv2%2Fmedia&parent=507"}],"wp:term":[{"taxonomy":"category","embeddable":true,"href":"https:\/\/cultura.sma.gob.ar\/index.php?rest_route=%2Fwp%2Fv2%2Fcategories&post=507"},{"taxonomy":"post_tag","embeddable":true,"href":"https:\/\/cultura.sma.gob.ar\/index.php?rest_route=%2Fwp%2Fv2%2Ftags&post=507"}],"curies":[{"name":"wp","href":"https:\/\/api.w.org\/{rel}","templated":true}]}}