{"id":501,"date":"2020-11-03T11:37:40","date_gmt":"2020-11-03T14:37:40","guid":{"rendered":"http:\/\/cultura.sma.gob.ar\/?p=501"},"modified":"2020-11-03T11:37:40","modified_gmt":"2020-11-03T14:37:40","slug":"taller-de-encuadernacion-14-feria-regional-del-libro","status":"publish","type":"post","link":"https:\/\/cultura.sma.gob.ar\/?p=501","title":{"rendered":"Taller de encuadernaci\u00f3n &#8211; 14\u00b0 Feria Regional del Libro"},"content":{"rendered":"\n<figure class=\"wp-block-image size-large\"><img loading=\"lazy\" decoding=\"async\" width=\"779\" height=\"787\" src=\"http:\/\/cultura.sma.gob.ar\/wp-content\/uploads\/2020\/11\/ENCUADERNACION.png\" alt=\"\" class=\"wp-image-502\" srcset=\"https:\/\/cultura.sma.gob.ar\/wp-content\/uploads\/2020\/11\/ENCUADERNACION.png 779w, https:\/\/cultura.sma.gob.ar\/wp-content\/uploads\/2020\/11\/ENCUADERNACION-297x300.png 297w, https:\/\/cultura.sma.gob.ar\/wp-content\/uploads\/2020\/11\/ENCUADERNACION-768x776.png 768w, https:\/\/cultura.sma.gob.ar\/wp-content\/uploads\/2020\/11\/ENCUADERNACION-89x90.png 89w\" sizes=\"auto, (max-width: 779px) 100vw, 779px\" \/><\/figure>\n\n\n\n<p>Por <strong>Mariel Salva<\/strong><\/p>\n\n\n\n<ul class=\"wp-block-list\"><li>Martes 10 y jueves 12- 18 hs\u00a0<\/li><\/ul>\n\n\n\n<p>En la Delegaci\u00f3n Municipal Vega Centro<\/p>\n\n\n\n<p>Dirigido a j\u00f3venes y adultos\/as<\/p>\n\n\n\n<p>Duraci\u00f3n: 2 encuentros<\/p>\n\n\n\n<h4 class=\"wp-block-heading\">Reserv\u00e1 tu lugar escribiendo a <a href=\"mailto:talleres.cultura@smandes.gov.ar\">talleres.cultura@smandes.gov.ar<\/a> o llamando al 424-804<\/h4>\n\n\n\n<p>En este taller de dos encuentros se ense\u00f1ar\u00e1n a hacer cuadernos personales, agendas, anotadores con dise\u00f1os propios, creativos y originales para que puedas escribir o regalar.&nbsp;<\/p>\n","protected":false},"excerpt":{"rendered":"<p>Actividad con protocolo sanitario e inscripci\u00f3n previa <a href=\"https:\/\/cultura.sma.gob.ar\/?p=501\" class=\"more-link\">Continue reading <span class=\"screen-reader-text\">Taller de encuadernaci\u00f3n &#8211; 14\u00b0 Feria Regional del Libro<\/span><\/a><\/p>\n","protected":false},"author":1,"featured_media":296,"comment_status":"closed","ping_status":"","sticky":false,"template":"","format":"image","meta":{"footnotes":""},"categories":[3,9],"tags":[],"class_list":["post-501","post","type-post","status-publish","format-image","has-post-thumbnail","hentry","category-eventos-cultura","category-ultimas-noticias","post_format-post-format-image"],"_links":{"self":[{"href":"https:\/\/cultura.sma.gob.ar\/index.php?rest_route=\/wp\/v2\/posts\/501","targetHints":{"allow":["GET"]}}],"collection":[{"href":"https:\/\/cultura.sma.gob.ar\/index.php?rest_route=\/wp\/v2\/posts"}],"about":[{"href":"https:\/\/cultura.sma.gob.ar\/index.php?rest_route=\/wp\/v2\/types\/post"}],"author":[{"embeddable":true,"href":"https:\/\/cultura.sma.gob.ar\/index.php?rest_route=\/wp\/v2\/users\/1"}],"replies":[{"embeddable":true,"href":"https:\/\/cultura.sma.gob.ar\/index.php?rest_route=%2Fwp%2Fv2%2Fcomments&post=501"}],"version-history":[{"count":1,"href":"https:\/\/cultura.sma.gob.ar\/index.php?rest_route=\/wp\/v2\/posts\/501\/revisions"}],"predecessor-version":[{"id":503,"href":"https:\/\/cultura.sma.gob.ar\/index.php?rest_route=\/wp\/v2\/posts\/501\/revisions\/503"}],"wp:featuredmedia":[{"embeddable":true,"href":"https:\/\/cultura.sma.gob.ar\/index.php?rest_route=\/wp\/v2\/media\/296"}],"wp:attachment":[{"href":"https:\/\/cultura.sma.gob.ar\/index.php?rest_route=%2Fwp%2Fv2%2Fmedia&parent=501"}],"wp:term":[{"taxonomy":"category","embeddable":true,"href":"https:\/\/cultura.sma.gob.ar\/index.php?rest_route=%2Fwp%2Fv2%2Fcategories&post=501"},{"taxonomy":"post_tag","embeddable":true,"href":"https:\/\/cultura.sma.gob.ar\/index.php?rest_route=%2Fwp%2Fv2%2Ftags&post=501"}],"curies":[{"name":"wp","href":"https:\/\/api.w.org\/{rel}","templated":true}]}}