{"id":5004,"date":"2023-10-04T19:49:26","date_gmt":"2023-10-04T22:49:26","guid":{"rendered":"http:\/\/cultura.sma.gob.ar\/?p=5004"},"modified":"2023-10-08T15:53:40","modified_gmt":"2023-10-08T18:53:40","slug":"17-feria-regional-del-libro-actividades-anexas","status":"publish","type":"post","link":"https:\/\/cultura.sma.gob.ar\/?p=5004","title":{"rendered":"17\u00b0 Feria Regional del Libro: Actividades anexas"},"content":{"rendered":"\n<figure class=\"wp-block-image size-large\"><img loading=\"lazy\" decoding=\"async\" width=\"331\" height=\"1024\" src=\"https:\/\/cultura.sma.gob.ar\/wp-content\/uploads\/2023\/10\/SMA-GE0008-Feria-del-Libro-PROGRAMA-14-331x1024.jpg\" alt=\"\" class=\"wp-image-5010\" srcset=\"https:\/\/cultura.sma.gob.ar\/wp-content\/uploads\/2023\/10\/SMA-GE0008-Feria-del-Libro-PROGRAMA-14-331x1024.jpg 331w, https:\/\/cultura.sma.gob.ar\/wp-content\/uploads\/2023\/10\/SMA-GE0008-Feria-del-Libro-PROGRAMA-14-97x300.jpg 97w, https:\/\/cultura.sma.gob.ar\/wp-content\/uploads\/2023\/10\/SMA-GE0008-Feria-del-Libro-PROGRAMA-14-497x1536.jpg 497w, https:\/\/cultura.sma.gob.ar\/wp-content\/uploads\/2023\/10\/SMA-GE0008-Feria-del-Libro-PROGRAMA-14-29x90.jpg 29w, https:\/\/cultura.sma.gob.ar\/wp-content\/uploads\/2023\/10\/SMA-GE0008-Feria-del-Libro-PROGRAMA-14.jpg 519w\" sizes=\"auto, (max-width: 331px) 100vw, 331px\" \/><\/figure>\n\n\n\n<p>Viernes 6 &#8211; 19:30 hs. ISFD N\u00b03. Guillermo Mart\u00ednez. Conferencia &#8220;Series l\u00f3gicas y cr\u00edmenes en serie&#8221;.<\/p>\n\n\n\n<figure class=\"wp-block-image size-large\"><img loading=\"lazy\" decoding=\"async\" width=\"1024\" height=\"1024\" src=\"https:\/\/cultura.sma.gob.ar\/wp-content\/uploads\/2023\/10\/Guillermo-Martinez.-Conferencia-Series-logicas-y-crimenes-en-serie.-1-1024x1024.png\" alt=\"\" class=\"wp-image-5014\" srcset=\"https:\/\/cultura.sma.gob.ar\/wp-content\/uploads\/2023\/10\/Guillermo-Martinez.-Conferencia-Series-logicas-y-crimenes-en-serie.-1-1024x1024.png 1024w, https:\/\/cultura.sma.gob.ar\/wp-content\/uploads\/2023\/10\/Guillermo-Martinez.-Conferencia-Series-logicas-y-crimenes-en-serie.-1-300x300.png 300w, https:\/\/cultura.sma.gob.ar\/wp-content\/uploads\/2023\/10\/Guillermo-Martinez.-Conferencia-Series-logicas-y-crimenes-en-serie.-1-150x150.png 150w, https:\/\/cultura.sma.gob.ar\/wp-content\/uploads\/2023\/10\/Guillermo-Martinez.-Conferencia-Series-logicas-y-crimenes-en-serie.-1-768x768.png 768w, https:\/\/cultura.sma.gob.ar\/wp-content\/uploads\/2023\/10\/Guillermo-Martinez.-Conferencia-Series-logicas-y-crimenes-en-serie.-1-90x90.png 90w, https:\/\/cultura.sma.gob.ar\/wp-content\/uploads\/2023\/10\/Guillermo-Martinez.-Conferencia-Series-logicas-y-crimenes-en-serie.-1.png 1080w\" sizes=\"auto, (max-width: 1024px) 100vw, 1024px\" \/><\/figure>\n\n\n\n<p>S\u00e1bado 7 &#8211; 14 a 16 hs. Espacio Trama. Actividad de escuelas primarias. Conferencia &#8220;1, 2, 3 literatura en acci\u00f3n&#8221;.<\/p>\n\n\n\n<figure class=\"wp-block-image size-large\"><img loading=\"lazy\" decoding=\"async\" width=\"1024\" height=\"1024\" src=\"https:\/\/cultura.sma.gob.ar\/wp-content\/uploads\/2023\/10\/1-2-3-literatura-en-accion-7-10-Espacio-TRAMA-1024x1024.jpg\" alt=\"\" class=\"wp-image-5015\" srcset=\"https:\/\/cultura.sma.gob.ar\/wp-content\/uploads\/2023\/10\/1-2-3-literatura-en-accion-7-10-Espacio-TRAMA-1024x1024.jpg 1024w, https:\/\/cultura.sma.gob.ar\/wp-content\/uploads\/2023\/10\/1-2-3-literatura-en-accion-7-10-Espacio-TRAMA-300x300.jpg 300w, https:\/\/cultura.sma.gob.ar\/wp-content\/uploads\/2023\/10\/1-2-3-literatura-en-accion-7-10-Espacio-TRAMA-150x150.jpg 150w, https:\/\/cultura.sma.gob.ar\/wp-content\/uploads\/2023\/10\/1-2-3-literatura-en-accion-7-10-Espacio-TRAMA-768x768.jpg 768w, https:\/\/cultura.sma.gob.ar\/wp-content\/uploads\/2023\/10\/1-2-3-literatura-en-accion-7-10-Espacio-TRAMA-90x90.jpg 90w, https:\/\/cultura.sma.gob.ar\/wp-content\/uploads\/2023\/10\/1-2-3-literatura-en-accion-7-10-Espacio-TRAMA.jpg 1080w\" sizes=\"auto, (max-width: 1024px) 100vw, 1024px\" \/><\/figure>\n\n\n\n<p>S\u00e1bado 7 &#8211; 16 hs. Biblioteca Popular La Cascada. Marcelo Bonyuan y Miguel Selser. Coloquio &#8220;INFOCRACIA. Los Desaf\u00edos para la democracia en el siglo XXI&#8221;.<\/p>\n\n\n\n<figure class=\"wp-block-image size-large\"><img loading=\"lazy\" decoding=\"async\" width=\"1024\" height=\"1024\" src=\"https:\/\/cultura.sma.gob.ar\/wp-content\/uploads\/2023\/10\/Selser-y-Bonyuan.-Infocracia.-La-Cascada-1024x1024.png\" alt=\"\" class=\"wp-image-5016\" srcset=\"https:\/\/cultura.sma.gob.ar\/wp-content\/uploads\/2023\/10\/Selser-y-Bonyuan.-Infocracia.-La-Cascada-1024x1024.png 1024w, https:\/\/cultura.sma.gob.ar\/wp-content\/uploads\/2023\/10\/Selser-y-Bonyuan.-Infocracia.-La-Cascada-300x300.png 300w, https:\/\/cultura.sma.gob.ar\/wp-content\/uploads\/2023\/10\/Selser-y-Bonyuan.-Infocracia.-La-Cascada-150x150.png 150w, https:\/\/cultura.sma.gob.ar\/wp-content\/uploads\/2023\/10\/Selser-y-Bonyuan.-Infocracia.-La-Cascada-768x768.png 768w, https:\/\/cultura.sma.gob.ar\/wp-content\/uploads\/2023\/10\/Selser-y-Bonyuan.-Infocracia.-La-Cascada-90x90.png 90w, https:\/\/cultura.sma.gob.ar\/wp-content\/uploads\/2023\/10\/Selser-y-Bonyuan.-Infocracia.-La-Cascada.png 1080w\" sizes=\"auto, (max-width: 1024px) 100vw, 1024px\" \/><\/figure>\n\n\n\n<p>S\u00e1bado 7 &#8211; 18 hs. Biblioteca Popular La Cascada. Guillermo Mart\u00ednez. Charla &#8220;Literatura y cine&#8221;.<\/p>\n\n\n\n<figure class=\"wp-block-image size-large\"><img loading=\"lazy\" decoding=\"async\" width=\"1024\" height=\"1024\" src=\"https:\/\/cultura.sma.gob.ar\/wp-content\/uploads\/2023\/10\/Guillermo-Martinez.-Lit-y-Cine.-La-Cascada-1024x1024.png\" alt=\"\" class=\"wp-image-5017\" srcset=\"https:\/\/cultura.sma.gob.ar\/wp-content\/uploads\/2023\/10\/Guillermo-Martinez.-Lit-y-Cine.-La-Cascada-1024x1024.png 1024w, https:\/\/cultura.sma.gob.ar\/wp-content\/uploads\/2023\/10\/Guillermo-Martinez.-Lit-y-Cine.-La-Cascada-300x300.png 300w, https:\/\/cultura.sma.gob.ar\/wp-content\/uploads\/2023\/10\/Guillermo-Martinez.-Lit-y-Cine.-La-Cascada-150x150.png 150w, https:\/\/cultura.sma.gob.ar\/wp-content\/uploads\/2023\/10\/Guillermo-Martinez.-Lit-y-Cine.-La-Cascada-768x768.png 768w, https:\/\/cultura.sma.gob.ar\/wp-content\/uploads\/2023\/10\/Guillermo-Martinez.-Lit-y-Cine.-La-Cascada-90x90.png 90w, https:\/\/cultura.sma.gob.ar\/wp-content\/uploads\/2023\/10\/Guillermo-Martinez.-Lit-y-Cine.-La-Cascada.png 1080w\" sizes=\"auto, (max-width: 1024px) 100vw, 1024px\" \/><\/figure>\n\n\n\n<p>Domingo 8 &#8211; 18 hs. Escuela N\u00b0 89. Pablo Ramos. Clase Magistral &#8220;La arquitectura de la mentira&#8221;.<\/p>\n\n\n\n<figure class=\"wp-block-image size-large\"><img loading=\"lazy\" decoding=\"async\" width=\"1024\" height=\"1024\" src=\"https:\/\/cultura.sma.gob.ar\/wp-content\/uploads\/2023\/10\/Pablo-Ramos.-Clase-Magistral-La-arquitectura-de-la-mentira.-1-1024x1024.png\" alt=\"\" class=\"wp-image-5019\" srcset=\"https:\/\/cultura.sma.gob.ar\/wp-content\/uploads\/2023\/10\/Pablo-Ramos.-Clase-Magistral-La-arquitectura-de-la-mentira.-1-1024x1024.png 1024w, https:\/\/cultura.sma.gob.ar\/wp-content\/uploads\/2023\/10\/Pablo-Ramos.-Clase-Magistral-La-arquitectura-de-la-mentira.-1-300x300.png 300w, https:\/\/cultura.sma.gob.ar\/wp-content\/uploads\/2023\/10\/Pablo-Ramos.-Clase-Magistral-La-arquitectura-de-la-mentira.-1-150x150.png 150w, https:\/\/cultura.sma.gob.ar\/wp-content\/uploads\/2023\/10\/Pablo-Ramos.-Clase-Magistral-La-arquitectura-de-la-mentira.-1-768x768.png 768w, https:\/\/cultura.sma.gob.ar\/wp-content\/uploads\/2023\/10\/Pablo-Ramos.-Clase-Magistral-La-arquitectura-de-la-mentira.-1-90x90.png 90w, https:\/\/cultura.sma.gob.ar\/wp-content\/uploads\/2023\/10\/Pablo-Ramos.-Clase-Magistral-La-arquitectura-de-la-mentira.-1.png 1080w\" sizes=\"auto, (max-width: 1024px) 100vw, 1024px\" \/><\/figure>\n\n\n\n<p>Domingo 8 &#8211; 18:30 hs. Biblioteca Popular 9 de Julio. Carlota del Campo. Charla con la escritora sobre su obra.<\/p>\n\n\n\n<figure class=\"wp-block-image size-large\"><img loading=\"lazy\" decoding=\"async\" width=\"1024\" height=\"1024\" src=\"https:\/\/cultura.sma.gob.ar\/wp-content\/uploads\/2023\/10\/Carlota-del-Campo.-Bib-Pop-9-Jul-1-1024x1024.png\" alt=\"\" class=\"wp-image-5020\" srcset=\"https:\/\/cultura.sma.gob.ar\/wp-content\/uploads\/2023\/10\/Carlota-del-Campo.-Bib-Pop-9-Jul-1-1024x1024.png 1024w, https:\/\/cultura.sma.gob.ar\/wp-content\/uploads\/2023\/10\/Carlota-del-Campo.-Bib-Pop-9-Jul-1-300x300.png 300w, https:\/\/cultura.sma.gob.ar\/wp-content\/uploads\/2023\/10\/Carlota-del-Campo.-Bib-Pop-9-Jul-1-150x150.png 150w, https:\/\/cultura.sma.gob.ar\/wp-content\/uploads\/2023\/10\/Carlota-del-Campo.-Bib-Pop-9-Jul-1-768x768.png 768w, https:\/\/cultura.sma.gob.ar\/wp-content\/uploads\/2023\/10\/Carlota-del-Campo.-Bib-Pop-9-Jul-1-90x90.png 90w, https:\/\/cultura.sma.gob.ar\/wp-content\/uploads\/2023\/10\/Carlota-del-Campo.-Bib-Pop-9-Jul-1.png 1080w\" sizes=\"auto, (max-width: 1024px) 100vw, 1024px\" \/><\/figure>\n\n\n\n<p>Lunes 9 &#8211; 17 hs. Biblioteca Popular 9 de Julio. Taller Arbucho. Taller &#8220;Composici\u00f3n en la encuadernaci\u00f3n&#8221;. Inscripciones por mail a arbuchadas@gmail.com<\/p>\n\n\n\n<figure class=\"wp-block-image size-large\"><img loading=\"lazy\" decoding=\"async\" width=\"1024\" height=\"1024\" src=\"https:\/\/cultura.sma.gob.ar\/wp-content\/uploads\/2023\/10\/Taller-ArbuchoComposicion-en-la-encuadernacion-1024x1024.png\" alt=\"\" class=\"wp-image-5021\" srcset=\"https:\/\/cultura.sma.gob.ar\/wp-content\/uploads\/2023\/10\/Taller-ArbuchoComposicion-en-la-encuadernacion-1024x1024.png 1024w, https:\/\/cultura.sma.gob.ar\/wp-content\/uploads\/2023\/10\/Taller-ArbuchoComposicion-en-la-encuadernacion-300x300.png 300w, https:\/\/cultura.sma.gob.ar\/wp-content\/uploads\/2023\/10\/Taller-ArbuchoComposicion-en-la-encuadernacion-150x150.png 150w, https:\/\/cultura.sma.gob.ar\/wp-content\/uploads\/2023\/10\/Taller-ArbuchoComposicion-en-la-encuadernacion-768x768.png 768w, https:\/\/cultura.sma.gob.ar\/wp-content\/uploads\/2023\/10\/Taller-ArbuchoComposicion-en-la-encuadernacion-90x90.png 90w, https:\/\/cultura.sma.gob.ar\/wp-content\/uploads\/2023\/10\/Taller-ArbuchoComposicion-en-la-encuadernacion.png 1080w\" sizes=\"auto, (max-width: 1024px) 100vw, 1024px\" \/><\/figure>\n\n\n\n<p>Lunes 9 &#8211; 19 hs. Espacio Trama. Pe\u00f1a Literaria de La Perla Libros.<\/p>\n\n\n\n<figure class=\"wp-block-image size-large\"><img loading=\"lazy\" decoding=\"async\" width=\"1024\" height=\"1024\" src=\"https:\/\/cultura.sma.gob.ar\/wp-content\/uploads\/2023\/10\/Pena-Literaria-de-La-Perla-Libros-1024x1024.png\" alt=\"\" class=\"wp-image-5022\" srcset=\"https:\/\/cultura.sma.gob.ar\/wp-content\/uploads\/2023\/10\/Pena-Literaria-de-La-Perla-Libros-1024x1024.png 1024w, https:\/\/cultura.sma.gob.ar\/wp-content\/uploads\/2023\/10\/Pena-Literaria-de-La-Perla-Libros-300x300.png 300w, https:\/\/cultura.sma.gob.ar\/wp-content\/uploads\/2023\/10\/Pena-Literaria-de-La-Perla-Libros-150x150.png 150w, https:\/\/cultura.sma.gob.ar\/wp-content\/uploads\/2023\/10\/Pena-Literaria-de-La-Perla-Libros-768x768.png 768w, https:\/\/cultura.sma.gob.ar\/wp-content\/uploads\/2023\/10\/Pena-Literaria-de-La-Perla-Libros-90x90.png 90w, https:\/\/cultura.sma.gob.ar\/wp-content\/uploads\/2023\/10\/Pena-Literaria-de-La-Perla-Libros.png 1080w\" sizes=\"auto, (max-width: 1024px) 100vw, 1024px\" \/><\/figure>\n\n\n\n<p>Martes 10 &#8211; 9 hs. Escuela N\u00b0 313. Mart\u00edn Blasco. Charla con el escritor.<\/p>\n\n\n\n\n\n<p>Martes 10 &#8211; 11 hs. E.P.E.T N\u00b0 12. Mart\u00edn Blasco. Charla con el escritor.<\/p>\n\n\n\n<p>Mi\u00e9rcoles 11 &#8211; 8:30 a 13:30 hs. Espacio Trama. Actividad de escuelas primarias. Conferencia &#8220;1, 2, 3 literatura en acci\u00f3n&#8221;.<\/p>\n\n\n\n<p>Mi\u00e9rcoles 11 &#8211; 10.30 hs. E.P.E.T N\u00b0 21 Mart\u00edn Blasco. Charla con el escritor.<\/p>\n\n\n\n<p>Mi\u00e9rcoles 11 &#8211; 13:15 hs. Escuela N\u00b0 179. Agustina Caride. Charla con la escritora.<\/p>\n\n\n\n<p>Mi\u00e9rcoles 11 &#8211; 17.30 hs. ATEN. Liliana Ancalao. Taller: &#8220;Lenguaraces, oralitoras de Abya Yala&#8221;.<\/p>\n\n\n\n<figure class=\"wp-block-image size-large\"><img loading=\"lazy\" decoding=\"async\" width=\"1024\" height=\"1024\" src=\"https:\/\/cultura.sma.gob.ar\/wp-content\/uploads\/2023\/10\/Liliana-Ancalao-Taller-Lenguaraces-1-1024x1024.png\" alt=\"\" class=\"wp-image-5068\" srcset=\"https:\/\/cultura.sma.gob.ar\/wp-content\/uploads\/2023\/10\/Liliana-Ancalao-Taller-Lenguaraces-1-1024x1024.png 1024w, https:\/\/cultura.sma.gob.ar\/wp-content\/uploads\/2023\/10\/Liliana-Ancalao-Taller-Lenguaraces-1-300x300.png 300w, https:\/\/cultura.sma.gob.ar\/wp-content\/uploads\/2023\/10\/Liliana-Ancalao-Taller-Lenguaraces-1-150x150.png 150w, https:\/\/cultura.sma.gob.ar\/wp-content\/uploads\/2023\/10\/Liliana-Ancalao-Taller-Lenguaraces-1-768x768.png 768w, https:\/\/cultura.sma.gob.ar\/wp-content\/uploads\/2023\/10\/Liliana-Ancalao-Taller-Lenguaraces-1-90x90.png 90w, https:\/\/cultura.sma.gob.ar\/wp-content\/uploads\/2023\/10\/Liliana-Ancalao-Taller-Lenguaraces-1.png 1080w\" sizes=\"auto, (max-width: 1024px) 100vw, 1024px\" \/><\/figure>\n\n\n\n<p>Jueves 12 &#8211; 10 hs. 8:30 a 13:30 hs. Espacio Trama. Actividad de escuelas primarias. Conferencia &#8220;1, 2, 3 literatura en acci\u00f3n&#8221;.<\/p>\n\n\n\n<p>Jueves 12 &#8211; 10 hs. Jard\u00edn N\u00b0 43. Victoria Bisheimer y Gustavo Lozano. Taller de &#8220;Ecorregiones e ilustraci\u00f3n para infancias&#8221;.<\/p>\n\n\n\n<p>Jueves 12 -11hs. Esc. de Payla Menuco. Graciela Rend\u00f3n. Charla con la escritora.<\/p>\n\n\n\n<p>Jueves 12 &#8211; 15 hs. Punto de encuentro: Museo Primeros Pobladores. Tili Solanas y Editorial Patalibro. &#8220;San Mart\u00edn de los Andes, trazos y relatos&#8221; &#8211; Recorrido Patrimonio Hist\u00f3rico con escuelas (se suspende por lluvia).<\/p>\n\n\n\n<p>Jueves 12 &#8211; 15 hs. CPEM N\u00b057. Santiago Rey. Charla\/taller sobre &#8220;La cr\u00f3nica period\u00edstica&#8221;.<\/p>\n\n\n\n<p>Jueves 12 &#8211; 19 hs. CPEM N\u00b057. Daniel Mecca. Charla con el escritor.<\/p>\n\n\n\n<p>Viernes 13 &#8211; 17 hs. Punto de encuentro: Museo Primeros Pobladores. Tili Solanas y Editorial Patalibro. &#8220;San Mart\u00edn de los Andes, trazos y relatos&#8221; &#8211; Recorrido Patrimonio Hist\u00f3rico. Para todo p\u00fablico (se suspende por lluvia).<\/p>\n\n\n\n<p>Viernes 13. 19 hs. Biblioteca Popular 9 de Julio. Prof.\/Lic. Bonyuan, Marcelo. Prof. Selser, Miguel. Conferencia &#8220;La L\u00f3gica Actual Del Poder. M\u00e1s all\u00e1 de la sociedad del rendimiento: el caso Bartleby&#8221;.<\/p>\n\n\n\n<p>S\u00e1bado 14- 17:30. Biblioteca Popular 9 de Julio. Luciano Saracino. Charla\/taller &#8216;La historieta en la Argentina&#8221;.<\/p>\n","protected":false},"excerpt":{"rendered":"<p>Viernes 6 &#8211; 19:30 hs. ISFD N\u00b03. Guillermo Mart\u00ednez. Conferencia &#8220;Series l\u00f3gicas y cr\u00edmenes en serie&#8221;. S\u00e1bado 7 &#8211; 14 a 16 hs. Espacio Trama. Actividad de escuelas primarias. Conferencia &#8220;1, 2, 3 literatura en acci\u00f3n&#8221;. S\u00e1bado 7 &#8211; 16 hs. Biblioteca Popular La Cascada. Marcelo Bonyuan y Miguel Selser. Coloquio &#8220;INFOCRACIA. Los Desaf\u00edos para la democracia en el siglo XXI&#8221;. S\u00e1bado 7 &#8211; 18 &hellip; <a href=\"https:\/\/cultura.sma.gob.ar\/?p=5004\" class=\"more-link\">Continue reading <span class=\"screen-reader-text\">17\u00b0 Feria Regional del Libro: Actividades anexas<\/span><\/a><\/p>\n","protected":false},"author":1,"featured_media":296,"comment_status":"closed","ping_status":"","sticky":false,"template":"","format":"image","meta":{"footnotes":""},"categories":[3],"tags":[],"class_list":["post-5004","post","type-post","status-publish","format-image","has-post-thumbnail","hentry","category-eventos-cultura","post_format-post-format-image"],"_links":{"self":[{"href":"https:\/\/cultura.sma.gob.ar\/index.php?rest_route=\/wp\/v2\/posts\/5004","targetHints":{"allow":["GET"]}}],"collection":[{"href":"https:\/\/cultura.sma.gob.ar\/index.php?rest_route=\/wp\/v2\/posts"}],"about":[{"href":"https:\/\/cultura.sma.gob.ar\/index.php?rest_route=\/wp\/v2\/types\/post"}],"author":[{"embeddable":true,"href":"https:\/\/cultura.sma.gob.ar\/index.php?rest_route=\/wp\/v2\/users\/1"}],"replies":[{"embeddable":true,"href":"https:\/\/cultura.sma.gob.ar\/index.php?rest_route=%2Fwp%2Fv2%2Fcomments&post=5004"}],"version-history":[{"count":5,"href":"https:\/\/cultura.sma.gob.ar\/index.php?rest_route=\/wp\/v2\/posts\/5004\/revisions"}],"predecessor-version":[{"id":5091,"href":"https:\/\/cultura.sma.gob.ar\/index.php?rest_route=\/wp\/v2\/posts\/5004\/revisions\/5091"}],"wp:featuredmedia":[{"embeddable":true,"href":"https:\/\/cultura.sma.gob.ar\/index.php?rest_route=\/wp\/v2\/media\/296"}],"wp:attachment":[{"href":"https:\/\/cultura.sma.gob.ar\/index.php?rest_route=%2Fwp%2Fv2%2Fmedia&parent=5004"}],"wp:term":[{"taxonomy":"category","embeddable":true,"href":"https:\/\/cultura.sma.gob.ar\/index.php?rest_route=%2Fwp%2Fv2%2Fcategories&post=5004"},{"taxonomy":"post_tag","embeddable":true,"href":"https:\/\/cultura.sma.gob.ar\/index.php?rest_route=%2Fwp%2Fv2%2Ftags&post=5004"}],"curies":[{"name":"wp","href":"https:\/\/api.w.org\/{rel}","templated":true}]}}