{"id":4991,"date":"2023-10-04T11:31:37","date_gmt":"2023-10-04T14:31:37","guid":{"rendered":"http:\/\/cultura.sma.gob.ar\/?p=4991"},"modified":"2023-10-08T16:05:40","modified_gmt":"2023-10-08T19:05:40","slug":"17-feria-regional-del-libro-viernes-13-de-octubre","status":"publish","type":"post","link":"https:\/\/cultura.sma.gob.ar\/?p=4991","title":{"rendered":"17\u00b0 Feria Regional del Libro: Viernes 13 de octubre"},"content":{"rendered":"\n<figure class=\"wp-block-image size-large\"><img loading=\"lazy\" decoding=\"async\" width=\"682\" height=\"612\" src=\"http:\/\/cultura.sma.gob.ar\/wp-content\/uploads\/2023\/10\/SMA-GE0008-Feria-del-Libro-PROGRAMA-OUT-08-1.jpg\" alt=\"\" class=\"wp-image-4992\" srcset=\"https:\/\/cultura.sma.gob.ar\/wp-content\/uploads\/2023\/10\/SMA-GE0008-Feria-del-Libro-PROGRAMA-OUT-08-1.jpg 682w, https:\/\/cultura.sma.gob.ar\/wp-content\/uploads\/2023\/10\/SMA-GE0008-Feria-del-Libro-PROGRAMA-OUT-08-1-300x269.jpg 300w, https:\/\/cultura.sma.gob.ar\/wp-content\/uploads\/2023\/10\/SMA-GE0008-Feria-del-Libro-PROGRAMA-OUT-08-1-100x90.jpg 100w\" sizes=\"auto, (max-width: 682px) 100vw, 682px\" \/><\/figure>\n\n\n\n<p>\u2666 VIERNES 13 <\/p>\n\n\n\n<p>15:00 hs. Zoe Maiten. Taller &#8220;Educaci\u00f3n Menstrual: \u00bfC\u00f3mo acompa\u00f1ar a tu hija\/e y con qu\u00e9 herramientas?&#8221;<\/p>\n\n\n\n<figure class=\"wp-block-image size-large\"><img loading=\"lazy\" decoding=\"async\" width=\"1024\" height=\"1024\" src=\"https:\/\/cultura.sma.gob.ar\/wp-content\/uploads\/2023\/10\/Educacion-Menstrual-viernes-1024x1024.png\" alt=\"\" class=\"wp-image-5083\" srcset=\"https:\/\/cultura.sma.gob.ar\/wp-content\/uploads\/2023\/10\/Educacion-Menstrual-viernes-1024x1024.png 1024w, https:\/\/cultura.sma.gob.ar\/wp-content\/uploads\/2023\/10\/Educacion-Menstrual-viernes-300x300.png 300w, https:\/\/cultura.sma.gob.ar\/wp-content\/uploads\/2023\/10\/Educacion-Menstrual-viernes-150x150.png 150w, https:\/\/cultura.sma.gob.ar\/wp-content\/uploads\/2023\/10\/Educacion-Menstrual-viernes-768x768.png 768w, https:\/\/cultura.sma.gob.ar\/wp-content\/uploads\/2023\/10\/Educacion-Menstrual-viernes-90x90.png 90w, https:\/\/cultura.sma.gob.ar\/wp-content\/uploads\/2023\/10\/Educacion-Menstrual-viernes.png 1080w\" sizes=\"auto, (max-width: 1024px) 100vw, 1024px\" \/><\/figure>\n\n\n\n<p>16:00 hs. Mar\u00eda Martha Paz. Presentaci\u00f3n del libro &#8220;Cruz del sur&#8221;. Organiza: La Punta del Ovillo Editorial.<\/p>\n\n\n\n<figure class=\"wp-block-image size-large\"><img loading=\"lazy\" decoding=\"async\" width=\"1024\" height=\"1024\" src=\"https:\/\/cultura.sma.gob.ar\/wp-content\/uploads\/2023\/10\/Cruz-del-sur-1024x1024.jpg\" alt=\"\" class=\"wp-image-5084\" srcset=\"https:\/\/cultura.sma.gob.ar\/wp-content\/uploads\/2023\/10\/Cruz-del-sur-1024x1024.jpg 1024w, https:\/\/cultura.sma.gob.ar\/wp-content\/uploads\/2023\/10\/Cruz-del-sur-300x300.jpg 300w, https:\/\/cultura.sma.gob.ar\/wp-content\/uploads\/2023\/10\/Cruz-del-sur-150x150.jpg 150w, https:\/\/cultura.sma.gob.ar\/wp-content\/uploads\/2023\/10\/Cruz-del-sur-768x768.jpg 768w, https:\/\/cultura.sma.gob.ar\/wp-content\/uploads\/2023\/10\/Cruz-del-sur-90x90.jpg 90w, https:\/\/cultura.sma.gob.ar\/wp-content\/uploads\/2023\/10\/Cruz-del-sur.jpg 1080w\" sizes=\"auto, (max-width: 1024px) 100vw, 1024px\" \/><\/figure>\n\n\n\n<p>16:30 hs. Beatriz Kreitman. Presentaci\u00f3n del libro &#8220;Destellos de vida&#8221;. <\/p>\n\n\n\n<figure class=\"wp-block-image size-large\"><img loading=\"lazy\" decoding=\"async\" width=\"1024\" height=\"1024\" src=\"https:\/\/cultura.sma.gob.ar\/wp-content\/uploads\/2023\/10\/Destellos-de-vida-1024x1024.jpg\" alt=\"\" class=\"wp-image-5085\" srcset=\"https:\/\/cultura.sma.gob.ar\/wp-content\/uploads\/2023\/10\/Destellos-de-vida-1024x1024.jpg 1024w, https:\/\/cultura.sma.gob.ar\/wp-content\/uploads\/2023\/10\/Destellos-de-vida-300x300.jpg 300w, https:\/\/cultura.sma.gob.ar\/wp-content\/uploads\/2023\/10\/Destellos-de-vida-150x150.jpg 150w, https:\/\/cultura.sma.gob.ar\/wp-content\/uploads\/2023\/10\/Destellos-de-vida-768x768.jpg 768w, https:\/\/cultura.sma.gob.ar\/wp-content\/uploads\/2023\/10\/Destellos-de-vida-90x90.jpg 90w, https:\/\/cultura.sma.gob.ar\/wp-content\/uploads\/2023\/10\/Destellos-de-vida.jpg 1080w\" sizes=\"auto, (max-width: 1024px) 100vw, 1024px\" \/><\/figure>\n\n\n\n<p>17:00 hs. Eduardo Zinni. Presentaci\u00f3n del libro &#8220;En la boca del fuego&#8221;. 17:30 hs. Mario Ricardo D\u00edaz. Presentaci\u00f3n del libro &#8220;Una ma\u00f1ana cualquiera&#8221;. <\/p>\n\n\n\n<figure class=\"wp-block-image size-large\"><img loading=\"lazy\" decoding=\"async\" width=\"1024\" height=\"1024\" src=\"https:\/\/cultura.sma.gob.ar\/wp-content\/uploads\/2023\/10\/Una-manana-cualquiera-1024x1024.jpg\" alt=\"\" class=\"wp-image-5086\" srcset=\"https:\/\/cultura.sma.gob.ar\/wp-content\/uploads\/2023\/10\/Una-manana-cualquiera-1024x1024.jpg 1024w, https:\/\/cultura.sma.gob.ar\/wp-content\/uploads\/2023\/10\/Una-manana-cualquiera-300x300.jpg 300w, https:\/\/cultura.sma.gob.ar\/wp-content\/uploads\/2023\/10\/Una-manana-cualquiera-150x150.jpg 150w, https:\/\/cultura.sma.gob.ar\/wp-content\/uploads\/2023\/10\/Una-manana-cualquiera-768x768.jpg 768w, https:\/\/cultura.sma.gob.ar\/wp-content\/uploads\/2023\/10\/Una-manana-cualquiera-90x90.jpg 90w, https:\/\/cultura.sma.gob.ar\/wp-content\/uploads\/2023\/10\/Una-manana-cualquiera.jpg 1080w\" sizes=\"auto, (max-width: 1024px) 100vw, 1024px\" \/><\/figure>\n\n\n\n<p>18:00 hs. Sandra Ivanna Lambertucci. Presentaci\u00f3n del libro &#8220;Cara o cruz&#8221;.<\/p>\n\n\n\n<figure class=\"wp-block-image size-large\"><img loading=\"lazy\" decoding=\"async\" width=\"1024\" height=\"1024\" src=\"https:\/\/cultura.sma.gob.ar\/wp-content\/uploads\/2023\/10\/Cara-o-cruz--1024x1024.jpg\" alt=\"\" class=\"wp-image-5087\" srcset=\"https:\/\/cultura.sma.gob.ar\/wp-content\/uploads\/2023\/10\/Cara-o-cruz--1024x1024.jpg 1024w, https:\/\/cultura.sma.gob.ar\/wp-content\/uploads\/2023\/10\/Cara-o-cruz--300x300.jpg 300w, https:\/\/cultura.sma.gob.ar\/wp-content\/uploads\/2023\/10\/Cara-o-cruz--150x150.jpg 150w, https:\/\/cultura.sma.gob.ar\/wp-content\/uploads\/2023\/10\/Cara-o-cruz--768x768.jpg 768w, https:\/\/cultura.sma.gob.ar\/wp-content\/uploads\/2023\/10\/Cara-o-cruz--90x90.jpg 90w, https:\/\/cultura.sma.gob.ar\/wp-content\/uploads\/2023\/10\/Cara-o-cruz-.jpg 1080w\" sizes=\"auto, (max-width: 1024px) 100vw, 1024px\" \/><\/figure>\n\n\n\n<p>18:30 hs. Luciano Saracino. Presentaci\u00f3n de la colecci\u00f3n de historietas &#8220;40 a\u00f1os de Democracia&#8221;. Organiza: CONABIP, BP 9 de Julio.<\/p>\n\n\n\n<figure class=\"wp-block-image size-large\"><img loading=\"lazy\" decoding=\"async\" width=\"1024\" height=\"1024\" src=\"https:\/\/cultura.sma.gob.ar\/wp-content\/uploads\/2023\/10\/Coleccion-de-historietas--1024x1024.jpg\" alt=\"\" class=\"wp-image-5089\" srcset=\"https:\/\/cultura.sma.gob.ar\/wp-content\/uploads\/2023\/10\/Coleccion-de-historietas--1024x1024.jpg 1024w, https:\/\/cultura.sma.gob.ar\/wp-content\/uploads\/2023\/10\/Coleccion-de-historietas--300x300.jpg 300w, https:\/\/cultura.sma.gob.ar\/wp-content\/uploads\/2023\/10\/Coleccion-de-historietas--150x150.jpg 150w, https:\/\/cultura.sma.gob.ar\/wp-content\/uploads\/2023\/10\/Coleccion-de-historietas--768x768.jpg 768w, https:\/\/cultura.sma.gob.ar\/wp-content\/uploads\/2023\/10\/Coleccion-de-historietas--90x90.jpg 90w, https:\/\/cultura.sma.gob.ar\/wp-content\/uploads\/2023\/10\/Coleccion-de-historietas-.jpg 1080w\" sizes=\"auto, (max-width: 1024px) 100vw, 1024px\" \/><\/figure>\n\n\n\n<p>19:30 hs. Daniel Mecca. Presentaci\u00f3n del libro &#8220;Aira o muerte&#8221;. Organiza: Comisi\u00f3n FRL. <\/p>\n\n\n\n<figure class=\"wp-block-image size-large\"><img loading=\"lazy\" decoding=\"async\" width=\"1024\" height=\"1024\" src=\"https:\/\/cultura.sma.gob.ar\/wp-content\/uploads\/2023\/10\/daniel-mecca-PL-auditorio-FRL-1-1024x1024.jpg\" alt=\"\" class=\"wp-image-5088\" srcset=\"https:\/\/cultura.sma.gob.ar\/wp-content\/uploads\/2023\/10\/daniel-mecca-PL-auditorio-FRL-1-1024x1024.jpg 1024w, https:\/\/cultura.sma.gob.ar\/wp-content\/uploads\/2023\/10\/daniel-mecca-PL-auditorio-FRL-1-300x300.jpg 300w, https:\/\/cultura.sma.gob.ar\/wp-content\/uploads\/2023\/10\/daniel-mecca-PL-auditorio-FRL-1-150x150.jpg 150w, https:\/\/cultura.sma.gob.ar\/wp-content\/uploads\/2023\/10\/daniel-mecca-PL-auditorio-FRL-1-768x768.jpg 768w, https:\/\/cultura.sma.gob.ar\/wp-content\/uploads\/2023\/10\/daniel-mecca-PL-auditorio-FRL-1-90x90.jpg 90w, https:\/\/cultura.sma.gob.ar\/wp-content\/uploads\/2023\/10\/daniel-mecca-PL-auditorio-FRL-1.jpg 1080w\" sizes=\"auto, (max-width: 1024px) 100vw, 1024px\" \/><\/figure>\n\n\n\n<p>20:30 hs. Santiago Rey \/ Cronistas de la regi\u00f3n patag\u00f3nica. Presenta-ci\u00f3n de los libros Santiago la muerte&#8221; y &#8220;18 cr\u00f3nicas patag\u00f3nicas&#8221;. Organiza: Comisi\u00f3n FRL.<\/p>\n\n\n\n<figure class=\"wp-block-image size-large\"><img loading=\"lazy\" decoding=\"async\" width=\"1024\" height=\"1024\" src=\"http:\/\/cultura.sma.gob.ar\/wp-content\/uploads\/2023\/10\/Santiago-Rey.-AUDITORIO-FRL-2-1024x1024.png\" alt=\"\" class=\"wp-image-5002\" srcset=\"https:\/\/cultura.sma.gob.ar\/wp-content\/uploads\/2023\/10\/Santiago-Rey.-AUDITORIO-FRL-2-1024x1024.png 1024w, https:\/\/cultura.sma.gob.ar\/wp-content\/uploads\/2023\/10\/Santiago-Rey.-AUDITORIO-FRL-2-300x300.png 300w, https:\/\/cultura.sma.gob.ar\/wp-content\/uploads\/2023\/10\/Santiago-Rey.-AUDITORIO-FRL-2-150x150.png 150w, https:\/\/cultura.sma.gob.ar\/wp-content\/uploads\/2023\/10\/Santiago-Rey.-AUDITORIO-FRL-2-768x768.png 768w, https:\/\/cultura.sma.gob.ar\/wp-content\/uploads\/2023\/10\/Santiago-Rey.-AUDITORIO-FRL-2-90x90.png 90w, https:\/\/cultura.sma.gob.ar\/wp-content\/uploads\/2023\/10\/Santiago-Rey.-AUDITORIO-FRL-2.png 1080w\" sizes=\"auto, (max-width: 1024px) 100vw, 1024px\" \/><\/figure>\n","protected":false},"excerpt":{"rendered":"<p>\u2666 VIERNES 13 15:00 hs. Zoe Maiten. Taller &#8220;Educaci\u00f3n Menstrual: \u00bfC\u00f3mo acompa\u00f1ar a tu hija\/e y con qu\u00e9 herramientas?&#8221; 16:00 hs. Mar\u00eda Martha Paz. Presentaci\u00f3n del libro &#8220;Cruz del sur&#8221;. Organiza: La Punta del Ovillo Editorial. 16:30 hs. Beatriz Kreitman. Presentaci\u00f3n del libro &#8220;Destellos de vida&#8221;. 17:00 hs. Eduardo Zinni. Presentaci\u00f3n del libro &#8220;En la boca del fuego&#8221;. 17:30 hs. Mario Ricardo D\u00edaz. Presentaci\u00f3n del &hellip; <a href=\"https:\/\/cultura.sma.gob.ar\/?p=4991\" class=\"more-link\">Continue reading <span class=\"screen-reader-text\">17\u00b0 Feria Regional del Libro: Viernes 13 de octubre<\/span><\/a><\/p>\n","protected":false},"author":1,"featured_media":296,"comment_status":"closed","ping_status":"","sticky":false,"template":"","format":"image","meta":{"footnotes":""},"categories":[3],"tags":[],"class_list":["post-4991","post","type-post","status-publish","format-image","has-post-thumbnail","hentry","category-eventos-cultura","post_format-post-format-image"],"_links":{"self":[{"href":"https:\/\/cultura.sma.gob.ar\/index.php?rest_route=\/wp\/v2\/posts\/4991","targetHints":{"allow":["GET"]}}],"collection":[{"href":"https:\/\/cultura.sma.gob.ar\/index.php?rest_route=\/wp\/v2\/posts"}],"about":[{"href":"https:\/\/cultura.sma.gob.ar\/index.php?rest_route=\/wp\/v2\/types\/post"}],"author":[{"embeddable":true,"href":"https:\/\/cultura.sma.gob.ar\/index.php?rest_route=\/wp\/v2\/users\/1"}],"replies":[{"embeddable":true,"href":"https:\/\/cultura.sma.gob.ar\/index.php?rest_route=%2Fwp%2Fv2%2Fcomments&post=4991"}],"version-history":[{"count":4,"href":"https:\/\/cultura.sma.gob.ar\/index.php?rest_route=\/wp\/v2\/posts\/4991\/revisions"}],"predecessor-version":[{"id":5090,"href":"https:\/\/cultura.sma.gob.ar\/index.php?rest_route=\/wp\/v2\/posts\/4991\/revisions\/5090"}],"wp:featuredmedia":[{"embeddable":true,"href":"https:\/\/cultura.sma.gob.ar\/index.php?rest_route=\/wp\/v2\/media\/296"}],"wp:attachment":[{"href":"https:\/\/cultura.sma.gob.ar\/index.php?rest_route=%2Fwp%2Fv2%2Fmedia&parent=4991"}],"wp:term":[{"taxonomy":"category","embeddable":true,"href":"https:\/\/cultura.sma.gob.ar\/index.php?rest_route=%2Fwp%2Fv2%2Fcategories&post=4991"},{"taxonomy":"post_tag","embeddable":true,"href":"https:\/\/cultura.sma.gob.ar\/index.php?rest_route=%2Fwp%2Fv2%2Ftags&post=4991"}],"curies":[{"name":"wp","href":"https:\/\/api.w.org\/{rel}","templated":true}]}}