{"id":4976,"date":"2023-10-04T11:27:32","date_gmt":"2023-10-04T14:27:32","guid":{"rendered":"http:\/\/cultura.sma.gob.ar\/?p=4976"},"modified":"2023-10-08T15:56:00","modified_gmt":"2023-10-08T18:56:00","slug":"17-feria-regional-del-libro-miercoles-11-de-octubre","status":"publish","type":"post","link":"https:\/\/cultura.sma.gob.ar\/?p=4976","title":{"rendered":"17\u00b0 Feria Regional del libro: Mi\u00e9rcoles 11 de octubre"},"content":{"rendered":"\n<figure class=\"wp-block-image size-large\"><img loading=\"lazy\" decoding=\"async\" width=\"651\" height=\"902\" src=\"http:\/\/cultura.sma.gob.ar\/wp-content\/uploads\/2023\/10\/SMA-GE0008-Feria-del-Libro-PROGRAMA-OUT-06-1.jpg\" alt=\"\" class=\"wp-image-4978\" srcset=\"https:\/\/cultura.sma.gob.ar\/wp-content\/uploads\/2023\/10\/SMA-GE0008-Feria-del-Libro-PROGRAMA-OUT-06-1.jpg 651w, https:\/\/cultura.sma.gob.ar\/wp-content\/uploads\/2023\/10\/SMA-GE0008-Feria-del-Libro-PROGRAMA-OUT-06-1-217x300.jpg 217w, https:\/\/cultura.sma.gob.ar\/wp-content\/uploads\/2023\/10\/SMA-GE0008-Feria-del-Libro-PROGRAMA-OUT-06-1-65x90.jpg 65w\" sizes=\"auto, (max-width: 651px) 100vw, 651px\" \/><\/figure>\n\n\n\n<p>\u2666 MI\u00c9RCOLES 11 <\/p>\n\n\n\n<p>10:00 hs. Alumnos y alumnas de 6\u00b0 Esc. N\u00b0179 &#8211; Docentes Adriana Antinucci y Erika Mazzieri. Presentaci\u00f3n de &#8220;Relatos De Malvinas Ilustrado&#8221;. Organiza: Esc. No 179 y Subsecretar\u00eda de Educaci\u00f3n. <\/p>\n\n\n\n<figure class=\"wp-block-image size-large\"><img loading=\"lazy\" decoding=\"async\" width=\"1024\" height=\"1024\" src=\"https:\/\/cultura.sma.gob.ar\/wp-content\/uploads\/2023\/10\/RELATOS-DE-MALVINAS-ILUSTRADO-1024x1024.jpg\" alt=\"\" class=\"wp-image-5057\" srcset=\"https:\/\/cultura.sma.gob.ar\/wp-content\/uploads\/2023\/10\/RELATOS-DE-MALVINAS-ILUSTRADO-1024x1024.jpg 1024w, https:\/\/cultura.sma.gob.ar\/wp-content\/uploads\/2023\/10\/RELATOS-DE-MALVINAS-ILUSTRADO-300x300.jpg 300w, https:\/\/cultura.sma.gob.ar\/wp-content\/uploads\/2023\/10\/RELATOS-DE-MALVINAS-ILUSTRADO-150x150.jpg 150w, https:\/\/cultura.sma.gob.ar\/wp-content\/uploads\/2023\/10\/RELATOS-DE-MALVINAS-ILUSTRADO-768x768.jpg 768w, https:\/\/cultura.sma.gob.ar\/wp-content\/uploads\/2023\/10\/RELATOS-DE-MALVINAS-ILUSTRADO-90x90.jpg 90w, https:\/\/cultura.sma.gob.ar\/wp-content\/uploads\/2023\/10\/RELATOS-DE-MALVINAS-ILUSTRADO.jpg 1080w\" sizes=\"auto, (max-width: 1024px) 100vw, 1024px\" \/><\/figure>\n\n\n\n<p>11:00 hs. Mar\u00eda Victoria Bisheimer y Gustavo Lozano. Taller &#8220;Ecorregiones e ilustraci\u00f3n para infancias&#8221;. Destinado a p\u00fablico infantil. Organiza: Comisi\u00f3n FRL. <\/p>\n\n\n\n<figure class=\"wp-block-image size-large\"><img loading=\"lazy\" decoding=\"async\" width=\"1024\" height=\"1024\" src=\"https:\/\/cultura.sma.gob.ar\/wp-content\/uploads\/2023\/10\/TALLER-DE-ECORREGIONES-E-ILUSTRACION-PARA-INFANCIAS-1024x1024.jpg\" alt=\"\" class=\"wp-image-5058\" srcset=\"https:\/\/cultura.sma.gob.ar\/wp-content\/uploads\/2023\/10\/TALLER-DE-ECORREGIONES-E-ILUSTRACION-PARA-INFANCIAS-1024x1024.jpg 1024w, https:\/\/cultura.sma.gob.ar\/wp-content\/uploads\/2023\/10\/TALLER-DE-ECORREGIONES-E-ILUSTRACION-PARA-INFANCIAS-300x300.jpg 300w, https:\/\/cultura.sma.gob.ar\/wp-content\/uploads\/2023\/10\/TALLER-DE-ECORREGIONES-E-ILUSTRACION-PARA-INFANCIAS-150x150.jpg 150w, https:\/\/cultura.sma.gob.ar\/wp-content\/uploads\/2023\/10\/TALLER-DE-ECORREGIONES-E-ILUSTRACION-PARA-INFANCIAS-768x768.jpg 768w, https:\/\/cultura.sma.gob.ar\/wp-content\/uploads\/2023\/10\/TALLER-DE-ECORREGIONES-E-ILUSTRACION-PARA-INFANCIAS-90x90.jpg 90w, https:\/\/cultura.sma.gob.ar\/wp-content\/uploads\/2023\/10\/TALLER-DE-ECORREGIONES-E-ILUSTRACION-PARA-INFANCIAS.jpg 1080w\" sizes=\"auto, (max-width: 1024px) 100vw, 1024px\" \/><\/figure>\n\n\n\n<p>15:00 hs. Alumnos y alumnas de 70 Esc. N\u00b0188 \u2014 Docente Valeria Gauna. Presentaci\u00f3n de cartas para veteranos del libro &#8220;Relatos De Malvinas&#8221;.<\/p>\n\n\n\n\n\n<p>16:00 hs. Cuenteros Comunitarios. Actividad de narraci\u00f3n oral. Destinada a p\u00fablico juvenil.<\/p>\n\n\n\n<figure class=\"wp-block-image size-large\"><img loading=\"lazy\" decoding=\"async\" width=\"1024\" height=\"1024\" src=\"https:\/\/cultura.sma.gob.ar\/wp-content\/uploads\/2023\/10\/Cuenteros-comunitarios-1024x1024.png\" alt=\"\" class=\"wp-image-5059\" srcset=\"https:\/\/cultura.sma.gob.ar\/wp-content\/uploads\/2023\/10\/Cuenteros-comunitarios-1024x1024.png 1024w, https:\/\/cultura.sma.gob.ar\/wp-content\/uploads\/2023\/10\/Cuenteros-comunitarios-300x300.png 300w, https:\/\/cultura.sma.gob.ar\/wp-content\/uploads\/2023\/10\/Cuenteros-comunitarios-150x150.png 150w, https:\/\/cultura.sma.gob.ar\/wp-content\/uploads\/2023\/10\/Cuenteros-comunitarios-768x768.png 768w, https:\/\/cultura.sma.gob.ar\/wp-content\/uploads\/2023\/10\/Cuenteros-comunitarios-90x90.png 90w, https:\/\/cultura.sma.gob.ar\/wp-content\/uploads\/2023\/10\/Cuenteros-comunitarios.png 1080w\" sizes=\"auto, (max-width: 1024px) 100vw, 1024px\" \/><\/figure>\n\n\n\n<p>17:00 hs. Graciela Rend\u00f3n. Presentaci\u00f3n del libro &#8220;Un Nawell me mostr\u00f3 el camino&#8221;. Destinada p\u00fablico infantil. Organiza: BP Ruca Trabun.<\/p>\n\n\n\n<figure class=\"wp-block-image size-large\"><img loading=\"lazy\" decoding=\"async\" width=\"1024\" height=\"1024\" src=\"https:\/\/cultura.sma.gob.ar\/wp-content\/uploads\/2023\/10\/Un-Nawell-me-mostro-el-camino-1024x1024.jpg\" alt=\"\" class=\"wp-image-5060\" srcset=\"https:\/\/cultura.sma.gob.ar\/wp-content\/uploads\/2023\/10\/Un-Nawell-me-mostro-el-camino-1024x1024.jpg 1024w, https:\/\/cultura.sma.gob.ar\/wp-content\/uploads\/2023\/10\/Un-Nawell-me-mostro-el-camino-300x300.jpg 300w, https:\/\/cultura.sma.gob.ar\/wp-content\/uploads\/2023\/10\/Un-Nawell-me-mostro-el-camino-150x150.jpg 150w, https:\/\/cultura.sma.gob.ar\/wp-content\/uploads\/2023\/10\/Un-Nawell-me-mostro-el-camino-768x768.jpg 768w, https:\/\/cultura.sma.gob.ar\/wp-content\/uploads\/2023\/10\/Un-Nawell-me-mostro-el-camino-90x90.jpg 90w, https:\/\/cultura.sma.gob.ar\/wp-content\/uploads\/2023\/10\/Un-Nawell-me-mostro-el-camino.jpg 1080w\" sizes=\"auto, (max-width: 1024px) 100vw, 1024px\" \/><\/figure>\n\n\n\n<p>17:30hs. Clara Oyuela. Presentaci\u00f3n del libro &#8220;Cr\u00f3nicas de una abstinencia, un experimento fuera de l\u00ednea&#8221;. <\/p>\n\n\n\n<figure class=\"wp-block-image size-large\"><img loading=\"lazy\" decoding=\"async\" width=\"1024\" height=\"1024\" src=\"https:\/\/cultura.sma.gob.ar\/wp-content\/uploads\/2023\/10\/Cronicas-de-una-abstinencia-1024x1024.jpg\" alt=\"\" class=\"wp-image-5061\" srcset=\"https:\/\/cultura.sma.gob.ar\/wp-content\/uploads\/2023\/10\/Cronicas-de-una-abstinencia-1024x1024.jpg 1024w, https:\/\/cultura.sma.gob.ar\/wp-content\/uploads\/2023\/10\/Cronicas-de-una-abstinencia-300x300.jpg 300w, https:\/\/cultura.sma.gob.ar\/wp-content\/uploads\/2023\/10\/Cronicas-de-una-abstinencia-150x150.jpg 150w, https:\/\/cultura.sma.gob.ar\/wp-content\/uploads\/2023\/10\/Cronicas-de-una-abstinencia-768x768.jpg 768w, https:\/\/cultura.sma.gob.ar\/wp-content\/uploads\/2023\/10\/Cronicas-de-una-abstinencia-90x90.jpg 90w, https:\/\/cultura.sma.gob.ar\/wp-content\/uploads\/2023\/10\/Cronicas-de-una-abstinencia.jpg 1080w\" sizes=\"auto, (max-width: 1024px) 100vw, 1024px\" \/><\/figure>\n\n\n\n<p>18:00 hs. Ignacio Miret. Presentaci\u00f3n del libro &#8220;Millones de para\u00edsos&#8221;. Organiza: Ediciones de La Grieta. <\/p>\n\n\n\n<figure class=\"wp-block-image size-large\"><img loading=\"lazy\" decoding=\"async\" width=\"1024\" height=\"1024\" src=\"https:\/\/cultura.sma.gob.ar\/wp-content\/uploads\/2023\/10\/Millones-de-paraisos-1024x1024.jpg\" alt=\"\" class=\"wp-image-5062\" srcset=\"https:\/\/cultura.sma.gob.ar\/wp-content\/uploads\/2023\/10\/Millones-de-paraisos-1024x1024.jpg 1024w, https:\/\/cultura.sma.gob.ar\/wp-content\/uploads\/2023\/10\/Millones-de-paraisos-300x300.jpg 300w, https:\/\/cultura.sma.gob.ar\/wp-content\/uploads\/2023\/10\/Millones-de-paraisos-150x150.jpg 150w, https:\/\/cultura.sma.gob.ar\/wp-content\/uploads\/2023\/10\/Millones-de-paraisos-768x768.jpg 768w, https:\/\/cultura.sma.gob.ar\/wp-content\/uploads\/2023\/10\/Millones-de-paraisos-90x90.jpg 90w, https:\/\/cultura.sma.gob.ar\/wp-content\/uploads\/2023\/10\/Millones-de-paraisos.jpg 1080w\" sizes=\"auto, (max-width: 1024px) 100vw, 1024px\" \/><\/figure>\n\n\n\n<p>18:30 hs. Daniela Roc\u00edo Rodr\u00edguez Gonz\u00e1lez. Presentaci\u00f3n del libro &#8220;Remiendos&#8221;. Organiza: Ediciones de La Grieta. <\/p>\n\n\n\n<figure class=\"wp-block-image size-large\"><img loading=\"lazy\" decoding=\"async\" width=\"1024\" height=\"1024\" src=\"https:\/\/cultura.sma.gob.ar\/wp-content\/uploads\/2023\/10\/Remiendos-1024x1024.jpg\" alt=\"\" class=\"wp-image-5063\" srcset=\"https:\/\/cultura.sma.gob.ar\/wp-content\/uploads\/2023\/10\/Remiendos-1024x1024.jpg 1024w, https:\/\/cultura.sma.gob.ar\/wp-content\/uploads\/2023\/10\/Remiendos-300x300.jpg 300w, https:\/\/cultura.sma.gob.ar\/wp-content\/uploads\/2023\/10\/Remiendos-150x150.jpg 150w, https:\/\/cultura.sma.gob.ar\/wp-content\/uploads\/2023\/10\/Remiendos-768x768.jpg 768w, https:\/\/cultura.sma.gob.ar\/wp-content\/uploads\/2023\/10\/Remiendos-90x90.jpg 90w, https:\/\/cultura.sma.gob.ar\/wp-content\/uploads\/2023\/10\/Remiendos.jpg 1080w\" sizes=\"auto, (max-width: 1024px) 100vw, 1024px\" \/><\/figure>\n\n\n\n<p>19:30 hs. Mar\u00eda Victoria Bisheimer y Gustavo Lozano. Presentaci\u00f3n del libro &#8220;Animales aut\u00f3ctonos para ni\u00f1os nativos&#8221;. Destinada a p\u00fablico infantil. Organiza: Comisi\u00f3n FRL <\/p>\n\n\n\n<figure class=\"wp-block-image size-large\"><img loading=\"lazy\" decoding=\"async\" width=\"1024\" height=\"1024\" src=\"https:\/\/cultura.sma.gob.ar\/wp-content\/uploads\/2023\/10\/Victoria-Bisheimer.-AUDITORIO-FRL-1-1024x1024.png\" alt=\"\" class=\"wp-image-5064\" srcset=\"https:\/\/cultura.sma.gob.ar\/wp-content\/uploads\/2023\/10\/Victoria-Bisheimer.-AUDITORIO-FRL-1-1024x1024.png 1024w, https:\/\/cultura.sma.gob.ar\/wp-content\/uploads\/2023\/10\/Victoria-Bisheimer.-AUDITORIO-FRL-1-300x300.png 300w, https:\/\/cultura.sma.gob.ar\/wp-content\/uploads\/2023\/10\/Victoria-Bisheimer.-AUDITORIO-FRL-1-150x150.png 150w, https:\/\/cultura.sma.gob.ar\/wp-content\/uploads\/2023\/10\/Victoria-Bisheimer.-AUDITORIO-FRL-1-768x768.png 768w, https:\/\/cultura.sma.gob.ar\/wp-content\/uploads\/2023\/10\/Victoria-Bisheimer.-AUDITORIO-FRL-1-90x90.png 90w, https:\/\/cultura.sma.gob.ar\/wp-content\/uploads\/2023\/10\/Victoria-Bisheimer.-AUDITORIO-FRL-1.png 1080w\" sizes=\"auto, (max-width: 1024px) 100vw, 1024px\" \/><\/figure>\n\n\n\n<p>20:30 hs. Centro Editor Municipal. Presentaci\u00f3n del libro &#8220;Historias de amor y de locura&#8221;. Organiza: CEM.<\/p>\n\n\n\n<figure class=\"wp-block-image size-large\"><img loading=\"lazy\" decoding=\"async\" width=\"1024\" height=\"1024\" src=\"https:\/\/cultura.sma.gob.ar\/wp-content\/uploads\/2023\/10\/CEM.-De-amor-y-de-locura-1024x1024.jpeg\" alt=\"\" class=\"wp-image-5065\" srcset=\"https:\/\/cultura.sma.gob.ar\/wp-content\/uploads\/2023\/10\/CEM.-De-amor-y-de-locura-1024x1024.jpeg 1024w, https:\/\/cultura.sma.gob.ar\/wp-content\/uploads\/2023\/10\/CEM.-De-amor-y-de-locura-300x300.jpeg 300w, https:\/\/cultura.sma.gob.ar\/wp-content\/uploads\/2023\/10\/CEM.-De-amor-y-de-locura-150x150.jpeg 150w, https:\/\/cultura.sma.gob.ar\/wp-content\/uploads\/2023\/10\/CEM.-De-amor-y-de-locura-768x768.jpeg 768w, https:\/\/cultura.sma.gob.ar\/wp-content\/uploads\/2023\/10\/CEM.-De-amor-y-de-locura-90x90.jpeg 90w, https:\/\/cultura.sma.gob.ar\/wp-content\/uploads\/2023\/10\/CEM.-De-amor-y-de-locura.jpeg 1080w\" sizes=\"auto, (max-width: 1024px) 100vw, 1024px\" \/><\/figure>\n","protected":false},"excerpt":{"rendered":"<p>\u2666 MI\u00c9RCOLES 11 10:00 hs. Alumnos y alumnas de 6\u00b0 Esc. N\u00b0179 &#8211; Docentes Adriana Antinucci y Erika Mazzieri. Presentaci\u00f3n de &#8220;Relatos De Malvinas Ilustrado&#8221;. Organiza: Esc. No 179 y Subsecretar\u00eda de Educaci\u00f3n. 11:00 hs. Mar\u00eda Victoria Bisheimer y Gustavo Lozano. Taller &#8220;Ecorregiones e ilustraci\u00f3n para infancias&#8221;. Destinado a p\u00fablico infantil. Organiza: Comisi\u00f3n FRL. 15:00 hs. Alumnos y alumnas de 70 Esc. N\u00b0188 \u2014 Docente &hellip; <a href=\"https:\/\/cultura.sma.gob.ar\/?p=4976\" class=\"more-link\">Continue reading <span class=\"screen-reader-text\">17\u00b0 Feria Regional del libro: Mi\u00e9rcoles 11 de octubre<\/span><\/a><\/p>\n","protected":false},"author":1,"featured_media":296,"comment_status":"closed","ping_status":"","sticky":false,"template":"","format":"image","meta":{"footnotes":""},"categories":[3],"tags":[],"class_list":["post-4976","post","type-post","status-publish","format-image","has-post-thumbnail","hentry","category-eventos-cultura","post_format-post-format-image"],"_links":{"self":[{"href":"https:\/\/cultura.sma.gob.ar\/index.php?rest_route=\/wp\/v2\/posts\/4976","targetHints":{"allow":["GET"]}}],"collection":[{"href":"https:\/\/cultura.sma.gob.ar\/index.php?rest_route=\/wp\/v2\/posts"}],"about":[{"href":"https:\/\/cultura.sma.gob.ar\/index.php?rest_route=\/wp\/v2\/types\/post"}],"author":[{"embeddable":true,"href":"https:\/\/cultura.sma.gob.ar\/index.php?rest_route=\/wp\/v2\/users\/1"}],"replies":[{"embeddable":true,"href":"https:\/\/cultura.sma.gob.ar\/index.php?rest_route=%2Fwp%2Fv2%2Fcomments&post=4976"}],"version-history":[{"count":3,"href":"https:\/\/cultura.sma.gob.ar\/index.php?rest_route=\/wp\/v2\/posts\/4976\/revisions"}],"predecessor-version":[{"id":5067,"href":"https:\/\/cultura.sma.gob.ar\/index.php?rest_route=\/wp\/v2\/posts\/4976\/revisions\/5067"}],"wp:featuredmedia":[{"embeddable":true,"href":"https:\/\/cultura.sma.gob.ar\/index.php?rest_route=\/wp\/v2\/media\/296"}],"wp:attachment":[{"href":"https:\/\/cultura.sma.gob.ar\/index.php?rest_route=%2Fwp%2Fv2%2Fmedia&parent=4976"}],"wp:term":[{"taxonomy":"category","embeddable":true,"href":"https:\/\/cultura.sma.gob.ar\/index.php?rest_route=%2Fwp%2Fv2%2Fcategories&post=4976"},{"taxonomy":"post_tag","embeddable":true,"href":"https:\/\/cultura.sma.gob.ar\/index.php?rest_route=%2Fwp%2Fv2%2Ftags&post=4976"}],"curies":[{"name":"wp","href":"https:\/\/api.w.org\/{rel}","templated":true}]}}