{"id":4974,"date":"2023-10-04T11:24:55","date_gmt":"2023-10-04T14:24:55","guid":{"rendered":"http:\/\/cultura.sma.gob.ar\/?p=4974"},"modified":"2023-10-08T15:40:13","modified_gmt":"2023-10-08T18:40:13","slug":"17-feria-regional-del-libro-martes-10-de-octubre","status":"publish","type":"post","link":"https:\/\/cultura.sma.gob.ar\/?p=4974","title":{"rendered":"17\u00b0 Feria Regional del Libro: martes 10 de octubre"},"content":{"rendered":"\n<figure class=\"wp-block-image size-large\"><img loading=\"lazy\" decoding=\"async\" width=\"607\" height=\"611\" src=\"http:\/\/cultura.sma.gob.ar\/wp-content\/uploads\/2023\/10\/SMA-GE0008-Feria-del-Libro-PROGRAMA-OUT-05-1.jpg\" alt=\"\" class=\"wp-image-4980\" srcset=\"https:\/\/cultura.sma.gob.ar\/wp-content\/uploads\/2023\/10\/SMA-GE0008-Feria-del-Libro-PROGRAMA-OUT-05-1.jpg 607w, https:\/\/cultura.sma.gob.ar\/wp-content\/uploads\/2023\/10\/SMA-GE0008-Feria-del-Libro-PROGRAMA-OUT-05-1-298x300.jpg 298w, https:\/\/cultura.sma.gob.ar\/wp-content\/uploads\/2023\/10\/SMA-GE0008-Feria-del-Libro-PROGRAMA-OUT-05-1-150x150.jpg 150w, https:\/\/cultura.sma.gob.ar\/wp-content\/uploads\/2023\/10\/SMA-GE0008-Feria-del-Libro-PROGRAMA-OUT-05-1-89x90.jpg 89w\" sizes=\"auto, (max-width: 607px) 100vw, 607px\" \/><\/figure>\n\n\n\n<p>\u2666 MARTES 10<\/p>\n\n\n\n<p>9:00 a 10:30 hs. Actividad de escuelas primarias. Conferencia &#8220;1, 2, 3 literatura en acci\u00f3n&#8221;. Organiza: Supervisi\u00f3n Escolar Nivel Primario. <\/p>\n\n\n\n<p>13:30 a 15:00 hs. Actividad de escuelas primarias. Conferencia &#8220;1, 2, 3 literatura en acci\u00f3n&#8221;. Organiza: Supervisi\u00f3n Escolar Nivel Primario.<\/p>\n\n\n\n<figure class=\"wp-block-image size-large\"><img loading=\"lazy\" decoding=\"async\" width=\"1024\" height=\"1024\" src=\"https:\/\/cultura.sma.gob.ar\/wp-content\/uploads\/2023\/10\/1-2-3-literatura-en-accion-10_10--1024x1024.png\" alt=\"\" class=\"wp-image-5048\" srcset=\"https:\/\/cultura.sma.gob.ar\/wp-content\/uploads\/2023\/10\/1-2-3-literatura-en-accion-10_10--1024x1024.png 1024w, https:\/\/cultura.sma.gob.ar\/wp-content\/uploads\/2023\/10\/1-2-3-literatura-en-accion-10_10--300x300.png 300w, https:\/\/cultura.sma.gob.ar\/wp-content\/uploads\/2023\/10\/1-2-3-literatura-en-accion-10_10--150x150.png 150w, https:\/\/cultura.sma.gob.ar\/wp-content\/uploads\/2023\/10\/1-2-3-literatura-en-accion-10_10--768x768.png 768w, https:\/\/cultura.sma.gob.ar\/wp-content\/uploads\/2023\/10\/1-2-3-literatura-en-accion-10_10--90x90.png 90w, https:\/\/cultura.sma.gob.ar\/wp-content\/uploads\/2023\/10\/1-2-3-literatura-en-accion-10_10-.png 1080w\" sizes=\"auto, (max-width: 1024px) 100vw, 1024px\" \/><\/figure>\n\n\n\n<p>17:00 hs. Julio C\u00e9sar Zoccatelli. Presentaci\u00f3n del libro &#8220;Vivir Ant\u00e1rtida&#8221;.<\/p>\n\n\n\n<figure class=\"wp-block-image size-large\"><img loading=\"lazy\" decoding=\"async\" width=\"1024\" height=\"1024\" src=\"https:\/\/cultura.sma.gob.ar\/wp-content\/uploads\/2023\/10\/Vivir-Antartida-1024x1024.jpg\" alt=\"\" class=\"wp-image-5049\" srcset=\"https:\/\/cultura.sma.gob.ar\/wp-content\/uploads\/2023\/10\/Vivir-Antartida-1024x1024.jpg 1024w, https:\/\/cultura.sma.gob.ar\/wp-content\/uploads\/2023\/10\/Vivir-Antartida-300x300.jpg 300w, https:\/\/cultura.sma.gob.ar\/wp-content\/uploads\/2023\/10\/Vivir-Antartida-150x150.jpg 150w, https:\/\/cultura.sma.gob.ar\/wp-content\/uploads\/2023\/10\/Vivir-Antartida-768x768.jpg 768w, https:\/\/cultura.sma.gob.ar\/wp-content\/uploads\/2023\/10\/Vivir-Antartida-90x90.jpg 90w, https:\/\/cultura.sma.gob.ar\/wp-content\/uploads\/2023\/10\/Vivir-Antartida.jpg 1080w\" sizes=\"auto, (max-width: 1024px) 100vw, 1024px\" \/><\/figure>\n\n\n\n<p>17:30 hs. Carlos Verta. Presentaci\u00f3n del libro &#8220;A horcajadas&#8221;. <\/p>\n\n\n\n<figure class=\"wp-block-image size-large\"><img loading=\"lazy\" decoding=\"async\" width=\"1024\" height=\"1024\" src=\"https:\/\/cultura.sma.gob.ar\/wp-content\/uploads\/2023\/10\/A-horcajadas--1024x1024.jpg\" alt=\"\" class=\"wp-image-5050\" srcset=\"https:\/\/cultura.sma.gob.ar\/wp-content\/uploads\/2023\/10\/A-horcajadas--1024x1024.jpg 1024w, https:\/\/cultura.sma.gob.ar\/wp-content\/uploads\/2023\/10\/A-horcajadas--300x300.jpg 300w, https:\/\/cultura.sma.gob.ar\/wp-content\/uploads\/2023\/10\/A-horcajadas--150x150.jpg 150w, https:\/\/cultura.sma.gob.ar\/wp-content\/uploads\/2023\/10\/A-horcajadas--768x768.jpg 768w, https:\/\/cultura.sma.gob.ar\/wp-content\/uploads\/2023\/10\/A-horcajadas--90x90.jpg 90w, https:\/\/cultura.sma.gob.ar\/wp-content\/uploads\/2023\/10\/A-horcajadas-.jpg 1080w\" sizes=\"auto, (max-width: 1024px) 100vw, 1024px\" \/><\/figure>\n\n\n\n<p>18:00 hs. Homenaje a Boris Spivakov. Organiza: Comisi\u00f3n FRL. <\/p>\n\n\n\n<figure class=\"wp-block-image size-large\"><img loading=\"lazy\" decoding=\"async\" width=\"1024\" height=\"1024\" src=\"https:\/\/cultura.sma.gob.ar\/wp-content\/uploads\/2023\/10\/Homenaje-a-Boris-Spivakov-1024x1024.png\" alt=\"\" class=\"wp-image-5051\" srcset=\"https:\/\/cultura.sma.gob.ar\/wp-content\/uploads\/2023\/10\/Homenaje-a-Boris-Spivakov-1024x1024.png 1024w, https:\/\/cultura.sma.gob.ar\/wp-content\/uploads\/2023\/10\/Homenaje-a-Boris-Spivakov-300x300.png 300w, https:\/\/cultura.sma.gob.ar\/wp-content\/uploads\/2023\/10\/Homenaje-a-Boris-Spivakov-150x150.png 150w, https:\/\/cultura.sma.gob.ar\/wp-content\/uploads\/2023\/10\/Homenaje-a-Boris-Spivakov-768x768.png 768w, https:\/\/cultura.sma.gob.ar\/wp-content\/uploads\/2023\/10\/Homenaje-a-Boris-Spivakov-90x90.png 90w, https:\/\/cultura.sma.gob.ar\/wp-content\/uploads\/2023\/10\/Homenaje-a-Boris-Spivakov.png 1080w\" sizes=\"auto, (max-width: 1024px) 100vw, 1024px\" \/><\/figure>\n\n\n\n<p>18:30 hs. Ana Mar\u00eda de Mena. Presentaci\u00f3n del libro &#8220;Sara Laur\u00eda, maestra del fuego&#8221;. <\/p>\n\n\n\n<figure class=\"wp-block-image size-large\"><img loading=\"lazy\" decoding=\"async\" width=\"1024\" height=\"1024\" src=\"https:\/\/cultura.sma.gob.ar\/wp-content\/uploads\/2023\/10\/maestra-del-fuego-1024x1024.jpg\" alt=\"\" class=\"wp-image-5052\" srcset=\"https:\/\/cultura.sma.gob.ar\/wp-content\/uploads\/2023\/10\/maestra-del-fuego-1024x1024.jpg 1024w, https:\/\/cultura.sma.gob.ar\/wp-content\/uploads\/2023\/10\/maestra-del-fuego-300x300.jpg 300w, https:\/\/cultura.sma.gob.ar\/wp-content\/uploads\/2023\/10\/maestra-del-fuego-150x150.jpg 150w, https:\/\/cultura.sma.gob.ar\/wp-content\/uploads\/2023\/10\/maestra-del-fuego-768x768.jpg 768w, https:\/\/cultura.sma.gob.ar\/wp-content\/uploads\/2023\/10\/maestra-del-fuego-90x90.jpg 90w, https:\/\/cultura.sma.gob.ar\/wp-content\/uploads\/2023\/10\/maestra-del-fuego.jpg 1080w\" sizes=\"auto, (max-width: 1024px) 100vw, 1024px\" \/><\/figure>\n\n\n\n<p>19:30 hs. Soledad Vignolo. Presentaci\u00f3n del libro &#8220;Manos que sabr\u00e1n&#8221;. Organiza: La Palestra Ediciones. <\/p>\n\n\n\n<figure class=\"wp-block-image size-large\"><img loading=\"lazy\" decoding=\"async\" width=\"1024\" height=\"1019\" src=\"https:\/\/cultura.sma.gob.ar\/wp-content\/uploads\/2023\/10\/Soledad-Vignolo.-Manos-que-sabran-1024x1019.jpeg\" alt=\"\" class=\"wp-image-5053\" srcset=\"https:\/\/cultura.sma.gob.ar\/wp-content\/uploads\/2023\/10\/Soledad-Vignolo.-Manos-que-sabran-1024x1019.jpeg 1024w, https:\/\/cultura.sma.gob.ar\/wp-content\/uploads\/2023\/10\/Soledad-Vignolo.-Manos-que-sabran-300x300.jpeg 300w, https:\/\/cultura.sma.gob.ar\/wp-content\/uploads\/2023\/10\/Soledad-Vignolo.-Manos-que-sabran-150x150.jpeg 150w, https:\/\/cultura.sma.gob.ar\/wp-content\/uploads\/2023\/10\/Soledad-Vignolo.-Manos-que-sabran-768x764.jpeg 768w, https:\/\/cultura.sma.gob.ar\/wp-content\/uploads\/2023\/10\/Soledad-Vignolo.-Manos-que-sabran-1536x1528.jpeg 1536w, https:\/\/cultura.sma.gob.ar\/wp-content\/uploads\/2023\/10\/Soledad-Vignolo.-Manos-que-sabran-90x90.jpeg 90w, https:\/\/cultura.sma.gob.ar\/wp-content\/uploads\/2023\/10\/Soledad-Vignolo.-Manos-que-sabran.jpeg 1600w\" sizes=\"auto, (max-width: 1024px) 100vw, 1024px\" \/><\/figure>\n\n\n\n<p>20:00 hs. Agustina Carde. Presentaci\u00f3n de los libros &#8220;Donde retumba el silencio&#8221;, &#8220;No habr\u00e1 sino ausencias&#8221; y otros. Organiza: Comisi\u00f3n FRL.<\/p>\n\n\n\n<figure class=\"wp-block-image size-large\"><img loading=\"lazy\" decoding=\"async\" width=\"1024\" height=\"1024\" src=\"https:\/\/cultura.sma.gob.ar\/wp-content\/uploads\/2023\/10\/Agustina-Caride-Auditorio-FRL-1-1024x1024.png\" alt=\"\" class=\"wp-image-5054\" srcset=\"https:\/\/cultura.sma.gob.ar\/wp-content\/uploads\/2023\/10\/Agustina-Caride-Auditorio-FRL-1-1024x1024.png 1024w, https:\/\/cultura.sma.gob.ar\/wp-content\/uploads\/2023\/10\/Agustina-Caride-Auditorio-FRL-1-300x300.png 300w, https:\/\/cultura.sma.gob.ar\/wp-content\/uploads\/2023\/10\/Agustina-Caride-Auditorio-FRL-1-150x150.png 150w, https:\/\/cultura.sma.gob.ar\/wp-content\/uploads\/2023\/10\/Agustina-Caride-Auditorio-FRL-1-768x768.png 768w, https:\/\/cultura.sma.gob.ar\/wp-content\/uploads\/2023\/10\/Agustina-Caride-Auditorio-FRL-1-90x90.png 90w, https:\/\/cultura.sma.gob.ar\/wp-content\/uploads\/2023\/10\/Agustina-Caride-Auditorio-FRL-1.png 1080w\" sizes=\"auto, (max-width: 1024px) 100vw, 1024px\" \/><\/figure>\n","protected":false},"excerpt":{"rendered":"<p>\u2666 MARTES 10 9:00 a 10:30 hs. Actividad de escuelas primarias. Conferencia &#8220;1, 2, 3 literatura en acci\u00f3n&#8221;. Organiza: Supervisi\u00f3n Escolar Nivel Primario. 13:30 a 15:00 hs. Actividad de escuelas primarias. Conferencia &#8220;1, 2, 3 literatura en acci\u00f3n&#8221;. Organiza: Supervisi\u00f3n Escolar Nivel Primario. 17:00 hs. Julio C\u00e9sar Zoccatelli. Presentaci\u00f3n del libro &#8220;Vivir Ant\u00e1rtida&#8221;. 17:30 hs. Carlos Verta. Presentaci\u00f3n del libro &#8220;A horcajadas&#8221;. 18:00 hs. Homenaje &hellip; <a href=\"https:\/\/cultura.sma.gob.ar\/?p=4974\" class=\"more-link\">Continue reading <span class=\"screen-reader-text\">17\u00b0 Feria Regional del Libro: martes 10 de octubre<\/span><\/a><\/p>\n","protected":false},"author":1,"featured_media":296,"comment_status":"closed","ping_status":"","sticky":false,"template":"","format":"image","meta":{"footnotes":""},"categories":[3],"tags":[],"class_list":["post-4974","post","type-post","status-publish","format-image","has-post-thumbnail","hentry","category-eventos-cultura","post_format-post-format-image"],"_links":{"self":[{"href":"https:\/\/cultura.sma.gob.ar\/index.php?rest_route=\/wp\/v2\/posts\/4974","targetHints":{"allow":["GET"]}}],"collection":[{"href":"https:\/\/cultura.sma.gob.ar\/index.php?rest_route=\/wp\/v2\/posts"}],"about":[{"href":"https:\/\/cultura.sma.gob.ar\/index.php?rest_route=\/wp\/v2\/types\/post"}],"author":[{"embeddable":true,"href":"https:\/\/cultura.sma.gob.ar\/index.php?rest_route=\/wp\/v2\/users\/1"}],"replies":[{"embeddable":true,"href":"https:\/\/cultura.sma.gob.ar\/index.php?rest_route=%2Fwp%2Fv2%2Fcomments&post=4974"}],"version-history":[{"count":4,"href":"https:\/\/cultura.sma.gob.ar\/index.php?rest_route=\/wp\/v2\/posts\/4974\/revisions"}],"predecessor-version":[{"id":5056,"href":"https:\/\/cultura.sma.gob.ar\/index.php?rest_route=\/wp\/v2\/posts\/4974\/revisions\/5056"}],"wp:featuredmedia":[{"embeddable":true,"href":"https:\/\/cultura.sma.gob.ar\/index.php?rest_route=\/wp\/v2\/media\/296"}],"wp:attachment":[{"href":"https:\/\/cultura.sma.gob.ar\/index.php?rest_route=%2Fwp%2Fv2%2Fmedia&parent=4974"}],"wp:term":[{"taxonomy":"category","embeddable":true,"href":"https:\/\/cultura.sma.gob.ar\/index.php?rest_route=%2Fwp%2Fv2%2Fcategories&post=4974"},{"taxonomy":"post_tag","embeddable":true,"href":"https:\/\/cultura.sma.gob.ar\/index.php?rest_route=%2Fwp%2Fv2%2Ftags&post=4974"}],"curies":[{"name":"wp","href":"https:\/\/api.w.org\/{rel}","templated":true}]}}