{"id":4972,"date":"2023-10-04T11:22:52","date_gmt":"2023-10-04T14:22:52","guid":{"rendered":"http:\/\/cultura.sma.gob.ar\/?p=4972"},"modified":"2023-10-04T20:24:46","modified_gmt":"2023-10-04T23:24:46","slug":"17-feria-regional-del-libro-lunes-9-de-octubre","status":"publish","type":"post","link":"https:\/\/cultura.sma.gob.ar\/?p=4972","title":{"rendered":"17\u00b0 Feria Regional del Libro: lunes 9 de octubre"},"content":{"rendered":"\n<figure class=\"wp-block-image size-large\"><img loading=\"lazy\" decoding=\"async\" width=\"599\" height=\"668\" src=\"http:\/\/cultura.sma.gob.ar\/wp-content\/uploads\/2023\/10\/SMA-GE0008-Feria-del-Libro-PROGRAMA-OUT-10-1.jpg\" alt=\"\" class=\"wp-image-4982\" srcset=\"https:\/\/cultura.sma.gob.ar\/wp-content\/uploads\/2023\/10\/SMA-GE0008-Feria-del-Libro-PROGRAMA-OUT-10-1.jpg 599w, https:\/\/cultura.sma.gob.ar\/wp-content\/uploads\/2023\/10\/SMA-GE0008-Feria-del-Libro-PROGRAMA-OUT-10-1-269x300.jpg 269w, https:\/\/cultura.sma.gob.ar\/wp-content\/uploads\/2023\/10\/SMA-GE0008-Feria-del-Libro-PROGRAMA-OUT-10-1-81x90.jpg 81w\" sizes=\"auto, (max-width: 599px) 100vw, 599px\" \/><\/figure>\n\n\n\n<p>\u2666 LUNES 9<\/p>\n\n\n\n<p>9:00 a 10:30 hs. Actividad de escuelas primarias. Conferencia &#8220;1, 2, 3 literatura en acci\u00f3n&#8221;. Organiza: Supervisi\u00f3n Escolar Nivel Primario. <\/p>\n\n\n\n<p>13:30 a 15:00 hs. Actividad de escuelas primarias. Conferencia &#8220;1, 2, 3 literatura en acci\u00f3n&#8221;. Organiza: Supervisi\u00f3n Escolar Nivel Primario. <\/p>\n\n\n\n<figure class=\"wp-block-image size-large\"><img loading=\"lazy\" decoding=\"async\" width=\"1024\" height=\"1024\" src=\"https:\/\/cultura.sma.gob.ar\/wp-content\/uploads\/2023\/10\/1-2-3-literatura-en-accion-9-10-1024x1024.jpg\" alt=\"\" class=\"wp-image-5039\" srcset=\"https:\/\/cultura.sma.gob.ar\/wp-content\/uploads\/2023\/10\/1-2-3-literatura-en-accion-9-10-1024x1024.jpg 1024w, https:\/\/cultura.sma.gob.ar\/wp-content\/uploads\/2023\/10\/1-2-3-literatura-en-accion-9-10-300x300.jpg 300w, https:\/\/cultura.sma.gob.ar\/wp-content\/uploads\/2023\/10\/1-2-3-literatura-en-accion-9-10-150x150.jpg 150w, https:\/\/cultura.sma.gob.ar\/wp-content\/uploads\/2023\/10\/1-2-3-literatura-en-accion-9-10-768x768.jpg 768w, https:\/\/cultura.sma.gob.ar\/wp-content\/uploads\/2023\/10\/1-2-3-literatura-en-accion-9-10-90x90.jpg 90w, https:\/\/cultura.sma.gob.ar\/wp-content\/uploads\/2023\/10\/1-2-3-literatura-en-accion-9-10.jpg 1080w\" sizes=\"auto, (max-width: 1024px) 100vw, 1024px\" \/><\/figure>\n\n\n\n<p>17:00 hs. Club de lectura de la Biblioteca Popular 9 de Julio. Mesa redonda &#8220;10 a\u00f1os del Club de Lectura&#8221;. Organiza: BP 9 de Julio.<\/p>\n\n\n\n<figure class=\"wp-block-image size-large\"><img loading=\"lazy\" decoding=\"async\" width=\"1024\" height=\"1024\" src=\"https:\/\/cultura.sma.gob.ar\/wp-content\/uploads\/2023\/10\/10-anos-del-Club-de-Lectura-1024x1024.jpg\" alt=\"\" class=\"wp-image-5040\" srcset=\"https:\/\/cultura.sma.gob.ar\/wp-content\/uploads\/2023\/10\/10-anos-del-Club-de-Lectura-1024x1024.jpg 1024w, https:\/\/cultura.sma.gob.ar\/wp-content\/uploads\/2023\/10\/10-anos-del-Club-de-Lectura-300x300.jpg 300w, https:\/\/cultura.sma.gob.ar\/wp-content\/uploads\/2023\/10\/10-anos-del-Club-de-Lectura-150x150.jpg 150w, https:\/\/cultura.sma.gob.ar\/wp-content\/uploads\/2023\/10\/10-anos-del-Club-de-Lectura-768x768.jpg 768w, https:\/\/cultura.sma.gob.ar\/wp-content\/uploads\/2023\/10\/10-anos-del-Club-de-Lectura-90x90.jpg 90w, https:\/\/cultura.sma.gob.ar\/wp-content\/uploads\/2023\/10\/10-anos-del-Club-de-Lectura.jpg 1080w\" sizes=\"auto, (max-width: 1024px) 100vw, 1024px\" \/><\/figure>\n\n\n\n<p>18:00 hs. Maia Coletto. Presentaci\u00f3n del libro &#8220;El mundo oculto: el rayo, las aguas, el todo y la nada&#8221;. <\/p>\n\n\n\n<figure class=\"wp-block-image size-large\"><img loading=\"lazy\" decoding=\"async\" width=\"1024\" height=\"1024\" src=\"https:\/\/cultura.sma.gob.ar\/wp-content\/uploads\/2023\/10\/El-mundo-oculto-1024x1024.jpg\" alt=\"\" class=\"wp-image-5041\" srcset=\"https:\/\/cultura.sma.gob.ar\/wp-content\/uploads\/2023\/10\/El-mundo-oculto-1024x1024.jpg 1024w, https:\/\/cultura.sma.gob.ar\/wp-content\/uploads\/2023\/10\/El-mundo-oculto-300x300.jpg 300w, https:\/\/cultura.sma.gob.ar\/wp-content\/uploads\/2023\/10\/El-mundo-oculto-150x150.jpg 150w, https:\/\/cultura.sma.gob.ar\/wp-content\/uploads\/2023\/10\/El-mundo-oculto-768x768.jpg 768w, https:\/\/cultura.sma.gob.ar\/wp-content\/uploads\/2023\/10\/El-mundo-oculto-90x90.jpg 90w, https:\/\/cultura.sma.gob.ar\/wp-content\/uploads\/2023\/10\/El-mundo-oculto.jpg 1080w\" sizes=\"auto, (max-width: 1024px) 100vw, 1024px\" \/><\/figure>\n\n\n\n<p>18:30 hs. Carlota del Campo. Presentaci\u00f3n del libro &#8220;Tierra ardiente&#8221;. Organiza: BP 9 de Julio. <\/p>\n\n\n\n<figure class=\"wp-block-image size-large\"><img loading=\"lazy\" decoding=\"async\" width=\"1024\" height=\"1024\" src=\"https:\/\/cultura.sma.gob.ar\/wp-content\/uploads\/2023\/10\/Tierra-ardiente-1024x1024.jpg\" alt=\"\" class=\"wp-image-5042\" srcset=\"https:\/\/cultura.sma.gob.ar\/wp-content\/uploads\/2023\/10\/Tierra-ardiente-1024x1024.jpg 1024w, https:\/\/cultura.sma.gob.ar\/wp-content\/uploads\/2023\/10\/Tierra-ardiente-300x300.jpg 300w, https:\/\/cultura.sma.gob.ar\/wp-content\/uploads\/2023\/10\/Tierra-ardiente-150x150.jpg 150w, https:\/\/cultura.sma.gob.ar\/wp-content\/uploads\/2023\/10\/Tierra-ardiente-768x768.jpg 768w, https:\/\/cultura.sma.gob.ar\/wp-content\/uploads\/2023\/10\/Tierra-ardiente-90x90.jpg 90w, https:\/\/cultura.sma.gob.ar\/wp-content\/uploads\/2023\/10\/Tierra-ardiente.jpg 1080w\" sizes=\"auto, (max-width: 1024px) 100vw, 1024px\" \/><\/figure>\n\n\n\n<p>19:30 hs. Administraci\u00f3n de Parques Nacionales. Presentaci\u00f3n del libro &#8220;Nuestros Parques &#8211; Antolog\u00eda de Cuentos Infantiles&#8221;. Destinada a p\u00fablico infantil. Organiza: Biblioteca Especializada del PNL.<\/p>\n\n\n\n<figure class=\"wp-block-image size-large\"><img loading=\"lazy\" decoding=\"async\" width=\"1024\" height=\"1024\" src=\"https:\/\/cultura.sma.gob.ar\/wp-content\/uploads\/2023\/10\/ANTOLOGIA-DE-CUENTOS-INFANTILES-1024x1024.jpg\" alt=\"\" class=\"wp-image-5043\" srcset=\"https:\/\/cultura.sma.gob.ar\/wp-content\/uploads\/2023\/10\/ANTOLOGIA-DE-CUENTOS-INFANTILES-1024x1024.jpg 1024w, https:\/\/cultura.sma.gob.ar\/wp-content\/uploads\/2023\/10\/ANTOLOGIA-DE-CUENTOS-INFANTILES-300x300.jpg 300w, https:\/\/cultura.sma.gob.ar\/wp-content\/uploads\/2023\/10\/ANTOLOGIA-DE-CUENTOS-INFANTILES-150x150.jpg 150w, https:\/\/cultura.sma.gob.ar\/wp-content\/uploads\/2023\/10\/ANTOLOGIA-DE-CUENTOS-INFANTILES-768x768.jpg 768w, https:\/\/cultura.sma.gob.ar\/wp-content\/uploads\/2023\/10\/ANTOLOGIA-DE-CUENTOS-INFANTILES-90x90.jpg 90w, https:\/\/cultura.sma.gob.ar\/wp-content\/uploads\/2023\/10\/ANTOLOGIA-DE-CUENTOS-INFANTILES.jpg 1080w\" sizes=\"auto, (max-width: 1024px) 100vw, 1024px\" \/><\/figure>\n\n\n\n<p>20:00 hs. Mart\u00edn Blasco. Presentaci\u00f3n del libro &#8220;En la senda del contrario&#8221;. Destinada a p\u00fablico juvenil. Organiza: Comisi\u00f3n FRL FRL y Editorial Norma-Kapelusz.<\/p>\n\n\n\n<figure class=\"wp-block-image size-large\"><img loading=\"lazy\" decoding=\"async\" width=\"1024\" height=\"1024\" src=\"https:\/\/cultura.sma.gob.ar\/wp-content\/uploads\/2023\/10\/Martin-Blasco.-Presentacion-del-libro-En-la-senda-del-contrario.-AUDITORIO-FRL-1-1024x1024.png\" alt=\"\" class=\"wp-image-5044\" srcset=\"https:\/\/cultura.sma.gob.ar\/wp-content\/uploads\/2023\/10\/Martin-Blasco.-Presentacion-del-libro-En-la-senda-del-contrario.-AUDITORIO-FRL-1-1024x1024.png 1024w, https:\/\/cultura.sma.gob.ar\/wp-content\/uploads\/2023\/10\/Martin-Blasco.-Presentacion-del-libro-En-la-senda-del-contrario.-AUDITORIO-FRL-1-300x300.png 300w, https:\/\/cultura.sma.gob.ar\/wp-content\/uploads\/2023\/10\/Martin-Blasco.-Presentacion-del-libro-En-la-senda-del-contrario.-AUDITORIO-FRL-1-150x150.png 150w, https:\/\/cultura.sma.gob.ar\/wp-content\/uploads\/2023\/10\/Martin-Blasco.-Presentacion-del-libro-En-la-senda-del-contrario.-AUDITORIO-FRL-1-768x768.png 768w, https:\/\/cultura.sma.gob.ar\/wp-content\/uploads\/2023\/10\/Martin-Blasco.-Presentacion-del-libro-En-la-senda-del-contrario.-AUDITORIO-FRL-1-90x90.png 90w, https:\/\/cultura.sma.gob.ar\/wp-content\/uploads\/2023\/10\/Martin-Blasco.-Presentacion-del-libro-En-la-senda-del-contrario.-AUDITORIO-FRL-1.png 1080w\" sizes=\"auto, (max-width: 1024px) 100vw, 1024px\" \/><\/figure>\n","protected":false},"excerpt":{"rendered":"<p>\u2666 LUNES 9 9:00 a 10:30 hs. Actividad de escuelas primarias. Conferencia &#8220;1, 2, 3 literatura en acci\u00f3n&#8221;. Organiza: Supervisi\u00f3n Escolar Nivel Primario. 13:30 a 15:00 hs. Actividad de escuelas primarias. Conferencia &#8220;1, 2, 3 literatura en acci\u00f3n&#8221;. Organiza: Supervisi\u00f3n Escolar Nivel Primario. 17:00 hs. Club de lectura de la Biblioteca Popular 9 de Julio. Mesa redonda &#8220;10 a\u00f1os del Club de Lectura&#8221;. Organiza: BP &hellip; <a href=\"https:\/\/cultura.sma.gob.ar\/?p=4972\" class=\"more-link\">Continue reading <span class=\"screen-reader-text\">17\u00b0 Feria Regional del Libro: lunes 9 de octubre<\/span><\/a><\/p>\n","protected":false},"author":1,"featured_media":296,"comment_status":"closed","ping_status":"","sticky":false,"template":"","format":"image","meta":{"footnotes":""},"categories":[3],"tags":[],"class_list":["post-4972","post","type-post","status-publish","format-image","has-post-thumbnail","hentry","category-eventos-cultura","post_format-post-format-image"],"_links":{"self":[{"href":"https:\/\/cultura.sma.gob.ar\/index.php?rest_route=\/wp\/v2\/posts\/4972","targetHints":{"allow":["GET"]}}],"collection":[{"href":"https:\/\/cultura.sma.gob.ar\/index.php?rest_route=\/wp\/v2\/posts"}],"about":[{"href":"https:\/\/cultura.sma.gob.ar\/index.php?rest_route=\/wp\/v2\/types\/post"}],"author":[{"embeddable":true,"href":"https:\/\/cultura.sma.gob.ar\/index.php?rest_route=\/wp\/v2\/users\/1"}],"replies":[{"embeddable":true,"href":"https:\/\/cultura.sma.gob.ar\/index.php?rest_route=%2Fwp%2Fv2%2Fcomments&post=4972"}],"version-history":[{"count":3,"href":"https:\/\/cultura.sma.gob.ar\/index.php?rest_route=\/wp\/v2\/posts\/4972\/revisions"}],"predecessor-version":[{"id":5045,"href":"https:\/\/cultura.sma.gob.ar\/index.php?rest_route=\/wp\/v2\/posts\/4972\/revisions\/5045"}],"wp:featuredmedia":[{"embeddable":true,"href":"https:\/\/cultura.sma.gob.ar\/index.php?rest_route=\/wp\/v2\/media\/296"}],"wp:attachment":[{"href":"https:\/\/cultura.sma.gob.ar\/index.php?rest_route=%2Fwp%2Fv2%2Fmedia&parent=4972"}],"wp:term":[{"taxonomy":"category","embeddable":true,"href":"https:\/\/cultura.sma.gob.ar\/index.php?rest_route=%2Fwp%2Fv2%2Fcategories&post=4972"},{"taxonomy":"post_tag","embeddable":true,"href":"https:\/\/cultura.sma.gob.ar\/index.php?rest_route=%2Fwp%2Fv2%2Ftags&post=4972"}],"curies":[{"name":"wp","href":"https:\/\/api.w.org\/{rel}","templated":true}]}}