{"id":4970,"date":"2023-10-04T11:20:44","date_gmt":"2023-10-04T14:20:44","guid":{"rendered":"http:\/\/cultura.sma.gob.ar\/?p=4970"},"modified":"2023-10-04T20:20:08","modified_gmt":"2023-10-04T23:20:08","slug":"17-feria-regional-del-libro-domingo-8-de-octubre","status":"publish","type":"post","link":"https:\/\/cultura.sma.gob.ar\/?p=4970","title":{"rendered":"17\u00b0 Feria Regional del Libro: domingo 8 de octubre"},"content":{"rendered":"\n<figure class=\"wp-block-image size-large\"><img loading=\"lazy\" decoding=\"async\" width=\"543\" height=\"695\" src=\"http:\/\/cultura.sma.gob.ar\/wp-content\/uploads\/2023\/10\/SMA-GE0008-Feria-del-Libro-PROGRAMA-OUT-04-1.jpg\" alt=\"\" class=\"wp-image-4984\" srcset=\"https:\/\/cultura.sma.gob.ar\/wp-content\/uploads\/2023\/10\/SMA-GE0008-Feria-del-Libro-PROGRAMA-OUT-04-1.jpg 543w, https:\/\/cultura.sma.gob.ar\/wp-content\/uploads\/2023\/10\/SMA-GE0008-Feria-del-Libro-PROGRAMA-OUT-04-1-234x300.jpg 234w, https:\/\/cultura.sma.gob.ar\/wp-content\/uploads\/2023\/10\/SMA-GE0008-Feria-del-Libro-PROGRAMA-OUT-04-1-70x90.jpg 70w\" sizes=\"auto, (max-width: 543px) 100vw, 543px\" \/><\/figure>\n\n\n\n<p>\u2666 DOMINGO 8<\/p>\n\n\n\n<p>15:00 hs. Carolina Lavagnino, Ana Mar\u00eda de Mena y Liliana Anfuso. Conferencia &#8220;Cien a\u00f1os de la primera capilla&#8221;. Organiza: Parroquia San Jos\u00e9. <\/p>\n\n\n\n<figure class=\"wp-block-image size-large\"><img loading=\"lazy\" decoding=\"async\" width=\"1024\" height=\"1024\" src=\"https:\/\/cultura.sma.gob.ar\/wp-content\/uploads\/2023\/10\/Cien-anos-de-la-primera-capilla-1-1024x1024.jpg\" alt=\"\" class=\"wp-image-5029\" srcset=\"https:\/\/cultura.sma.gob.ar\/wp-content\/uploads\/2023\/10\/Cien-anos-de-la-primera-capilla-1-1024x1024.jpg 1024w, https:\/\/cultura.sma.gob.ar\/wp-content\/uploads\/2023\/10\/Cien-anos-de-la-primera-capilla-1-300x300.jpg 300w, https:\/\/cultura.sma.gob.ar\/wp-content\/uploads\/2023\/10\/Cien-anos-de-la-primera-capilla-1-150x150.jpg 150w, https:\/\/cultura.sma.gob.ar\/wp-content\/uploads\/2023\/10\/Cien-anos-de-la-primera-capilla-1-768x768.jpg 768w, https:\/\/cultura.sma.gob.ar\/wp-content\/uploads\/2023\/10\/Cien-anos-de-la-primera-capilla-1-90x90.jpg 90w, https:\/\/cultura.sma.gob.ar\/wp-content\/uploads\/2023\/10\/Cien-anos-de-la-primera-capilla-1.jpg 1080w\" sizes=\"auto, (max-width: 1024px) 100vw, 1024px\" \/><\/figure>\n\n\n\n<p>16:00 hs. Grupo de Editoriales autogestivas de Jun\u00edn y San Mart\u00edn\/A (C. Venturini, V. Mena C Mazzardi, M. Martha Paz, Sabina N\u00f3, J Marc\u00f3. A. Jerom\u00edn, S. Avila). Mesa redonda &#8220;M\u00ednima Muestra&#8221;.<\/p>\n\n\n\n<figure class=\"wp-block-image size-large\"><img loading=\"lazy\" decoding=\"async\" width=\"1024\" height=\"1024\" src=\"https:\/\/cultura.sma.gob.ar\/wp-content\/uploads\/2023\/10\/Minima-muestra-1-1024x1024.jpg\" alt=\"\" class=\"wp-image-5030\" srcset=\"https:\/\/cultura.sma.gob.ar\/wp-content\/uploads\/2023\/10\/Minima-muestra-1-1024x1024.jpg 1024w, https:\/\/cultura.sma.gob.ar\/wp-content\/uploads\/2023\/10\/Minima-muestra-1-300x300.jpg 300w, https:\/\/cultura.sma.gob.ar\/wp-content\/uploads\/2023\/10\/Minima-muestra-1-150x150.jpg 150w, https:\/\/cultura.sma.gob.ar\/wp-content\/uploads\/2023\/10\/Minima-muestra-1-768x768.jpg 768w, https:\/\/cultura.sma.gob.ar\/wp-content\/uploads\/2023\/10\/Minima-muestra-1-90x90.jpg 90w, https:\/\/cultura.sma.gob.ar\/wp-content\/uploads\/2023\/10\/Minima-muestra-1.jpg 1080w\" sizes=\"auto, (max-width: 1024px) 100vw, 1024px\" \/><\/figure>\n\n\n\n<p>17:00 hs. Jerem\u00edas Neumeyer y Hugo Hoffmann. Presentaci\u00f3n del libro &#8220;Dios entre nosotros&#8221;.<\/p>\n\n\n\n<figure class=\"wp-block-image size-large\"><img loading=\"lazy\" decoding=\"async\" width=\"1024\" height=\"1024\" src=\"https:\/\/cultura.sma.gob.ar\/wp-content\/uploads\/2023\/10\/Dios-entre-nosotros.-1-1024x1024.jpg\" alt=\"\" class=\"wp-image-5031\" srcset=\"https:\/\/cultura.sma.gob.ar\/wp-content\/uploads\/2023\/10\/Dios-entre-nosotros.-1-1024x1024.jpg 1024w, https:\/\/cultura.sma.gob.ar\/wp-content\/uploads\/2023\/10\/Dios-entre-nosotros.-1-300x300.jpg 300w, https:\/\/cultura.sma.gob.ar\/wp-content\/uploads\/2023\/10\/Dios-entre-nosotros.-1-150x150.jpg 150w, https:\/\/cultura.sma.gob.ar\/wp-content\/uploads\/2023\/10\/Dios-entre-nosotros.-1-768x768.jpg 768w, https:\/\/cultura.sma.gob.ar\/wp-content\/uploads\/2023\/10\/Dios-entre-nosotros.-1-90x90.jpg 90w, https:\/\/cultura.sma.gob.ar\/wp-content\/uploads\/2023\/10\/Dios-entre-nosotros.-1.jpg 1080w\" sizes=\"auto, (max-width: 1024px) 100vw, 1024px\" \/><\/figure>\n\n\n\n<p>17:30 hs. Graciela R\u00edos Lobos. Presentaci\u00f3n del libro &#8220;Tan cerca del cielo&#8221;.<\/p>\n\n\n\n<figure class=\"wp-block-image size-large\"><img loading=\"lazy\" decoding=\"async\" width=\"1024\" height=\"1024\" src=\"https:\/\/cultura.sma.gob.ar\/wp-content\/uploads\/2023\/10\/Tan-cerca-del-cielo-1-1024x1024.jpg\" alt=\"\" class=\"wp-image-5032\" srcset=\"https:\/\/cultura.sma.gob.ar\/wp-content\/uploads\/2023\/10\/Tan-cerca-del-cielo-1-1024x1024.jpg 1024w, https:\/\/cultura.sma.gob.ar\/wp-content\/uploads\/2023\/10\/Tan-cerca-del-cielo-1-300x300.jpg 300w, https:\/\/cultura.sma.gob.ar\/wp-content\/uploads\/2023\/10\/Tan-cerca-del-cielo-1-150x150.jpg 150w, https:\/\/cultura.sma.gob.ar\/wp-content\/uploads\/2023\/10\/Tan-cerca-del-cielo-1-768x768.jpg 768w, https:\/\/cultura.sma.gob.ar\/wp-content\/uploads\/2023\/10\/Tan-cerca-del-cielo-1-90x90.jpg 90w, https:\/\/cultura.sma.gob.ar\/wp-content\/uploads\/2023\/10\/Tan-cerca-del-cielo-1.jpg 1080w\" sizes=\"auto, (max-width: 1024px) 100vw, 1024px\" \/><\/figure>\n\n\n\n<p>18:00 hs. Graciela R\u00edos Lobos. Presentaci\u00f3n del libro &#8220;Mujeres Heridas. Relatos de Malvinas en femenino&#8221;.<\/p>\n\n\n\n<figure class=\"wp-block-image size-large\"><img loading=\"lazy\" decoding=\"async\" width=\"1024\" height=\"1024\" src=\"https:\/\/cultura.sma.gob.ar\/wp-content\/uploads\/2023\/10\/Mujeres-Heridas-1-1024x1024.jpg\" alt=\"\" class=\"wp-image-5033\" srcset=\"https:\/\/cultura.sma.gob.ar\/wp-content\/uploads\/2023\/10\/Mujeres-Heridas-1-1024x1024.jpg 1024w, https:\/\/cultura.sma.gob.ar\/wp-content\/uploads\/2023\/10\/Mujeres-Heridas-1-300x300.jpg 300w, https:\/\/cultura.sma.gob.ar\/wp-content\/uploads\/2023\/10\/Mujeres-Heridas-1-150x150.jpg 150w, https:\/\/cultura.sma.gob.ar\/wp-content\/uploads\/2023\/10\/Mujeres-Heridas-1-768x768.jpg 768w, https:\/\/cultura.sma.gob.ar\/wp-content\/uploads\/2023\/10\/Mujeres-Heridas-1-90x90.jpg 90w, https:\/\/cultura.sma.gob.ar\/wp-content\/uploads\/2023\/10\/Mujeres-Heridas-1.jpg 1080w\" sizes=\"auto, (max-width: 1024px) 100vw, 1024px\" \/><\/figure>\n\n\n\n<p>18:30 hs. Cristian Ferrari. Presentaci\u00f3n del libro &#8220;M\u00fasica interior&#8221;.<\/p>\n\n\n\n<figure class=\"wp-block-image size-large\"><img loading=\"lazy\" decoding=\"async\" width=\"1024\" height=\"1024\" src=\"https:\/\/cultura.sma.gob.ar\/wp-content\/uploads\/2023\/10\/Musica-Interior-1024x1024.jpg\" alt=\"\" class=\"wp-image-5034\" srcset=\"https:\/\/cultura.sma.gob.ar\/wp-content\/uploads\/2023\/10\/Musica-Interior-1024x1024.jpg 1024w, https:\/\/cultura.sma.gob.ar\/wp-content\/uploads\/2023\/10\/Musica-Interior-300x300.jpg 300w, https:\/\/cultura.sma.gob.ar\/wp-content\/uploads\/2023\/10\/Musica-Interior-150x150.jpg 150w, https:\/\/cultura.sma.gob.ar\/wp-content\/uploads\/2023\/10\/Musica-Interior-768x768.jpg 768w, https:\/\/cultura.sma.gob.ar\/wp-content\/uploads\/2023\/10\/Musica-Interior-90x90.jpg 90w, https:\/\/cultura.sma.gob.ar\/wp-content\/uploads\/2023\/10\/Musica-Interior.jpg 1080w\" sizes=\"auto, (max-width: 1024px) 100vw, 1024px\" \/><\/figure>\n\n\n\n<p>19:30 hs. Cristina Rafanelli. Presentaci\u00f3n del libro &#8220;La leyenda de Millakura&#8221;. <\/p>\n\n\n\n<figure class=\"wp-block-image size-large\"><img loading=\"lazy\" decoding=\"async\" width=\"1024\" height=\"1024\" src=\"https:\/\/cultura.sma.gob.ar\/wp-content\/uploads\/2023\/10\/Millakura-1024x1024.jpg\" alt=\"\" class=\"wp-image-5035\" srcset=\"https:\/\/cultura.sma.gob.ar\/wp-content\/uploads\/2023\/10\/Millakura-1024x1024.jpg 1024w, https:\/\/cultura.sma.gob.ar\/wp-content\/uploads\/2023\/10\/Millakura-300x300.jpg 300w, https:\/\/cultura.sma.gob.ar\/wp-content\/uploads\/2023\/10\/Millakura-150x150.jpg 150w, https:\/\/cultura.sma.gob.ar\/wp-content\/uploads\/2023\/10\/Millakura-768x768.jpg 768w, https:\/\/cultura.sma.gob.ar\/wp-content\/uploads\/2023\/10\/Millakura-90x90.jpg 90w, https:\/\/cultura.sma.gob.ar\/wp-content\/uploads\/2023\/10\/Millakura.jpg 1080w\" sizes=\"auto, (max-width: 1024px) 100vw, 1024px\" \/><\/figure>\n\n\n\n<p>20:00 hs. Rodrigo \u00abRongo\u00bb Zavala. Presentaci\u00f3n del libro &#8220;Picaduras de escorpi\u00f3n&#8221;. Organiza: Ediciones de La Grieta.<\/p>\n\n\n\n<figure class=\"wp-block-image size-large\"><img loading=\"lazy\" decoding=\"async\" width=\"1024\" height=\"1024\" src=\"https:\/\/cultura.sma.gob.ar\/wp-content\/uploads\/2023\/10\/La-Picadura-del-Escorpion-1024x1024.jpg\" alt=\"\" class=\"wp-image-5036\" srcset=\"https:\/\/cultura.sma.gob.ar\/wp-content\/uploads\/2023\/10\/La-Picadura-del-Escorpion-1024x1024.jpg 1024w, https:\/\/cultura.sma.gob.ar\/wp-content\/uploads\/2023\/10\/La-Picadura-del-Escorpion-300x300.jpg 300w, https:\/\/cultura.sma.gob.ar\/wp-content\/uploads\/2023\/10\/La-Picadura-del-Escorpion-150x150.jpg 150w, https:\/\/cultura.sma.gob.ar\/wp-content\/uploads\/2023\/10\/La-Picadura-del-Escorpion-768x768.jpg 768w, https:\/\/cultura.sma.gob.ar\/wp-content\/uploads\/2023\/10\/La-Picadura-del-Escorpion-90x90.jpg 90w, https:\/\/cultura.sma.gob.ar\/wp-content\/uploads\/2023\/10\/La-Picadura-del-Escorpion.jpg 1080w\" sizes=\"auto, (max-width: 1024px) 100vw, 1024px\" \/><\/figure>\n\n\n\n<p>20:30 hs. Pablo Ramos. Charla con el autor. Organiza: BP Ruca Trabun.<\/p>\n\n\n\n<figure class=\"wp-block-image size-large\"><img loading=\"lazy\" decoding=\"async\" width=\"1024\" height=\"1024\" src=\"https:\/\/cultura.sma.gob.ar\/wp-content\/uploads\/2023\/10\/Pablo-Ramos.-Charla-con-el-autor.-AUDITORIO-FRL-1-1024x1024.png\" alt=\"\" class=\"wp-image-5037\" srcset=\"https:\/\/cultura.sma.gob.ar\/wp-content\/uploads\/2023\/10\/Pablo-Ramos.-Charla-con-el-autor.-AUDITORIO-FRL-1-1024x1024.png 1024w, https:\/\/cultura.sma.gob.ar\/wp-content\/uploads\/2023\/10\/Pablo-Ramos.-Charla-con-el-autor.-AUDITORIO-FRL-1-300x300.png 300w, https:\/\/cultura.sma.gob.ar\/wp-content\/uploads\/2023\/10\/Pablo-Ramos.-Charla-con-el-autor.-AUDITORIO-FRL-1-150x150.png 150w, https:\/\/cultura.sma.gob.ar\/wp-content\/uploads\/2023\/10\/Pablo-Ramos.-Charla-con-el-autor.-AUDITORIO-FRL-1-768x768.png 768w, https:\/\/cultura.sma.gob.ar\/wp-content\/uploads\/2023\/10\/Pablo-Ramos.-Charla-con-el-autor.-AUDITORIO-FRL-1-90x90.png 90w, https:\/\/cultura.sma.gob.ar\/wp-content\/uploads\/2023\/10\/Pablo-Ramos.-Charla-con-el-autor.-AUDITORIO-FRL-1.png 1080w\" sizes=\"auto, (max-width: 1024px) 100vw, 1024px\" \/><\/figure>\n","protected":false},"excerpt":{"rendered":"<p>\u2666 DOMINGO 8 15:00 hs. Carolina Lavagnino, Ana Mar\u00eda de Mena y Liliana Anfuso. Conferencia &#8220;Cien a\u00f1os de la primera capilla&#8221;. Organiza: Parroquia San Jos\u00e9. 16:00 hs. Grupo de Editoriales autogestivas de Jun\u00edn y San Mart\u00edn\/A (C. Venturini, V. Mena C Mazzardi, M. Martha Paz, Sabina N\u00f3, J Marc\u00f3. A. Jerom\u00edn, S. Avila). Mesa redonda &#8220;M\u00ednima Muestra&#8221;. 17:00 hs. Jerem\u00edas Neumeyer y Hugo Hoffmann. Presentaci\u00f3n &hellip; <a href=\"https:\/\/cultura.sma.gob.ar\/?p=4970\" class=\"more-link\">Continue reading <span class=\"screen-reader-text\">17\u00b0 Feria Regional del Libro: domingo 8 de octubre<\/span><\/a><\/p>\n","protected":false},"author":1,"featured_media":296,"comment_status":"closed","ping_status":"","sticky":false,"template":"","format":"image","meta":{"footnotes":""},"categories":[3],"tags":[],"class_list":["post-4970","post","type-post","status-publish","format-image","has-post-thumbnail","hentry","category-eventos-cultura","post_format-post-format-image"],"_links":{"self":[{"href":"https:\/\/cultura.sma.gob.ar\/index.php?rest_route=\/wp\/v2\/posts\/4970","targetHints":{"allow":["GET"]}}],"collection":[{"href":"https:\/\/cultura.sma.gob.ar\/index.php?rest_route=\/wp\/v2\/posts"}],"about":[{"href":"https:\/\/cultura.sma.gob.ar\/index.php?rest_route=\/wp\/v2\/types\/post"}],"author":[{"embeddable":true,"href":"https:\/\/cultura.sma.gob.ar\/index.php?rest_route=\/wp\/v2\/users\/1"}],"replies":[{"embeddable":true,"href":"https:\/\/cultura.sma.gob.ar\/index.php?rest_route=%2Fwp%2Fv2%2Fcomments&post=4970"}],"version-history":[{"count":3,"href":"https:\/\/cultura.sma.gob.ar\/index.php?rest_route=\/wp\/v2\/posts\/4970\/revisions"}],"predecessor-version":[{"id":5038,"href":"https:\/\/cultura.sma.gob.ar\/index.php?rest_route=\/wp\/v2\/posts\/4970\/revisions\/5038"}],"wp:featuredmedia":[{"embeddable":true,"href":"https:\/\/cultura.sma.gob.ar\/index.php?rest_route=\/wp\/v2\/media\/296"}],"wp:attachment":[{"href":"https:\/\/cultura.sma.gob.ar\/index.php?rest_route=%2Fwp%2Fv2%2Fmedia&parent=4970"}],"wp:term":[{"taxonomy":"category","embeddable":true,"href":"https:\/\/cultura.sma.gob.ar\/index.php?rest_route=%2Fwp%2Fv2%2Fcategories&post=4970"},{"taxonomy":"post_tag","embeddable":true,"href":"https:\/\/cultura.sma.gob.ar\/index.php?rest_route=%2Fwp%2Fv2%2Ftags&post=4970"}],"curies":[{"name":"wp","href":"https:\/\/api.w.org\/{rel}","templated":true}]}}