{"id":4968,"date":"2023-10-04T11:17:09","date_gmt":"2023-10-04T14:17:09","guid":{"rendered":"http:\/\/cultura.sma.gob.ar\/?p=4968"},"modified":"2023-10-04T20:11:45","modified_gmt":"2023-10-04T23:11:45","slug":"17-feria-regional-del-libro-sabado-7-de-octubre","status":"publish","type":"post","link":"https:\/\/cultura.sma.gob.ar\/?p=4968","title":{"rendered":"17\u00b0 Feria Regional del Libro: S\u00e1bado 7 de octubre"},"content":{"rendered":"\n<figure class=\"wp-block-image size-large\"><img loading=\"lazy\" decoding=\"async\" width=\"541\" height=\"395\" src=\"http:\/\/cultura.sma.gob.ar\/wp-content\/uploads\/2023\/10\/SMA-GE0008-Feria-del-Libro-PROGRAMA-OUT-03-1.jpg\" alt=\"\" class=\"wp-image-4986\" srcset=\"https:\/\/cultura.sma.gob.ar\/wp-content\/uploads\/2023\/10\/SMA-GE0008-Feria-del-Libro-PROGRAMA-OUT-03-1.jpg 541w, https:\/\/cultura.sma.gob.ar\/wp-content\/uploads\/2023\/10\/SMA-GE0008-Feria-del-Libro-PROGRAMA-OUT-03-1-300x219.jpg 300w, https:\/\/cultura.sma.gob.ar\/wp-content\/uploads\/2023\/10\/SMA-GE0008-Feria-del-Libro-PROGRAMA-OUT-03-1-123x90.jpg 123w\" sizes=\"auto, (max-width: 541px) 100vw, 541px\" \/><\/figure>\n\n\n\n<p>\u2666 S\u00c1BADO 7 <\/p>\n\n\n\n<p>18:30 hs. Presentaci\u00f3n de la &#8220;Orquesta Escuela de los Andes&#8221;. Organiza: Subsecretar\u00eda de Educaci\u00f3n. <\/p>\n\n\n\n<figure class=\"wp-block-image size-large\"><img loading=\"lazy\" decoding=\"async\" width=\"1024\" height=\"1024\" src=\"https:\/\/cultura.sma.gob.ar\/wp-content\/uploads\/2023\/10\/Apertura-Orquesta-Escuela-7-7-AUDITORIO-FRL-1024x1024.png\" alt=\"\" class=\"wp-image-5025\" srcset=\"https:\/\/cultura.sma.gob.ar\/wp-content\/uploads\/2023\/10\/Apertura-Orquesta-Escuela-7-7-AUDITORIO-FRL-1024x1024.png 1024w, https:\/\/cultura.sma.gob.ar\/wp-content\/uploads\/2023\/10\/Apertura-Orquesta-Escuela-7-7-AUDITORIO-FRL-300x300.png 300w, https:\/\/cultura.sma.gob.ar\/wp-content\/uploads\/2023\/10\/Apertura-Orquesta-Escuela-7-7-AUDITORIO-FRL-150x150.png 150w, https:\/\/cultura.sma.gob.ar\/wp-content\/uploads\/2023\/10\/Apertura-Orquesta-Escuela-7-7-AUDITORIO-FRL-768x768.png 768w, https:\/\/cultura.sma.gob.ar\/wp-content\/uploads\/2023\/10\/Apertura-Orquesta-Escuela-7-7-AUDITORIO-FRL-90x90.png 90w, https:\/\/cultura.sma.gob.ar\/wp-content\/uploads\/2023\/10\/Apertura-Orquesta-Escuela-7-7-AUDITORIO-FRL.png 1080w\" sizes=\"auto, (max-width: 1024px) 100vw, 1024px\" \/><\/figure>\n\n\n\n<p>19:00 hs. Acto de inauguraci\u00f3n de la 17\u00b0 Feria Regional del Libro.<\/p>\n\n\n\n<p>19:30 hs. Sr. Gustavo Santos. Lic. Alejandra Muriel Lema. Lic. Federico Peralta Godoy. Presentaci\u00f3n del folleto &#8220;San Martin de los Andes. Arquitectura de un pueblo de monta\u00f1a&#8221;. Organiza: Secretar\u00eda de Cultura y Educaci\u00f3n.<\/p>\n\n\n\n<figure class=\"wp-block-image size-large\"><img loading=\"lazy\" decoding=\"async\" width=\"1024\" height=\"1024\" src=\"https:\/\/cultura.sma.gob.ar\/wp-content\/uploads\/2023\/10\/Folleto-Arquitectura-de-Montana-Auditorio-FRL-1024x1024.png\" alt=\"\" class=\"wp-image-5026\" srcset=\"https:\/\/cultura.sma.gob.ar\/wp-content\/uploads\/2023\/10\/Folleto-Arquitectura-de-Montana-Auditorio-FRL-1024x1024.png 1024w, https:\/\/cultura.sma.gob.ar\/wp-content\/uploads\/2023\/10\/Folleto-Arquitectura-de-Montana-Auditorio-FRL-300x300.png 300w, https:\/\/cultura.sma.gob.ar\/wp-content\/uploads\/2023\/10\/Folleto-Arquitectura-de-Montana-Auditorio-FRL-150x150.png 150w, https:\/\/cultura.sma.gob.ar\/wp-content\/uploads\/2023\/10\/Folleto-Arquitectura-de-Montana-Auditorio-FRL-768x768.png 768w, https:\/\/cultura.sma.gob.ar\/wp-content\/uploads\/2023\/10\/Folleto-Arquitectura-de-Montana-Auditorio-FRL-90x90.png 90w, https:\/\/cultura.sma.gob.ar\/wp-content\/uploads\/2023\/10\/Folleto-Arquitectura-de-Montana-Auditorio-FRL.png 1080w\" sizes=\"auto, (max-width: 1024px) 100vw, 1024px\" \/><\/figure>\n\n\n\n<p>20:30 hs. Guillermo Mart\u00ednez. Presentaci\u00f3n del libro &#8220;La \u00faltima vez&#8221;. Organiza: Comisi\u00f3n FRL, BP La Cascada.<\/p>\n\n\n\n<figure class=\"wp-block-image size-large\"><img loading=\"lazy\" decoding=\"async\" width=\"1024\" height=\"1024\" src=\"https:\/\/cultura.sma.gob.ar\/wp-content\/uploads\/2023\/10\/Guillermo-Martinez-AUDITORIO-FRL-1-1024x1024.png\" alt=\"\" class=\"wp-image-5027\" srcset=\"https:\/\/cultura.sma.gob.ar\/wp-content\/uploads\/2023\/10\/Guillermo-Martinez-AUDITORIO-FRL-1-1024x1024.png 1024w, https:\/\/cultura.sma.gob.ar\/wp-content\/uploads\/2023\/10\/Guillermo-Martinez-AUDITORIO-FRL-1-300x300.png 300w, https:\/\/cultura.sma.gob.ar\/wp-content\/uploads\/2023\/10\/Guillermo-Martinez-AUDITORIO-FRL-1-150x150.png 150w, https:\/\/cultura.sma.gob.ar\/wp-content\/uploads\/2023\/10\/Guillermo-Martinez-AUDITORIO-FRL-1-768x768.png 768w, https:\/\/cultura.sma.gob.ar\/wp-content\/uploads\/2023\/10\/Guillermo-Martinez-AUDITORIO-FRL-1-90x90.png 90w, https:\/\/cultura.sma.gob.ar\/wp-content\/uploads\/2023\/10\/Guillermo-Martinez-AUDITORIO-FRL-1.png 1080w\" sizes=\"auto, (max-width: 1024px) 100vw, 1024px\" \/><\/figure>\n","protected":false},"excerpt":{"rendered":"<p>\u2666 S\u00c1BADO 7 18:30 hs. Presentaci\u00f3n de la &#8220;Orquesta Escuela de los Andes&#8221;. Organiza: Subsecretar\u00eda de Educaci\u00f3n. 19:00 hs. Acto de inauguraci\u00f3n de la 17\u00b0 Feria Regional del Libro. 19:30 hs. Sr. Gustavo Santos. Lic. Alejandra Muriel Lema. Lic. Federico Peralta Godoy. Presentaci\u00f3n del folleto &#8220;San Martin de los Andes. Arquitectura de un pueblo de monta\u00f1a&#8221;. Organiza: Secretar\u00eda de Cultura y Educaci\u00f3n. 20:30 hs. Guillermo &hellip; <a href=\"https:\/\/cultura.sma.gob.ar\/?p=4968\" class=\"more-link\">Continue reading <span class=\"screen-reader-text\">17\u00b0 Feria Regional del Libro: S\u00e1bado 7 de octubre<\/span><\/a><\/p>\n","protected":false},"author":1,"featured_media":296,"comment_status":"closed","ping_status":"","sticky":false,"template":"","format":"image","meta":{"footnotes":""},"categories":[3],"tags":[],"class_list":["post-4968","post","type-post","status-publish","format-image","has-post-thumbnail","hentry","category-eventos-cultura","post_format-post-format-image"],"_links":{"self":[{"href":"https:\/\/cultura.sma.gob.ar\/index.php?rest_route=\/wp\/v2\/posts\/4968","targetHints":{"allow":["GET"]}}],"collection":[{"href":"https:\/\/cultura.sma.gob.ar\/index.php?rest_route=\/wp\/v2\/posts"}],"about":[{"href":"https:\/\/cultura.sma.gob.ar\/index.php?rest_route=\/wp\/v2\/types\/post"}],"author":[{"embeddable":true,"href":"https:\/\/cultura.sma.gob.ar\/index.php?rest_route=\/wp\/v2\/users\/1"}],"replies":[{"embeddable":true,"href":"https:\/\/cultura.sma.gob.ar\/index.php?rest_route=%2Fwp%2Fv2%2Fcomments&post=4968"}],"version-history":[{"count":4,"href":"https:\/\/cultura.sma.gob.ar\/index.php?rest_route=\/wp\/v2\/posts\/4968\/revisions"}],"predecessor-version":[{"id":5028,"href":"https:\/\/cultura.sma.gob.ar\/index.php?rest_route=\/wp\/v2\/posts\/4968\/revisions\/5028"}],"wp:featuredmedia":[{"embeddable":true,"href":"https:\/\/cultura.sma.gob.ar\/index.php?rest_route=\/wp\/v2\/media\/296"}],"wp:attachment":[{"href":"https:\/\/cultura.sma.gob.ar\/index.php?rest_route=%2Fwp%2Fv2%2Fmedia&parent=4968"}],"wp:term":[{"taxonomy":"category","embeddable":true,"href":"https:\/\/cultura.sma.gob.ar\/index.php?rest_route=%2Fwp%2Fv2%2Fcategories&post=4968"},{"taxonomy":"post_tag","embeddable":true,"href":"https:\/\/cultura.sma.gob.ar\/index.php?rest_route=%2Fwp%2Fv2%2Ftags&post=4968"}],"curies":[{"name":"wp","href":"https:\/\/api.w.org\/{rel}","templated":true}]}}