{"id":4966,"date":"2023-10-04T11:33:30","date_gmt":"2023-10-04T14:33:30","guid":{"rendered":"http:\/\/cultura.sma.gob.ar\/?p=4966"},"modified":"2023-10-04T19:51:08","modified_gmt":"2023-10-04T22:51:08","slug":"17-feria-regional-del-libro-actividades-dia-por-dia","status":"publish","type":"post","link":"https:\/\/cultura.sma.gob.ar\/?p=4966","title":{"rendered":"17\u00b0 Feria Regional del Libro: Actividades d\u00eda por d\u00eda"},"content":{"rendered":"\n<figure class=\"wp-block-image size-large\"><img loading=\"lazy\" decoding=\"async\" width=\"1024\" height=\"1024\" src=\"http:\/\/cultura.sma.gob.ar\/wp-content\/uploads\/2023\/10\/SMA-GE0008-Feria-del-Libro-RRSS_1x1-1024x1024.jpg\" alt=\"\" class=\"wp-image-4967\" srcset=\"https:\/\/cultura.sma.gob.ar\/wp-content\/uploads\/2023\/10\/SMA-GE0008-Feria-del-Libro-RRSS_1x1-1024x1024.jpg 1024w, https:\/\/cultura.sma.gob.ar\/wp-content\/uploads\/2023\/10\/SMA-GE0008-Feria-del-Libro-RRSS_1x1-300x300.jpg 300w, https:\/\/cultura.sma.gob.ar\/wp-content\/uploads\/2023\/10\/SMA-GE0008-Feria-del-Libro-RRSS_1x1-150x150.jpg 150w, https:\/\/cultura.sma.gob.ar\/wp-content\/uploads\/2023\/10\/SMA-GE0008-Feria-del-Libro-RRSS_1x1-768x768.jpg 768w, https:\/\/cultura.sma.gob.ar\/wp-content\/uploads\/2023\/10\/SMA-GE0008-Feria-del-Libro-RRSS_1x1-1536x1536.jpg 1536w, https:\/\/cultura.sma.gob.ar\/wp-content\/uploads\/2023\/10\/SMA-GE0008-Feria-del-Libro-RRSS_1x1-2048x2048.jpg 2048w, https:\/\/cultura.sma.gob.ar\/wp-content\/uploads\/2023\/10\/SMA-GE0008-Feria-del-Libro-RRSS_1x1-90x90.jpg 90w\" sizes=\"auto, (max-width: 1024px) 100vw, 1024px\" \/><\/figure>\n\n\n\n<p>Ingres\u00e1 a cada fecha para saber las actividades que podr\u00e1s disfrutar:<\/p>\n\n\n\n<p><a href=\"http:\/\/cultura.sma.gob.ar\/2023\/10\/04\/17-feria-regional-del-libro-sabado-7-de-octubre\/\">S\u00e1bado 7 de octubre<\/a><\/p>\n\n\n\n<p><a href=\"http:\/\/cultura.sma.gob.ar\/2023\/10\/04\/17-feria-regional-del-libro-domingo-8-de-octubre\/\">Domingo 8 de octubre<\/a><\/p>\n\n\n\n<p><a href=\"http:\/\/cultura.sma.gob.ar\/2023\/10\/04\/17-feria-regional-del-libro-lunes-9-de-octubre\/\">Lunes 9 de octubre<\/a><\/p>\n\n\n\n<p><a href=\"http:\/\/cultura.sma.gob.ar\/2023\/10\/04\/17-feria-regional-del-libro-martes-10-de-octubre\/\">Martes 10 de octubre<\/a><\/p>\n\n\n\n<p><a href=\"http:\/\/cultura.sma.gob.ar\/2023\/10\/04\/17-feria-regional-del-libro-miercoles-11-de-octubre\/\">Mi\u00e9rcoles 11 de octubre<\/a><\/p>\n\n\n\n<p><a href=\"http:\/\/cultura.sma.gob.ar\/2023\/10\/04\/17-feria-regional-del-libro-jueves-12-de-octubre\/\">Jueves 12 de octubre<\/a><\/p>\n\n\n\n<p><a href=\"http:\/\/cultura.sma.gob.ar\/2023\/10\/04\/17-feria-regional-del-libro-viernes-13-de-octubre\/\">Viernes 13 de octubre<\/a><\/p>\n\n\n\n<p><a href=\"http:\/\/cultura.sma.gob.ar\/2023\/10\/04\/17-feria-regional-del-libro-sabado-14-de-octubre\/\">S\u00e1bado 14 de octubre<\/a><\/p>\n\n\n\n<p><a href=\"https:\/\/cultura.sma.gob.ar\/2023\/10\/04\/17-feria-regional-del-libro-actividades-anexas\/\">Actividades anexas del 6 al 14 de octubre<\/a><\/p>\n","protected":false},"excerpt":{"rendered":"<p>Ingres\u00e1 a cada fecha para saber las actividades que podr\u00e1s disfrutar: S\u00e1bado 7 de octubre Domingo 8 de octubre Lunes 9 de octubre Martes 10 de octubre Mi\u00e9rcoles 11 de octubre Jueves 12 de octubre Viernes 13 de octubre S\u00e1bado 14 de octubre Actividades anexas del 6 al 14 de octubre <a href=\"https:\/\/cultura.sma.gob.ar\/?p=4966\" class=\"more-link\">Continue reading <span class=\"screen-reader-text\">17\u00b0 Feria Regional del Libro: Actividades d\u00eda por d\u00eda<\/span><\/a><\/p>\n","protected":false},"author":1,"featured_media":296,"comment_status":"closed","ping_status":"","sticky":false,"template":"","format":"image","meta":{"footnotes":""},"categories":[3,9],"tags":[],"class_list":["post-4966","post","type-post","status-publish","format-image","has-post-thumbnail","hentry","category-eventos-cultura","category-ultimas-noticias","post_format-post-format-image"],"_links":{"self":[{"href":"https:\/\/cultura.sma.gob.ar\/index.php?rest_route=\/wp\/v2\/posts\/4966","targetHints":{"allow":["GET"]}}],"collection":[{"href":"https:\/\/cultura.sma.gob.ar\/index.php?rest_route=\/wp\/v2\/posts"}],"about":[{"href":"https:\/\/cultura.sma.gob.ar\/index.php?rest_route=\/wp\/v2\/types\/post"}],"author":[{"embeddable":true,"href":"https:\/\/cultura.sma.gob.ar\/index.php?rest_route=\/wp\/v2\/users\/1"}],"replies":[{"embeddable":true,"href":"https:\/\/cultura.sma.gob.ar\/index.php?rest_route=%2Fwp%2Fv2%2Fcomments&post=4966"}],"version-history":[{"count":2,"href":"https:\/\/cultura.sma.gob.ar\/index.php?rest_route=\/wp\/v2\/posts\/4966\/revisions"}],"predecessor-version":[{"id":5012,"href":"https:\/\/cultura.sma.gob.ar\/index.php?rest_route=\/wp\/v2\/posts\/4966\/revisions\/5012"}],"wp:featuredmedia":[{"embeddable":true,"href":"https:\/\/cultura.sma.gob.ar\/index.php?rest_route=\/wp\/v2\/media\/296"}],"wp:attachment":[{"href":"https:\/\/cultura.sma.gob.ar\/index.php?rest_route=%2Fwp%2Fv2%2Fmedia&parent=4966"}],"wp:term":[{"taxonomy":"category","embeddable":true,"href":"https:\/\/cultura.sma.gob.ar\/index.php?rest_route=%2Fwp%2Fv2%2Fcategories&post=4966"},{"taxonomy":"post_tag","embeddable":true,"href":"https:\/\/cultura.sma.gob.ar\/index.php?rest_route=%2Fwp%2Fv2%2Ftags&post=4966"}],"curies":[{"name":"wp","href":"https:\/\/api.w.org\/{rel}","templated":true}]}}