{"id":4945,"date":"2023-09-30T11:32:11","date_gmt":"2023-09-30T14:32:11","guid":{"rendered":"http:\/\/cultura.sma.gob.ar\/?p=4945"},"modified":"2023-10-02T19:59:39","modified_gmt":"2023-10-02T22:59:39","slug":"feria-del-libro-chicos-y-chicas-de-primaria-participaran-como-escritoras-y-escritores","status":"publish","type":"post","link":"https:\/\/cultura.sma.gob.ar\/?p=4945","title":{"rendered":"Feria del Libro: chicos y chicas de primaria participar\u00e1n como escritoras y escritores"},"content":{"rendered":"\n<figure class=\"wp-block-image size-large\"><img loading=\"lazy\" decoding=\"async\" width=\"400\" height=\"322\" src=\"http:\/\/cultura.sma.gob.ar\/wp-content\/uploads\/2023\/09\/ninxs-en-la-escuela-Belen-Neira.jpg\" alt=\"\" class=\"wp-image-4946\" srcset=\"https:\/\/cultura.sma.gob.ar\/wp-content\/uploads\/2023\/09\/ninxs-en-la-escuela-Belen-Neira.jpg 400w, https:\/\/cultura.sma.gob.ar\/wp-content\/uploads\/2023\/09\/ninxs-en-la-escuela-Belen-Neira-300x242.jpg 300w, https:\/\/cultura.sma.gob.ar\/wp-content\/uploads\/2023\/09\/ninxs-en-la-escuela-Belen-Neira-112x90.jpg 112w\" sizes=\"auto, (max-width: 400px) 100vw, 400px\" \/><\/figure>\n\n\n\n<p>La 17\u00aa Feria Regional del Libro que se realizar\u00e1 en nuestra ciudad del 7 al 14 de octubre contar\u00e1 con m\u00e1s de 100 actividades, entre presentaciones de libros, mesas redondas, conferencias y talleres, tanto en el auditorio como en bibliotecas populares, Espacio Trama, ATEN e ISFD N\u00ba3<\/p>\n\n\n\n<p>Como todos los a\u00f1os habr\u00e1 actividades destinadas a infancias y adolescencias en horario escolar, pero en esta oportunidad la novedad es que chicos y chicas de escuelas primarias participar\u00e1n tambi\u00e9n como escritores y escritoras a trav\u00e9s del proyecto \u201c1,2,3 literatura en acci\u00f3n\u201d.<\/p>\n\n\n\n<p>Esta propuesta surgi\u00f3 desde Supervisi\u00f3n Escolar Nivel Primario y comprende la participaci\u00f3n de 35 grados de escuelas de nuestra ciudad.<br>Durante el a\u00f1o lectivo cada docente trabaj\u00f3 con sus alumnos un tema literario en particular para finalizar con una presentaci\u00f3n en la 17\u00aa Feria Regional del Libro. De esta forma se promueve la participaci\u00f3n activa de ni\u00f1os y ni\u00f1as como creadores y protagonistas de la escena literaria local.<\/p>\n\n\n\n<p>Las presentaciones de \u201c1,2,3 literatura en acci\u00f3n\u201d en el marco de la Feria se llevar\u00e1n a cabo de acuerdo al siguiente cronograma:<\/p>\n\n\n\n<p>S\u00e1bado 7 de octubre. Espacio Trama (Gral Roca 310)<\/p>\n\n\n\n<p>14:00 hs. 1ro C y D Escuela N\u00ba 5.<br>14:30 hs. 6to C Escuela 274.<br>15:00 hs. 1ro C Escuela N\u00ba 142.<br>15:30 hs. 6to B Escuela N\u00ba 5.<br>16:00 hs. 3ro C Escuela 274.<\/p>\n\n\n\n<p>Lunes 9 de octubre. Auditorio FRL (Cap. Drury 665)<\/p>\n\n\n\n<p>9:00 hs. 4to Escuela N\u00ba 86.<br>9:30 hs 2do A Escuela N\u00ba 179.<br>10:30 hs. 3ro C Escuela N\u00ba 188.<br>13:30 hs. 6to A, B y C Escuela N\u00ba 142.<br>14:00 hs. 1ro B Escuela N\u00ba 179.<br>14:30 hs. 7mo B Escuela N\u00ba 179.<br>15:00 hs. 2do B y 3ero B Escuela N\u00ba 134.<\/p>\n\n\n\n<p>Martes 10 de octubre en Auditorio FRL (Cap. Drury 665)<\/p>\n\n\n\n<p>9:00 hs. 1ro B y C Escuela N\u00ba 188.<br>9:30 hs. 5to A y B Escuela N\u00ba 5.<br>10:00 hs. 2do Escuela N\u00ba 359.<br>10:30 hs. 1ro A Escuela N\u00ba 5.<br>13:30 hs 3ro B Escuela N\u00ba 179.<br>14:00 hs. 6to C Escuela N\u00ba 5.<br>14:30 hs. 3ro A y B Escuela N\u00ba 188.<br>15:00 hs. 7mo C Escuela N\u00ba 5.<\/p>\n\n\n\n<p>Mi\u00e9rcoles 11 de octubre Espacio Trama (Gral Roca 310)<\/p>\n\n\n\n<p>9:30 hs. 2do A Escuela N\u00ba 5.<br>10:00 hs. 2do A y B Escuela N\u00ba 274.<br>10:30 hs. 7mo A Escuela N\u00ba 179.<br>11:00 hs. 6to A Escuela N\u00ba 274.<br>11:30 hs. 2do C Escuela N\u00ba 188.<br>12:00 hs. 5to A Escuela N\u00ba 274.<br>12:30 hs 2 y 3 Ciclo Escuela N\u00ba 155.<br>13:00 hs. 1 Ciclo Escuela N\u00ba 155.<\/p>\n\n\n\n<p>Jueves 12 de octubre en Espacio Trama (Gral Roca 310)<\/p>\n\n\n\n<p>9:30 hs. Inicial y 1er Ciclo Escuela N\u00ba 116.<br>10:00 hs. 2\u00b0 y 3\u00b0 Ciclo Escuela N\u00ba 116.<br>10:30 hs. 5to A Escuela N\u00ba 359.<br>11:00 hs. 7mo A y B Escuela N\u00ba 142.<br>11:30 hs. 1ro A Escuela N\u00ba 134.<br>12:00 hs. 1ro A Escuela N\u00ba 188.<\/p>\n\n\n\n<figure class=\"wp-block-image size-large\"><img loading=\"lazy\" decoding=\"async\" width=\"400\" height=\"471\" src=\"http:\/\/cultura.sma.gob.ar\/wp-content\/uploads\/2023\/09\/123-literatura-en-accion-Belen-Neira.jpg\" alt=\"\" class=\"wp-image-4947\" srcset=\"https:\/\/cultura.sma.gob.ar\/wp-content\/uploads\/2023\/09\/123-literatura-en-accion-Belen-Neira.jpg 400w, https:\/\/cultura.sma.gob.ar\/wp-content\/uploads\/2023\/09\/123-literatura-en-accion-Belen-Neira-255x300.jpg 255w, https:\/\/cultura.sma.gob.ar\/wp-content\/uploads\/2023\/09\/123-literatura-en-accion-Belen-Neira-76x90.jpg 76w\" sizes=\"auto, (max-width: 400px) 100vw, 400px\" \/><\/figure>\n","protected":false},"excerpt":{"rendered":"<p>La 17\u00aa Feria Regional del Libro que se realizar\u00e1 en nuestra ciudad del 7 al 14 de octubre contar\u00e1 con m\u00e1s de 100 actividades, entre presentaciones de libros, mesas redondas, conferencias y talleres, tanto en el auditorio como en bibliotecas populares, Espacio Trama, ATEN e ISFD N\u00ba3 Como todos los a\u00f1os habr\u00e1 actividades destinadas a infancias y adolescencias en horario escolar, pero en esta oportunidad &hellip; <a href=\"https:\/\/cultura.sma.gob.ar\/?p=4945\" class=\"more-link\">Continue reading <span class=\"screen-reader-text\">Feria del Libro: chicos y chicas de primaria participar\u00e1n como escritoras y escritores<\/span><\/a><\/p>\n","protected":false},"author":1,"featured_media":296,"comment_status":"closed","ping_status":"","sticky":false,"template":"","format":"image","meta":{"footnotes":""},"categories":[3,9],"tags":[],"class_list":["post-4945","post","type-post","status-publish","format-image","has-post-thumbnail","hentry","category-eventos-cultura","category-ultimas-noticias","post_format-post-format-image"],"_links":{"self":[{"href":"https:\/\/cultura.sma.gob.ar\/index.php?rest_route=\/wp\/v2\/posts\/4945","targetHints":{"allow":["GET"]}}],"collection":[{"href":"https:\/\/cultura.sma.gob.ar\/index.php?rest_route=\/wp\/v2\/posts"}],"about":[{"href":"https:\/\/cultura.sma.gob.ar\/index.php?rest_route=\/wp\/v2\/types\/post"}],"author":[{"embeddable":true,"href":"https:\/\/cultura.sma.gob.ar\/index.php?rest_route=\/wp\/v2\/users\/1"}],"replies":[{"embeddable":true,"href":"https:\/\/cultura.sma.gob.ar\/index.php?rest_route=%2Fwp%2Fv2%2Fcomments&post=4945"}],"version-history":[{"count":2,"href":"https:\/\/cultura.sma.gob.ar\/index.php?rest_route=\/wp\/v2\/posts\/4945\/revisions"}],"predecessor-version":[{"id":4955,"href":"https:\/\/cultura.sma.gob.ar\/index.php?rest_route=\/wp\/v2\/posts\/4945\/revisions\/4955"}],"wp:featuredmedia":[{"embeddable":true,"href":"https:\/\/cultura.sma.gob.ar\/index.php?rest_route=\/wp\/v2\/media\/296"}],"wp:attachment":[{"href":"https:\/\/cultura.sma.gob.ar\/index.php?rest_route=%2Fwp%2Fv2%2Fmedia&parent=4945"}],"wp:term":[{"taxonomy":"category","embeddable":true,"href":"https:\/\/cultura.sma.gob.ar\/index.php?rest_route=%2Fwp%2Fv2%2Fcategories&post=4945"},{"taxonomy":"post_tag","embeddable":true,"href":"https:\/\/cultura.sma.gob.ar\/index.php?rest_route=%2Fwp%2Fv2%2Ftags&post=4945"}],"curies":[{"name":"wp","href":"https:\/\/api.w.org\/{rel}","templated":true}]}}